{"id":130424,"date":"2013-05-02T00:06:05","date_gmt":"2013-05-02T05:06:05","guid":{"rendered":"http:\/\/www.diarioimagen.net\/?p=130424"},"modified":"2013-05-02T00:20:14","modified_gmt":"2013-05-02T05:20:14","slug":"welcome-back-mr-obama","status":"publish","type":"post","link":"https:\/\/www.diarioimagen.net\/?p=130424","title":{"rendered":"\u00a1Welcome back Mr. Obama!"},"content":{"rendered":"<h2>\u00cdndice pol\u00edtico<\/h2>\n<h5>Francisco Rodr\u00edguez<\/h5>\n<p>&nbsp;<\/p>\n<p>Bienvenido, otra vez, se\u00f1or presidente de los Estados Unidos de Norteam\u00e9rica. Llega usted a mi pa\u00eds en circunstancias muy distintas a las de su primera visita a la capital nacional de los mexicanos, all\u00e1 por abril del 2009, cuando en la residencia presidencial despachaba -\u201chaiga sido como haiga sido\u201d- todo un personaje de la picaresca nacional.<\/p>\n<p>Esta ocasi\u00f3n, por lo que se ha dejado entrever de su agenda de trabajo, no va a bromearnos con analog\u00edas de Elliot Ness, ni tendr\u00e1 en mente cu\u00e1ntas metralletas, municiones, tanques y helic\u00f3pteros va a vender la portentosa industria b\u00e9lica de su pa\u00eds a las autoridades federales de M\u00e9xico, porque el tipo aqu\u00e9l, fascinado con la muerte y con la guerra, por fortuna no est\u00e1 entre nosotros, si no -\u00a1pobre de usted!- en su propio territorio.<\/p>\n<p>Seguro ya le pasaron el reporte, \u00bfverdad mister Obama? Que el enfermo y ahora cobarde personaje ahora dice que \u00e9l no declar\u00f3 la guerra a los narcotraficantes, cuando todos los d\u00edas se refocilaba discurseando sobre ella, incluso en las ceremonias del D\u00eda de las Madres.<\/p>\n<p>No. Nada de balas, muertos ni drogas en la agenda. El suministro de enervantes, para su fortuna y sobre todo para los millones de adictos que hay en su pa\u00eds, est\u00e1 asegurado. Precios estables, adem\u00e1s.<\/p>\n<p>Y es que ahora nos dicen que viene usted a M\u00e9xico a tratar asuntos del desarrollo econ\u00f3mico de ambos pa\u00edses y que, con el presidente Enrique Pe\u00f1a Nieto -tan apapachado ahora por la prensa estadounidense- va a tratar temas relacionados con la reforma migratoria que usted impulsa ante la colina del Capitolio.<\/p>\n<p>No me lo creo del todo, don Barack. No me lo creo.<\/p>\n<p>Para empezar, porque como ya lo expuse aqu\u00ed, hace 20 d\u00edas, su secretario de Estado, John Kerry, ha dicho ante empresarios parisinos que M\u00e9xico, junto con otros pa\u00edses del llamado BRIC son un peligro para Estados Unidos y para los pa\u00edses europeos. Tambi\u00e9n porque nos ha llamado, otra vez, el \u201cpatio trasero\u201d de la naci\u00f3n que usted gobierna desde la Casa Blanca.<\/p>\n<p align=\"center\"><b>\u00a0\u00bfSOCIOS O AMIGOS?<\/b><\/p>\n<p>\u00a0Los primeros cuatro a\u00f1os de su mandato, se\u00f1or Obama, no se caracterizaron por su buen \u00e1nimo hacia nuestro pa\u00eds.<\/p>\n<p>Quiz\u00e1 aprovechando que Felipe Calder\u00f3n \u201cnarcotiz\u00f3\u201d la relaci\u00f3n bilateral, usted convirti\u00f3 a la guerra del michoacano en su propia guerra en contra de las drogas -mero acto cosm\u00e9tico, que s\u00f3lo sirvi\u00f3 y a\u00fan sirve para inundarnos de armas-, minimizando el enorme costo en vidas -m\u00e1s de 70 mil-, desaparecidos y desplazados.<\/p>\n<p>Muy conveniente para usted, por supuesto. Como se dijo muchas veces, era una guerra que se estaba librando en un territorio que no es el suyo y que a usted le daba dividendos y pr\u00e1cticamente cero costos.<\/p>\n<p>Nunca adopt\u00f3 usted medidas contundentes para reducir el tr\u00e1fico de armas hacia M\u00e9xico, y su procurador de Justicia, Eric Holder, estuvo directamente implicado en el fallido operativo R\u00e1pido y Furioso que auspici\u00f3 la venta de miles de armas de alto poder a los narcos mexicanos.<\/p>\n<p>Esa nos la debe.<\/p>\n<p>Tiene tambi\u00e9n usted, se\u00f1or Obama, deudas a\u00fan no pagadas con mis compatriotas que residen en los Estados Unidos. Los mismos que, todos lo saben, le hicieron ganar su reelecci\u00f3n. De acuerdo con la encuesta de salida de The New York Times, 71 por ciento de los latinos votaron por usted en 2012, 4 por ciento m\u00e1s que cuatro a\u00f1os antes. Los latinos hoy constituyen 17 por ciento de la poblaci\u00f3n de EU y 11 por ciento de los votantes; 65% de la poblaci\u00f3n latina se define de origen mexicano. De acuerdo con las proyecciones del Centro de Investigaci\u00f3n Pew, para 2050 \u00fanicamente 47 por ciento de la poblaci\u00f3n ser\u00e1 blanca y hasta 29 por ciento ser\u00e1 hispana.<\/p>\n<p>Y esa deuda, Barack Obama, es porque en sus primeros cuatro a\u00f1os en el 1600 de la avenida Pennsylvania, usted expuls\u00f3 a 1 mill\u00f3n 400 mil inmigrantes, la tasa m\u00e1s elevada de deportaciones de presidente alguno de los Estados Unidos.<\/p>\n<p>Y viene usted ahora con la zanahoria de una legislaci\u00f3n sobre el tema, despu\u00e9s de que ha aplicado el garrote inmisericordemente.<\/p>\n<p>No nos equivocaremos m\u00e1s. Usted no es amigo de M\u00e9xico ni de los mexicanos. Como cualquier pol\u00edtico de cualquier latitud, usted s\u00f3lo ama el poder.<\/p>\n<p>De cualquier forma, sea usted bienvenido, otra vez, a M\u00e9xico. Coincidamos en que nos necesitamos mutuamente, de que la seguridad, la estabilidad interna y el desarrollo din\u00e1mico de cada uno de nuestros pa\u00edses beneficia a ambos.<\/p>\n<p>Como socios, como iguales, vamos a hacer negocios que beneficien a su sociedad y a la nuestra. Pero ya no nos lancemos rollos de amistad, que luego traicionamos \u00bfvale?<\/p>\n<p><b><i>\u00cdndice Flam\u00edgero:<\/i><\/b> El presidente Barack Obama afirm\u00f3 que M\u00e9xico y Estados Unidos pasan tanto tiempo enfocados en temas de seguridad \u201cque (los estadunidenses) a veces olvidamos\u201d que se trata de un \u201cenorme socio comercial\u201d. En conferencia, declin\u00f3 comentar los presuntos cambios de prioridad en el combate mexicano al narcotr\u00e1fico divulgados recientemente. \u201cNo voy a juzgar a\u00fan c\u00f3mo alterar\u00e1 esto la relaci\u00f3n entre Estados Unidos y M\u00e9xico hasta ver exactamente qu\u00e9 es o qu\u00e9 tratan de lograr\u201d, dijo, antes de subrayar su impresi\u00f3n de que el presidente Enrique Pe\u00f1a Nieto \u201ces serio acerca de las reformas\u201d y que debe tomar algunas decisiones dif\u00edciles.<\/p>\n<p><em><a href=\"http:\/\/www.indicepolitico.com\/\" target=\"_blank\"><em>www.indicepolitico.com<\/em><\/a><br \/>\n<\/em><em><a href=\"mailto:pacorodriguez@journalist.com\" target=\"_blank\">pacorodriguez@journalist.com<\/a><\/em><\/p>\n","protected":false},"excerpt":{"rendered":"<p><span style=\"color: #005497;\"><strong>Francisco Rodr\u00edguez<\/strong><\/span><\/p>\n","protected":false},"author":1,"featured_media":0,"comment_status":"open","ping_status":"open","sticky":false,"template":"","format":"standard","meta":{"_monsterinsights_skip_tracking":false,"_monsterinsights_sitenote_active":false,"_monsterinsights_sitenote_note":"","_monsterinsights_sitenote_category":0,"footnotes":""},"categories":[549],"tags":[1754,43689,550,43674],"class_list":["post-130424","post","type-post","status-publish","format-standard","hentry","category-francisco-rodriguez","tag-barack-obama","tag-francisco-rodriguez","tag-indice-politico","tag-opinion"],"_links":{"self":[{"href":"https:\/\/www.diarioimagen.net\/index.php?rest_route=\/wp\/v2\/posts\/130424","targetHints":{"allow":["GET"]}}],"collection":[{"href":"https:\/\/www.diarioimagen.net\/index.php?rest_route=\/wp\/v2\/posts"}],"about":[{"href":"https:\/\/www.diarioimagen.net\/index.php?rest_route=\/wp\/v2\/types\/post"}],"author":[{"embeddable":true,"href":"https:\/\/www.diarioimagen.net\/index.php?rest_route=\/wp\/v2\/users\/1"}],"replies":[{"embeddable":true,"href":"https:\/\/www.diarioimagen.net\/index.php?rest_route=%2Fwp%2Fv2%2Fcomments&post=130424"}],"version-history":[{"count":0,"href":"https:\/\/www.diarioimagen.net\/index.php?rest_route=\/wp\/v2\/posts\/130424\/revisions"}],"wp:attachment":[{"href":"https:\/\/www.diarioimagen.net\/index.php?rest_route=%2Fwp%2Fv2%2Fmedia&parent=130424"}],"wp:term":[{"taxonomy":"category","embeddable":true,"href":"https:\/\/www.diarioimagen.net\/index.php?rest_route=%2Fwp%2Fv2%2Fcategories&post=130424"},{"taxonomy":"post_tag","embeddable":true,"href":"https:\/\/www.diarioimagen.net\/index.php?rest_route=%2Fwp%2Fv2%2Ftags&post=130424"}],"curies":[{"name":"wp","href":"https:\/\/api.w.org\/{rel}","templated":true}]}}