{"id":130427,"date":"2013-05-02T00:05:03","date_gmt":"2013-05-02T05:05:03","guid":{"rendered":"http:\/\/www.diarioimagen.net\/?p=130427"},"modified":"2013-05-02T00:20:21","modified_gmt":"2013-05-02T05:20:21","slug":"dia-del-trabajo-2","status":"publish","type":"post","link":"https:\/\/www.diarioimagen.net\/?p=130427","title":{"rendered":"D\u00eda del Trabajo"},"content":{"rendered":"<h2>De frente y de perfil<\/h2>\n<h5>Ram\u00f3n Zurita Sahag\u00fan<\/h5>\n<p>&nbsp;<\/p>\n<p>Desde la d\u00e9cada de los 80, del siglo pasado, la conmemoraci\u00f3n del D\u00eda del Trabajo se ha significado por la escenificaci\u00f3n de actos vand\u00e1licos. Esa fue una de las razones principales para que se suspendieran los desfiles de los trabajadores en que marchaban, en su mayor\u00eda, los sindicalistas considerados como oficialistas.<\/p>\n<p>La vanguardia de ese evento correspond\u00eda a los afiliados a la Confederaci\u00f3n de Trabajadores de M\u00e9xico y el discurso corr\u00eda a cargo del presidente del Congreso del Trabajo, quien de igual manera formaba parte de esa clase obrera privilegiada.<\/p>\n<p>Para el obrero com\u00fan resultaba un suplicio la fecha, ya que en d\u00eda feriado era obligado a asistir al desfile, bajo la advertencia que de no hacerlo ser\u00eda sancionado.<\/p>\n<p>De esa manera, obreros y bur\u00f3cratas conviv\u00edan en esta concurrida y larga marcha que culminaba varias horas despu\u00e9s de su inicio.<\/p>\n<p>El recuerdo de los M\u00e1rtires de Chicago, R\u00edo Blanco y Cananea, entre otros, se dilu\u00eda entre las loas que se lanzaban dirigentes obreros y gobernantes.<\/p>\n<p>Los primeros reclamos se dieron en ocasi\u00f3n de un desfile, donde fueron lanzados petardos a Palacio Nacional, en los tiempos de Miguel de la Madrid Hurtado.<\/p>\n<p>Con todo y ello, la ceremonia continu\u00f3 otros a\u00f1os m\u00e1s por el mismo rumbo, hasta que se decidi\u00f3 reducir el festejo, trasladarlo a un espacio cerrado al que asist\u00edan solamente los dirigentes sindicales menos radicales o, por decirlo de otra forma, m\u00e1s identificados con el oficialismo.<\/p>\n<p>No por ello se suspendi\u00f3 el desfile, ya que las calles fueron dejadas para aquellos que decidieran continuar con la tradici\u00f3n, situaci\u00f3n aprovechada por los llamados sindicatos independientes que decidieron hacer su celebraci\u00f3n aparte. La ocasi\u00f3n ha sido aprovechada, una y otra vez, por una serie de v\u00e1ndalos que en cada ocasi\u00f3n aprovechan el momento para causar da\u00f1os a edificios p\u00fablicos, enfrentarse con la polic\u00eda y dejar huellas y constancias de su paso por \u00e9sta y otras celebraciones.<\/p>\n<p>El 1 de mayo del presente a\u00f1o no pudo ser la excepci\u00f3n y los v\u00e1ndalos, como siempre, irrumpieron en la concentraci\u00f3n de los trabajadores, que tuvo como destino el Z\u00f3calo.<\/p>\n<p>Sin importar si son edificios p\u00fablicos o privados y menos que sean considerados como parte de la historia de la ciudad, la lapidaci\u00f3n se hizo presente y los enfrentamientos con la autoridad tambi\u00e9n, en una repetici\u00f3n de hechos del pasado cercano.<\/p>\n<p>Como siempre, los agresores pasaron impunemente, ya que cubiertos el rostro es dif\u00edcil identificarlos, pues su idea es la de confundirse con los verdaderos trabajadores y sindicalistas.<\/p>\n<p>Nuevamente, como sucedi\u00f3 apenas el pasado 1 de diciembre, los agresores se presentaron bajo la bandera del anarquismo y buscando la protecci\u00f3n de los sindicatos independientes.<\/p>\n<p>Amagan, insultan, agreden y corren, es la t\u00f3nica de siempre y las autoridades imposibilitadas para responder a la provocaci\u00f3n, ya que el objetivo principal es mostrar que son v\u00edctimas de la represi\u00f3n por parte de la autoridad y encontrar la v\u00edctima para martirizarlo y convertirlo en bandera de su causa.<\/p>\n<p>Nuevamente, la provocaci\u00f3n queda sin los resultados esperados, aunque los v\u00e1ndalos seguir\u00e1n insistiendo, hasta obtener lo que buscan, la respuesta contundente de la autoridad y ser\u00e1 entonces cuando las cosas podr\u00edan empeorar. Pero la conmemoraci\u00f3n del D\u00eda del Trabajo fue el pretexto justo para que en otras ciudades se presentaran actos similares.<\/p>\n<p>El problema magisterial de Guerrero fue reactivado y los integrantes de la Coordinadora Nacional de Trabajadores de la Educaci\u00f3n, pertenecientes a la CETEG y quienes forman parte del Movimiento Popular Guerrerense, salieron de nueva cuenta a las calles, en Chilpancingo. A su arribo al Z\u00f3calo de la capital, los contingentes arremetieron con pintas contra el Palacio de la Cultura y el Antiguo Palacio de Gobierno, con consignas en contra del gobierno estatal y los partidos pol\u00edticos.<\/p>\n<p>En la puerta de madera del Palacio de Gobierno, con pintura negra, hicieron un relieve del l\u00edder hist\u00f3rico de Guerrero, Lucio Caba\u00f1as.<\/p>\n<p>En el astabandera de la Plaza Primer Congreso de An\u00e1huac, los maestros izaron una bandera de M\u00e9xico junto con una bandera roja con las siglas del Movimiento Popular Guerrerense (MPG).<\/p>\n<p>Decenas de maestros de la secci\u00f3n dos del Sindicato Nacional de Trabajadores de la Educaci\u00f3n (SNTE), integrantes del movimiento de resistencia magisterial, tomaron la caseta de cuota Tijuana-Tecate en protesta por la reforma educativa.<\/p>\n<p>Los automovilistas que cruzan por este tramo carretero tienen el acceso libre sin costo, debido a que las plumas de peaje est\u00e1n arriba.<\/p>\n<p>Marco Antonio Pacheco, l\u00edder estatal del movimiento, precis\u00f3 que por un espacio de dos horas los m\u00e1s de 300 maestros se mantendr\u00edan en el lugar\u00a0como protesta.<\/p>\n<p>Pero dentro de estos hechos vand\u00e1licos, vale la pena rescatar que los j\u00f3venes encapuchados que manten\u00edan en su poder el edificio de la rector\u00eda de la UNAM decidieron salir del mismo y entregarlo a las autoridades, las que plantearon una mesa de di\u00e1logo fijada para el 9 de mayo.<\/p>\n<p>Jos\u00e9 Narro Robles, rector de la Universidad Nacional Aut\u00f3noma de M\u00e9xico, afirm\u00f3 que se debe aprender la lecci\u00f3n de los problemas y ver hacia delante, luego de que el grupo de encapuchados liber\u00f3 la Torre de Rector\u00eda que mantuvo ocupada durante 12 d\u00edas.<\/p>\n<p>Durante una conferencia de prensa, el rector de la m\u00e1xima casa de estudios dijo a la comunidad universitaria que las lecciones son a favor \u201cdel di\u00e1logo, de la prudencia, de la inteligencia y del uso de la raz\u00f3n\u201d. \u201cEn esta instituci\u00f3n todos los d\u00edas se reciben lecciones, es parte de la raz\u00f3n de ser de la universidad. \u201cEn esta casa de estudios hemos estado acostumbrados a aprender incluso de nuestros problemas\u201d, dijo Narro Robles.<\/p>\n<p><em><a href=\"mailto:ramonzurita44@hotmail.com\" target=\"_blank\"><em>ramonzurita44@hotmail.com<br \/>\n<\/em><\/a><\/em><em><a href=\"mailto:zurita_sahagun@hotmail.com\" target=\"_blank\">zurita_sahagun@hotmail.com<\/a><\/em><\/p>\n","protected":false},"excerpt":{"rendered":"<p><span style=\"color: #005497;\"><strong>Ram\u00f3n Zurita Sahag\u00fan<\/strong><\/span><\/p>\n","protected":false},"author":1,"featured_media":0,"comment_status":"open","ping_status":"open","sticky":false,"template":"","format":"standard","meta":{"_monsterinsights_skip_tracking":false,"_monsterinsights_sitenote_active":false,"_monsterinsights_sitenote_note":"","_monsterinsights_sitenote_category":0,"footnotes":""},"categories":[234],"tags":[304,17459,43674,43687],"class_list":["post-130427","post","type-post","status-publish","format-standard","hentry","category-ramon-zurita-sahagun","tag-de-frente-y-de-perfil","tag-dia-del-trabajo","tag-opinion","tag-ramon-zurita-sahagun"],"_links":{"self":[{"href":"https:\/\/www.diarioimagen.net\/index.php?rest_route=\/wp\/v2\/posts\/130427","targetHints":{"allow":["GET"]}}],"collection":[{"href":"https:\/\/www.diarioimagen.net\/index.php?rest_route=\/wp\/v2\/posts"}],"about":[{"href":"https:\/\/www.diarioimagen.net\/index.php?rest_route=\/wp\/v2\/types\/post"}],"author":[{"embeddable":true,"href":"https:\/\/www.diarioimagen.net\/index.php?rest_route=\/wp\/v2\/users\/1"}],"replies":[{"embeddable":true,"href":"https:\/\/www.diarioimagen.net\/index.php?rest_route=%2Fwp%2Fv2%2Fcomments&post=130427"}],"version-history":[{"count":0,"href":"https:\/\/www.diarioimagen.net\/index.php?rest_route=\/wp\/v2\/posts\/130427\/revisions"}],"wp:attachment":[{"href":"https:\/\/www.diarioimagen.net\/index.php?rest_route=%2Fwp%2Fv2%2Fmedia&parent=130427"}],"wp:term":[{"taxonomy":"category","embeddable":true,"href":"https:\/\/www.diarioimagen.net\/index.php?rest_route=%2Fwp%2Fv2%2Fcategories&post=130427"},{"taxonomy":"post_tag","embeddable":true,"href":"https:\/\/www.diarioimagen.net\/index.php?rest_route=%2Fwp%2Fv2%2Ftags&post=130427"}],"curies":[{"name":"wp","href":"https:\/\/api.w.org\/{rel}","templated":true}]}}