{"id":130440,"date":"2013-05-02T00:02:52","date_gmt":"2013-05-02T05:02:52","guid":{"rendered":"http:\/\/www.diarioimagen.net\/?p=130440"},"modified":"2013-05-02T00:20:44","modified_gmt":"2013-05-02T05:20:44","slug":"de-la-mano-de-obama","status":"publish","type":"post","link":"https:\/\/www.diarioimagen.net\/?p=130440","title":{"rendered":"De la mano de Obama"},"content":{"rendered":"<h2>Acta P\u00fablica<\/h2>\n<h5>Claudia Rodr\u00edguez<\/h5>\n<p>&nbsp;<\/p>\n<p>Dir\u00e1 usted amable lector que me aprovecho de mi imaginaci\u00f3n y de que no podr\u00e1 decirme de manera directa que m\u00e1s que un sue\u00f1o, le rese\u00f1o un \u201ccuento\u201d que al momento de escribir estas l\u00edneas se me ocurri\u00f3.<\/p>\n<p>Pero cr\u00e9alo o no -est\u00e1 usted en todo su derecho-, lo cierto es que la noche del 30 de abril, me so\u00f1\u00e9 corriendo por las calles como escapando de un caos total y sombr\u00edo, donde se escuchaban detonaciones y \u00a0tras de m\u00ed todo se iba destruyendo.\u00a0 El hecho desquiciante es que quien me sujetaba de la mano y me dirig\u00eda por el camino no era otro sino el presidente de Estados Unidos, Barack Obama, de lo que yo misma en el sue\u00f1o cuestionaba el porqu\u00e9 de su compa\u00f1\u00eda.<\/p>\n<p>Al despertarme expliqu\u00e9 tal asociaci\u00f3n directa entre Obama y mi persona dentro del desconcierto, por la simple raz\u00f3n del conocimiento de \u00a0su estancia en M\u00e9xico parte del d\u00eda de hoy y de ma\u00f1ana viernes, y el haber visualizado en televisi\u00f3n la ca\u00edda del Boeing 747 segundos despu\u00e9s de haber despegado en un aeropuerto de Bagram en Afganist\u00e1n, donde los estadunidenses tienen su principal base a\u00e9rea, y que pese a que a\u00fan no se revelan las causas del accidente, lo que s\u00ed es cierto es que en un mes tres naves de las fuerzas de la Organizaci\u00f3n del Tratado Atl\u00e1ntico Norte (OTAN), se siniestraron.<\/p>\n<p>El caso, es que tengo claro que la alianza estrat\u00e9gica de M\u00e9xico con\u00a0 Estados Unidos es de dos v\u00edas dis\u00edmbolas.\u00a0 Si nosotros tenemos una proyecci\u00f3n econ\u00f3mica, nunca ser\u00e1 la misma que nuestro vecino del norte tiene para con nosotros.\u00a0 El objetivo nuestro con respecto al tema de la migraci\u00f3n, es porcentualmente distinto al de los estadunidenses y as\u00ed, podr\u00edamos ir citando todos los temas que nos relacionan, pero que nos separan por cuestiones hist\u00f3ricas e \u00a0ideol\u00f3gicas, \u00a0pero sobre todo tecnol\u00f3gicas.<\/p>\n<p>Desde mis fantas\u00edas infantiles siempre me he planteado lo estrat\u00e9gico que puede ser para un enemigo estadunidense minar a la sociedad mexicana \u00a0poco a poco, m\u00e1s all\u00e1 de un ataque directo y de segundos.<\/p>\n<p>Pero en mi mente, las im\u00e1genes de \u201cLa Bestia\u201d ya para el martes de la semana en M\u00e9xico, la ca\u00edda del Boeing y la visita de Obama, traicionaron mis m\u00e1s hondos apuntes te\u00f3ricos, revolvi\u00e9ndolos en un inminente peligro nacional.<\/p>\n<p>Por fortuna y hasta ahora, fue s\u00f3lo un sue\u00f1o.<\/p>\n<p><b><i>Acta Divina\u2026<\/i><\/b> El presidente de Estados Unidos, Barack Obama, advierte que M\u00e9xico es un socio estrat\u00e9gico por su liderazgo creciente.<\/p>\n<p>Para advertir\u2026 Entre tanto se realiza la visita del presidente Obama, todas las fuerzas de la represi\u00f3n y el orden se contienen.<\/p>\n<p><em><a href=\"mailto:actapublica@gmail.com\" target=\"_blank\">actapublica@gmail.com<\/a><\/em><\/p>\n","protected":false},"excerpt":{"rendered":"<p><span style=\"color: #005497;\"><strong>Claudia Rodr\u00edguez<\/strong><\/span><\/p>\n","protected":false},"author":1,"featured_media":0,"comment_status":"open","ping_status":"open","sticky":false,"template":"","format":"standard","meta":{"_monsterinsights_skip_tracking":false,"_monsterinsights_sitenote_active":false,"_monsterinsights_sitenote_note":"","_monsterinsights_sitenote_category":0,"footnotes":""},"categories":[1281],"tags":[1754,43674],"class_list":["post-130440","post","type-post","status-publish","format-standard","hentry","category-claudia-rodriguez","tag-barack-obama","tag-opinion"],"_links":{"self":[{"href":"https:\/\/www.diarioimagen.net\/index.php?rest_route=\/wp\/v2\/posts\/130440","targetHints":{"allow":["GET"]}}],"collection":[{"href":"https:\/\/www.diarioimagen.net\/index.php?rest_route=\/wp\/v2\/posts"}],"about":[{"href":"https:\/\/www.diarioimagen.net\/index.php?rest_route=\/wp\/v2\/types\/post"}],"author":[{"embeddable":true,"href":"https:\/\/www.diarioimagen.net\/index.php?rest_route=\/wp\/v2\/users\/1"}],"replies":[{"embeddable":true,"href":"https:\/\/www.diarioimagen.net\/index.php?rest_route=%2Fwp%2Fv2%2Fcomments&post=130440"}],"version-history":[{"count":0,"href":"https:\/\/www.diarioimagen.net\/index.php?rest_route=\/wp\/v2\/posts\/130440\/revisions"}],"wp:attachment":[{"href":"https:\/\/www.diarioimagen.net\/index.php?rest_route=%2Fwp%2Fv2%2Fmedia&parent=130440"}],"wp:term":[{"taxonomy":"category","embeddable":true,"href":"https:\/\/www.diarioimagen.net\/index.php?rest_route=%2Fwp%2Fv2%2Fcategories&post=130440"},{"taxonomy":"post_tag","embeddable":true,"href":"https:\/\/www.diarioimagen.net\/index.php?rest_route=%2Fwp%2Fv2%2Ftags&post=130440"}],"curies":[{"name":"wp","href":"https:\/\/api.w.org\/{rel}","templated":true}]}}