{"id":130468,"date":"2013-05-02T00:07:22","date_gmt":"2013-05-02T05:07:22","guid":{"rendered":"http:\/\/www.diarioimagen.net\/?p=130468"},"modified":"2013-05-02T00:44:52","modified_gmt":"2013-05-02T05:44:52","slug":"sindicatos-se-movilizaron-en-principales-calles-del-df","status":"publish","type":"post","link":"https:\/\/www.diarioimagen.net\/?p=130468","title":{"rendered":"Sindicatos se movilizaron en principales calles del DF"},"content":{"rendered":"<ul>\n<li><em><strong>Grupos de encapuchados intentaron infiltrarse en la marcha\u00a0 y agredieron a los granaderos frente al Banco de M\u00e9xico<\/strong><\/em><\/li>\n<\/ul>\n<div id=\"attachment_130563\" style=\"width: 250px\" class=\"wp-caption alignleft\"><a href=\"http:\/\/www.diarioimagen.net\/wp-content\/uploads\/2013\/05\/Marcha-2089.jpg\"><img loading=\"lazy\" decoding=\"async\" aria-describedby=\"caption-attachment-130563\" class=\"size-medium wp-image-130563\" alt=\"Una amplia gama de asociaciones desfilaron ayer por distintas vialidades para conmemorar el D\u00eda del Trabajo, pero algunas vallas fueron penetradas por v\u00e1ndalos.\" src=\"http:\/\/www.diarioimagen.net\/wp-content\/uploads\/2013\/05\/Marcha-2089-240x135.jpg\" width=\"240\" height=\"135\" srcset=\"https:\/\/www.diarioimagen.net\/wp-content\/uploads\/2013\/05\/Marcha-2089-240x135.jpg 240w, https:\/\/www.diarioimagen.net\/wp-content\/uploads\/2013\/05\/Marcha-2089-420x236.jpg 420w, https:\/\/www.diarioimagen.net\/wp-content\/uploads\/2013\/05\/Marcha-2089-235x132.jpg 235w, https:\/\/www.diarioimagen.net\/wp-content\/uploads\/2013\/05\/Marcha-2089-202x114.jpg 202w, https:\/\/www.diarioimagen.net\/wp-content\/uploads\/2013\/05\/Marcha-2089-350x196.jpg 350w, https:\/\/www.diarioimagen.net\/wp-content\/uploads\/2013\/05\/Marcha-2089-220x123.jpg 220w, https:\/\/www.diarioimagen.net\/wp-content\/uploads\/2013\/05\/Marcha-2089-237x132.jpg 237w, https:\/\/www.diarioimagen.net\/wp-content\/uploads\/2013\/05\/Marcha-2089.jpg 480w\" sizes=\"auto, (max-width: 240px) 100vw, 240px\" \/><\/a><p id=\"caption-attachment-130563\" class=\"wp-caption-text\">Una amplia gama de asociaciones desfilaron ayer por distintas vialidades para conmemorar el D\u00eda del Trabajo, pero algunas vallas fueron penetradas por v\u00e1ndalos.<\/p><\/div>\n<p>Cientos de trabajadores de diferentes sindicatos realizaron movilizaciones en diversos puntos del Distrito Federal para conmemorar el D\u00eda del Trabajo.<\/p>\n<p>Alrededor de las 9:30 de la ma\u00f1ana, un contingente conformado por maestros de la Coordinadora Nacional de Trabajadores de la Educaci\u00f3n (CNTE) e integrantes del Sindicato Mexicano de Electricistas (SME) partieron de la Diana Cazadora al Z\u00f3calo. El contingente estuvo encabezado por el l\u00edder del SME, Mart\u00edn Esparza y por dirigentes de diversas secciones de la CNTE.<\/p>\n<p>De acuerdo con autoridades policiacas, marcharon poco m\u00e1s de 10 mil personas y destacaron los contingentes de la secci\u00f3n 22 de la CNTE, la secci\u00f3n 18 y 9.<\/p>\n<p>Tambi\u00e9n marcha un peque\u00f1o grupo de encapuchados con banderas anarquistas y estudiantes de la UACM, el cual fue encabezado por Uriel Sandoval, el joven que perdi\u00f3 un ojo durante los disturbios del 1 de diciembre, y otros integrantes del Consejo Estudiantil de Lucha como Aldo M\u00e9ndez y Roberto L\u00f3pez.<\/p>\n<p>A su vez, aproximadamente 600 integrantes de diferentes organizaciones sindicales partieron de la Estela de Luz hasta el \u00c1ngel de la Independencia para unirse a otras movilizaciones entre ellas, el SME, la CNTE, el Sindicato del INAH y as\u00ed continuar su marcha hacia la Plaza de la Constituci\u00f3n.<\/p>\n<p>Los trabajadores partieron gritando consignas alusivas a la reforma laboral y en contra del gobierno.<\/p>\n<p>Debido a la marcha, calles aleda\u00f1as a Paseo de la Reforma permanecieron resguardadas por elementos de seguridad publica y varias de ellas fueron cerradas a la circulaci\u00f3n vehicular.<\/p>\n<p>Por su parte, la polic\u00eda del DF se declar\u00f3 lista para atender las diferentes movilizaciones, tanto en la Plaza de la Constituci\u00f3n como en diferentes sitios de Reforma.<\/p>\n<p>Detall\u00f3 que se dispuso de 5 mil 150 efectivos que trabajar\u00e1n en 250 veh\u00edculos para garantizar la integridad f\u00edsica de los integrantes de las movilizaciones y de los transe\u00fantes.<\/p>\n<p>Desde las 6:00 horas se dispusieron operativos de control de tr\u00e1nsito, que fueron apoyados por las c\u00e1maras de vigilancia y helic\u00f3pteros y ambulancias.<\/p>\n<p align=\"center\"><b>Encapuchados\u00a0<\/b><b>enfrentan a polic\u00edas<\/b><\/p>\n<p>Durante la marcha, frente al edificio del Banco de M\u00e9xico un grupo de encapuchados agredieron a los elementos policiacos con piedras y palos.<\/p>\n<p>Los j\u00f3venes lanzaron pedradas contra el Banco de M\u00e9xico y le rompieron vidrios de varias ventanas, sin embargo, fue hasta que un grupo de menos de 10 granaderos se coloc\u00f3 en uno de los accesos de la instituci\u00f3n que se mantiene cercado con l\u00e1minas, fue que los j\u00f3venes descargaron parte de los proyectiles que recolectaron. Otro enfrentamiento se dio sobre la calle 5 de Mayo a una cuadra de Palma,\u00a0 donde otra vez el grupo de j\u00f3venes lanz\u00f3 nuevamente otra carretada de piedras contra los granaderos.<\/p>\n<p>&nbsp;<\/p>\n","protected":false},"excerpt":{"rendered":"<p>Cientos de trabajadores de diferentes sindicatos realizaron movilizaciones en diversos puntos del Distrito Federal para conmemorar el D\u00eda del Trabajo.<\/p>\n","protected":false},"author":1,"featured_media":130563,"comment_status":"open","ping_status":"open","sticky":false,"template":"","format":"standard","meta":{"_monsterinsights_skip_tracking":false,"_monsterinsights_sitenote_active":false,"_monsterinsights_sitenote_note":"","_monsterinsights_sitenote_category":0,"footnotes":""},"categories":[6],"tags":[17459,39,26901],"class_list":["post-130468","post","type-post","status-publish","format-standard","has-post-thumbnail","hentry","category-cd-de-mexico","tag-dia-del-trabajo","tag-distrito-federal","tag-sindicatos"],"_links":{"self":[{"href":"https:\/\/www.diarioimagen.net\/index.php?rest_route=\/wp\/v2\/posts\/130468","targetHints":{"allow":["GET"]}}],"collection":[{"href":"https:\/\/www.diarioimagen.net\/index.php?rest_route=\/wp\/v2\/posts"}],"about":[{"href":"https:\/\/www.diarioimagen.net\/index.php?rest_route=\/wp\/v2\/types\/post"}],"author":[{"embeddable":true,"href":"https:\/\/www.diarioimagen.net\/index.php?rest_route=\/wp\/v2\/users\/1"}],"replies":[{"embeddable":true,"href":"https:\/\/www.diarioimagen.net\/index.php?rest_route=%2Fwp%2Fv2%2Fcomments&post=130468"}],"version-history":[{"count":0,"href":"https:\/\/www.diarioimagen.net\/index.php?rest_route=\/wp\/v2\/posts\/130468\/revisions"}],"wp:featuredmedia":[{"embeddable":true,"href":"https:\/\/www.diarioimagen.net\/index.php?rest_route=\/wp\/v2\/media\/130563"}],"wp:attachment":[{"href":"https:\/\/www.diarioimagen.net\/index.php?rest_route=%2Fwp%2Fv2%2Fmedia&parent=130468"}],"wp:term":[{"taxonomy":"category","embeddable":true,"href":"https:\/\/www.diarioimagen.net\/index.php?rest_route=%2Fwp%2Fv2%2Fcategories&post=130468"},{"taxonomy":"post_tag","embeddable":true,"href":"https:\/\/www.diarioimagen.net\/index.php?rest_route=%2Fwp%2Fv2%2Ftags&post=130468"}],"curies":[{"name":"wp","href":"https:\/\/api.w.org\/{rel}","templated":true}]}}