{"id":130592,"date":"2013-05-03T00:07:26","date_gmt":"2013-05-03T05:07:26","guid":{"rendered":"http:\/\/www.diarioimagen.net\/?p=130592"},"modified":"2013-05-05T21:59:22","modified_gmt":"2013-05-06T02:59:22","slug":"el-cochinero-de-encapuchados-y-la-coordinadora","status":"publish","type":"post","link":"https:\/\/www.diarioimagen.net\/?p=130592","title":{"rendered":"El cochinero de encapuchados y la coordinadora"},"content":{"rendered":"<h2>Tras la puerta del poder<\/h2>\n<h5>Roberto Vizca\u00edno<\/h5>\n<p>&nbsp;<\/p>\n<ul>\n<li><strong><i>La incapacidad mostrada por las autoridades para enfrentar, contener y castigar v\u00e1ndalos es desesperanzadora\u00a0<\/i><\/strong><\/li>\n<li><strong><i>Abrieron dos cajas fuertes, se llevaron medallas de oro y conmemorativas y zapatos del rector \u00a0 \u00a0<\/i><\/strong><\/li>\n<li><strong><i>Mancera echa a andar gimnasios y un sistema de terapias de rehabilitaci\u00f3n con el uso de caballos<\/i><\/strong><\/li>\n<\/ul>\n<p><a href=\"http:\/\/www.diarioimagen.net\/wp-content\/uploads\/2013\/05\/guasp-2090.jpg\"><img loading=\"lazy\" decoding=\"async\" class=\"alignleft size-medium wp-image-130710\" style=\"margin-right: 9px; margin-bottom: 9px;\" alt=\"guasp-2090\" src=\"http:\/\/www.diarioimagen.net\/wp-content\/uploads\/2013\/05\/guasp-2090-240x180.jpg\" width=\"240\" height=\"180\" srcset=\"https:\/\/www.diarioimagen.net\/wp-content\/uploads\/2013\/05\/guasp-2090-240x180.jpg 240w, https:\/\/www.diarioimagen.net\/wp-content\/uploads\/2013\/05\/guasp-2090-420x315.jpg 420w, https:\/\/www.diarioimagen.net\/wp-content\/uploads\/2013\/05\/guasp-2090.jpg 700w\" sizes=\"auto, (max-width: 240px) 100vw, 240px\" \/><\/a>La aparici\u00f3n y acciones de los encapuchados y los maestros de la coordinadora &#8212;de cuyos embates y hechos saben ya hasta en los pa\u00edses m\u00e1s remotos gracias a los medios globalizados&#8211;, han dejado ya un cochinero institucional que embarra lo mismo a gobernadores que al Presidente de la Rep\u00fablica.<\/p>\n<p>Ninguno de ellos hasta hoy ha tenido la capacidad de opon\u00e9rseles, someterlos y menos detenerlos para abrirles un proceso legal para castigarlos por sus desmanes y destrozos.<\/p>\n<p>Su accionar impune, continuado, en el que igual tunden a polic\u00edas que atacan inmuebles o destrozan oficinas y veh\u00edculos, o invaden autopistas y las paran o causan caos en ciudades, entre ella la del Distrito Federal\u00a0 asiento de todos los poderes &#8211;pol\u00edticos, econ\u00f3micos, financieros, legislativos, etc\u00e9tera&#8211;, y asaltan las sedes de universidades, rector\u00eda de la UNAM el ejemplo \u00faltimo, simplemente no tiene contrapeso de parte de ninguna autoridad.<\/p>\n<p>Sus miembros, lo han documentado los medios, por la ma\u00f1ana desalojan oficinas y m\u00e1s tarde atacan e insultan a cuerpos policiacos en un escenario que indigna. Golpean las vallas de polic\u00edas con todo: piedras, palos, tubos, patadas e insultos de todo nivel y calibre.<\/p>\n<p>La polic\u00eda, absolutamente pertrechada, cumple sus \u00f3rdenes: recibe todo sin moverse lo m\u00ednimo.<\/p>\n<p>Y al emitir estas \u00f3rdenes, las autoridades crean en los ciudadanos una fuerte sensaci\u00f3n de inseguridad e indefensi\u00f3n.<\/p>\n<p>Si ni siquiera ellos se defienden de esas agresiones, \u00bfentonces a quienes podr\u00edan proteger, dar seguridad, esos polic\u00edas? \u00bfLos ciudadanos deber\u00edan esperar algo de esas autoridades y esos polic\u00edas?<\/p>\n<p>El cochinero que dejan maestros disidentes y encapuchados con sus acciones es ese, no el f\u00edsico. La basura se limpia r\u00e1pido con una escoba y agua, el deterioro, la debilidad o incapacidad institucional no, eso se queda en la conciencia y la percepci\u00f3n de los ciudadanos.<\/p>\n<p align=\"center\"><b>LO QUE SE LLEVARON<\/b><\/p>\n<p>En este contexto de impunidad absoluta, los encapuchados que asaltaron y retuvieron la Torre de Rector\u00eda de la UNAM durante 12 d\u00edas, no s\u00f3lo se burlaron de las autoridades de la m\u00e1xima casa de estudios y del gobierno federal, sino que tuvieron el tiempo suficiente para apoderarse fue una colecci\u00f3n de monedas de oro y otra m\u00e1s de\u00a0 monedas conmemorativas.<\/p>\n<p>El recuento de da\u00f1os indica que se llevaron documentos de Acuerdos de la UNAM suscritos con varios estados y que adem\u00e1s saquearon dos cajas fuertes.<\/p>\n<p>Le hicieron un boquete a una puerta de seguridad y se llevaron varios pares de zapatos de marca, propiedad del rector Narro.<\/p>\n<p>Sin embargo una de las cosas m\u00e1s graves es que dejaron en varias oficinas bombas Molotov y otros explosivos con detonador integrado.<b>\u00a0<\/b><\/p>\n<p align=\"center\"><b>YUNES EN LA CUERDA<\/b><\/p>\n<p>Luego de una intensa jornada de 4 d\u00edas de un proceso de c\u00f3mputo de las elecciones internas realizadas por el panismo veracruzano para designar a sus candidatos a 30 diputaciones de mayor\u00eda y a 20 plurinominales que competir\u00e1n en los comicios del domingo 7 de julio, el controvertido ex pri\u00edsta Miguel Angel Yunes Linares logr\u00f3 apenas el s\u00e9ptimo lugar en la lista de aspirantes de representaci\u00f3n proporcional.<\/p>\n<p>El ex director del ISSSTE excandidato perdedor a la gubernatura del estado por 2 ocasiones, pretend\u00eda ubicarse en el primero o segundo lugar de esa lista, nunca en el sitio en que el voto de sus compa\u00f1eros lo dej\u00f3.<\/p>\n<p>En su af\u00e1n de ganar un espacio que le asegurara llegar a la C\u00e1mara de Diputados locales, y obtener fuero, Yunes protagoniz\u00f3 una serie de incidentes violentos, el \u00faltimo apenas el martes anterior cuando acompa\u00f1ado por sus hijos y un grupo de guardaespaldas intent\u00f3 entrar por la fuerza a la sede estatal de Acci\u00f3n Nacional en Jalapa luego de romper una puerta de vidrio.<\/p>\n<p>El controvertido pol\u00edtico \u2013que durante los d\u00edas recientes ha visto c\u00f3mo se exhiben listas de sus presumibles propiedades que rebasan los 400 millones de pesos, as\u00ed como fotograf\u00edas con una joven de quiz\u00e1 entre 15 y 17 a\u00f1os de edad-, intent\u00f3 reventar el c\u00f3mputo de la elecci\u00f3n interna luego de que se enter\u00f3 que lo estaba dejando en un d\u00e9cimo lugar.<\/p>\n<p>La conclusi\u00f3n del conteo oficial de votos lo ubic\u00f3 finalmente en el s\u00e9ptimo lugar de la lista de candidatos plurinominales.<\/p>\n<p>Hoy, de los 50 diputados que conforman el Congreso estatal &#8211;30 de mayor\u00eda y 20 pluris&#8211;, el PAN cuenta con 6 de mayor\u00eda y 7 pluris.<\/p>\n<p>Al quedar en el s\u00e9ptimo lugar, Yunes necesitar\u00eda que la votaci\u00f3n a favor del PAN el domingo 7 de julio pr\u00f3ximo fuese similar a la alcanzada por todos los partidos hace 3 a\u00f1os, para poder asegurar una curul local.<\/p>\n<p>Sin embargo las circunstancias son distintas y lo m\u00e1s probable es que Acci\u00f3n Nacional no logre el porcentaje anterior y Yunes quede fuera de la siguiente legislatura.<\/p>\n<p>Si es as\u00ed, de nada habr\u00e1 valido sus jaloneos, amenazas, las broncas que encabez\u00f3, los desmanes que protagoniz\u00f3 y la puerta que quebr\u00f3.<\/p>\n<p>Yunes tiene todav\u00eda dos oportunidades de reubicarse ya que el CEN del PAN estatal tiene reservado el primer y tercer lugares de la lista de candidatos pulir para colocar ah\u00ed a dos militantes de su conveniencia.<\/p>\n<p>Sin embargo el controvertido pol\u00edtico acusado de pederast\u00eda por la periodista Lidya Cacho con base en la declaraci\u00f3n ministerial de un menor que lo se\u00f1al\u00f3 en su tiempo de haber sido quien lo viol\u00f3, cuenta con la pr\u00e1cticamente absoluta oposici\u00f3n del panismo veracruzano para ser beneficiado con alguna de esas dos posiciones.<\/p>\n<p>Pesa adem\u00e1s el hecho de que la estructura dirigente y la base blanquiazul en el estado se encuentran totalmente divididas y confrontadas entre otras causas precisamente por este tipo de imposiciones cupulares cuyo beneficiario final es Miguel \u00c1ngel o alguno de sus hijos.<\/p>\n<p>De ah\u00ed que no se ve f\u00e1cil que Yunes Linares pueda en esta ocasi\u00f3n manipular a la dirigencia nacional y estatal para ser reubicado en el primer o tercer lugar de esa lista.<\/p>\n<p>De ocurrir, la desbandada panista significar\u00eda un desastre mucho mayor que el que ya se prev\u00e9 para este partido en Veracruz.<\/p>\n<p>Por lo pronto la lista de pluris blanquuazul qued\u00f3 de la siguiente forma:<\/p>\n<p>Primer lugar reservado para quien decida el Comit\u00e9 Directivo Estatal; segundo para Domingo Bahena Corbal\u00e1 quien logr\u00f3 7,028 votos en la interna; el tercer sitio es tambi\u00e9n del CDE; el cuarto para Victor Rom\u00e1n Jim\u00e9nez con 5,950 sufragios; el quinto lo alcanz\u00f3 Carlos \u201cChico\u201d Fuentes Urrutia con 5,622 votos; el sexto Ana Cristina Ledezma L\u00f3pez quien obtuvo 6,193 votos; el s\u00e9ptimo Miguel \u00c1ngel Yunes Linares con 4,927 votos; el octavo lo tiene Omar Guzm\u00e1n Avil\u00e9s con 4,383 sufragios; el noveno Mar\u00eda Luz Rodr\u00edguez Hern\u00e1ndez con 2,174 votos y el d\u00e9cimo fue para Jos\u00e9 Mancha Alarc\u00f3n con 3,582 votos.<\/p>\n<p align=\"center\"><b>MANCERA ABRE GIMNASIOS<\/b><\/p>\n<p>En coordinaci\u00f3n con la Fundaci\u00f3n privada Alfredo Harp Hel\u00fa, el jefe de gobierno capitalino Miguel \u00c1ngel Mancera ech\u00f3 a andar ayer la primera etapa del programa \u201cGimnasios Urbanos\u201d, que contempla la instalaci\u00f3n de 300 de estas unidades en beneficio de la activaci\u00f3n f\u00edsica en las 16 delegaciones pol\u00edticas de la Ciudad de M\u00e9xico.<\/p>\n<p>Esto ocurri\u00f3 en la Unidad Habitacional Fiviport localizada en la colonia Arenal Primera Secci\u00f3n, donde Mancera explic\u00f3 que estos gimnasios contar\u00e1 con asesores capacitados en \u00a0las actividades f\u00edsico\/deportivas adem\u00e1s de que quienes hagan uso de estas instalaciones contar\u00e1n con 100 mil pod\u00f3metros que les permitir\u00e1n vigilar sus progresos.<\/p>\n<p>Junto con este gimnasio y apertura del programa, el jefe de Gobierno se\u00f1al\u00f3 que tambi\u00e9n operar\u00e1 un Centro de Rehabilitaci\u00f3n con base en el uso de caballos.<\/p>\n<p>Indic\u00f3 que este programa se basa en la experiencia de otros centros donde el uso de caballos en las terapias de rehabilitaci\u00f3n, sobre todo en ni\u00f1os, ha alcanzado un efecto muy importante.<\/p>\n<p>\u201cHaremos un esfuerzo considerable, pues una sola terapia de equinoterapia cuesta 800 pesos, y atenderemos en promedio a mil peque\u00f1os y no s\u00f3lo vamos a tener presencia en Iztapalapa, sino en Venustiano Carranza, \u00c1lvaro Obreg\u00f3n y otras. Son buenas las noticias para la gente de estas delegaciones\u201d, dijo.<\/p>\n<p>Los caballos que se utilizar\u00e1n en esta terapia, son equinos especialmente adiestrados por especialistas de la Secretar\u00eda de Seguridad P\u00fablica del DF, a quien Mancera Espinosa agradeci\u00f3 su disposici\u00f3n y apoyo para atender a este sector de la poblaci\u00f3n infantil con alguna discapacidad.<\/p>\n<p><em><a href=\"mailto:rvizcaino@gmail.com\" target=\"_blank\">rvizcaino@gmail.com<\/a><\/em><\/p>\n","protected":false},"excerpt":{"rendered":"<p><span style=\"color: #005497;\"><strong>Roberto Vizca\u00edno<\/strong><\/span><\/p>\n","protected":false},"author":1,"featured_media":0,"comment_status":"open","ping_status":"open","sticky":false,"template":"","format":"standard","meta":{"_monsterinsights_skip_tracking":false,"_monsterinsights_sitenote_active":false,"_monsterinsights_sitenote_note":"","_monsterinsights_sitenote_category":0,"footnotes":""},"categories":[136],"tags":[43674,93,94,570],"class_list":["post-130592","post","type-post","status-publish","format-standard","hentry","category-roberto-vizcaino-opinion","tag-opinion","tag-roberto-vizcaino","tag-tras-la-puerta-del-poder","tag-unam"],"_links":{"self":[{"href":"https:\/\/www.diarioimagen.net\/index.php?rest_route=\/wp\/v2\/posts\/130592","targetHints":{"allow":["GET"]}}],"collection":[{"href":"https:\/\/www.diarioimagen.net\/index.php?rest_route=\/wp\/v2\/posts"}],"about":[{"href":"https:\/\/www.diarioimagen.net\/index.php?rest_route=\/wp\/v2\/types\/post"}],"author":[{"embeddable":true,"href":"https:\/\/www.diarioimagen.net\/index.php?rest_route=\/wp\/v2\/users\/1"}],"replies":[{"embeddable":true,"href":"https:\/\/www.diarioimagen.net\/index.php?rest_route=%2Fwp%2Fv2%2Fcomments&post=130592"}],"version-history":[{"count":0,"href":"https:\/\/www.diarioimagen.net\/index.php?rest_route=\/wp\/v2\/posts\/130592\/revisions"}],"wp:attachment":[{"href":"https:\/\/www.diarioimagen.net\/index.php?rest_route=%2Fwp%2Fv2%2Fmedia&parent=130592"}],"wp:term":[{"taxonomy":"category","embeddable":true,"href":"https:\/\/www.diarioimagen.net\/index.php?rest_route=%2Fwp%2Fv2%2Fcategories&post=130592"},{"taxonomy":"post_tag","embeddable":true,"href":"https:\/\/www.diarioimagen.net\/index.php?rest_route=%2Fwp%2Fv2%2Ftags&post=130592"}],"curies":[{"name":"wp","href":"https:\/\/api.w.org\/{rel}","templated":true}]}}