{"id":130605,"date":"2013-05-03T00:09:03","date_gmt":"2013-05-03T05:09:03","guid":{"rendered":"http:\/\/www.diarioimagen.net\/?p=130605"},"modified":"2013-05-03T03:36:18","modified_gmt":"2013-05-03T08:36:18","slug":"mancera-inaugura-el-primer-centro-de-equinoterapia","status":"publish","type":"post","link":"https:\/\/www.diarioimagen.net\/?p=130605","title":{"rendered":"Mancera inaugura el primer Centro de Equinoterapia"},"content":{"rendered":"<ul>\n<li><em><strong>Anuncia que habr\u00e1 otros dos en \u00c1lvaro Obreg\u00f3n y en Venustiano Carranza, donde se atender\u00e1 a por lo menos 1,500 personas<\/strong><\/em><\/li>\n<\/ul>\n<div id=\"attachment_130721\" style=\"width: 250px\" class=\"wp-caption alignleft\"><a href=\"http:\/\/www.diarioimagen.net\/wp-content\/uploads\/2013\/05\/Mancera-2090.jpg\"><img loading=\"lazy\" decoding=\"async\" aria-describedby=\"caption-attachment-130721\" class=\"size-medium wp-image-130721\" alt=\"En Iztapalapa, donde tiene su sede la Polic\u00eda Montada, el jefe de gobierno, Miguel \u00c1ngel Mancera, puso en marcha el Centro de Equinoterapia.\" src=\"http:\/\/www.diarioimagen.net\/wp-content\/uploads\/2013\/05\/Mancera-2090-240x135.jpg\" width=\"240\" height=\"135\" srcset=\"https:\/\/www.diarioimagen.net\/wp-content\/uploads\/2013\/05\/Mancera-2090-240x135.jpg 240w, https:\/\/www.diarioimagen.net\/wp-content\/uploads\/2013\/05\/Mancera-2090-420x236.jpg 420w, https:\/\/www.diarioimagen.net\/wp-content\/uploads\/2013\/05\/Mancera-2090-235x132.jpg 235w, https:\/\/www.diarioimagen.net\/wp-content\/uploads\/2013\/05\/Mancera-2090-202x114.jpg 202w, https:\/\/www.diarioimagen.net\/wp-content\/uploads\/2013\/05\/Mancera-2090-350x196.jpg 350w, https:\/\/www.diarioimagen.net\/wp-content\/uploads\/2013\/05\/Mancera-2090-220x123.jpg 220w, https:\/\/www.diarioimagen.net\/wp-content\/uploads\/2013\/05\/Mancera-2090-237x132.jpg 237w, https:\/\/www.diarioimagen.net\/wp-content\/uploads\/2013\/05\/Mancera-2090.jpg 480w\" sizes=\"auto, (max-width: 240px) 100vw, 240px\" \/><\/a><p id=\"caption-attachment-130721\" class=\"wp-caption-text\">En Iztapalapa, donde tiene su sede la Polic\u00eda Montada, el jefe de gobierno, Miguel \u00c1ngel Mancera, puso en marcha el Centro de Equinoterapia.<\/p><\/div>\n<p>El jefe de gobierno del Distrito Federal, Miguel \u00c1ngel Mancera Espinosa, present\u00f3 el primer Centro de Rehabilitaci\u00f3n de Equinoterapia en la delegaci\u00f3n Iztapalapa y anunci\u00f3 la apertura de otros dos en \u00c1lvaro Obreg\u00f3n y Venustiano Carranza.<\/p>\n<p>El mandatario destac\u00f3 que esas instalaciones operar\u00e1n con personal capacitado y certificado de la Polic\u00eda Montada que brindar\u00e1 terapia, concepto integral de esa dependencia en una faceta diferente a la seguridad que ofrecen diariamente en las calles.<\/p>\n<p>El objetivo es atender a unas mil 500 personas, que pagar\u00e1n un precio estimado de 800 pesos por cada una de las sesiones.<\/p>\n<p>En tanto, el secretario de Seguridad P\u00fablica del Distrito Federal, Jes\u00fas Rodr\u00edguez Almeida, inform\u00f3 que cada uno de los centros que se abrir\u00e1n en las mencionadas demarcaciones del Distrito Federal funcionar\u00e1n de manera inicial con 15 elementos y diez caballos.<\/p>\n<p>En su oportunidad, el secretario de Salud, Armando Ahued, destac\u00f3 que el tratamiento beneficia a personas que padecen par\u00e1lisis cerebral, s\u00edndrome de Down, esclerosis m\u00faltiple, mal de Parkinson, neurosis, toxicoman\u00edas, alcoholismo y crisis convulsivas.<\/p>\n<p>La presidenta de la Asociaci\u00f3n Mexicana de Equitaci\u00f3n Terap\u00e9utica, Blanca Mayol, en tanto, entreg\u00f3 certificaciones a 24 miembros de la Polic\u00eda Montada para aplicar esas terapias e inform\u00f3 que pr\u00f3ximamente se dar\u00e1n 20 certificaciones m\u00e1s en la especialidad, que constituye una instrumento complementario de la ciencia m\u00e9dica.<\/p>\n<p align=\"center\"><b>Inauguran\u00a0<\/b><b>gimnasios urbanos<\/b><\/p>\n<p>Por otra parte, el jefe del GDF puso en marcha la primera etapa del programa de gimnasios urbanos que tiene el objetivo de instalar 300 al aire libre en las diferentes delegaciones de la capital del pa\u00eds.<\/p>\n<p>Mancera Espinosa indic\u00f3 que con esta acci\u00f3n se busca desarrollar mejores formas de vida entre los capitalinos, as\u00ed como generar espacios de convivencia.<\/p>\n<p>Agreg\u00f3 que la empresa Coca Cola Femsa participa con la donaci\u00f3n de cien mil pod\u00f3metros que sirven para realizar el c\u00e1lculo del gasto cal\u00f3rico y como un incentivo a la ciudadan\u00eda para formar parte de ese programa.<\/p>\n<p>&nbsp;<\/p>\n","protected":false},"excerpt":{"rendered":"<p>El jefe de gobierno del Distrito Federal, Miguel \u00c1ngel Mancera Espinosa, present\u00f3 el primer Centro de Rehabilitaci\u00f3n de Equinoterapia en la delegaci\u00f3n Iztapalapa y anunci\u00f3 la apertura de otros dos en \u00c1lvaro Obreg\u00f3n y Venustiano Carranza.<\/p>\n","protected":false},"author":1,"featured_media":130721,"comment_status":"open","ping_status":"open","sticky":false,"template":"","format":"standard","meta":{"_monsterinsights_skip_tracking":false,"_monsterinsights_sitenote_active":false,"_monsterinsights_sitenote_note":"","_monsterinsights_sitenote_category":0,"footnotes":""},"categories":[6],"tags":[39,5314],"class_list":["post-130605","post","type-post","status-publish","format-standard","has-post-thumbnail","hentry","category-cd-de-mexico","tag-distrito-federal","tag-miguel-angel-mancera-espinosa"],"_links":{"self":[{"href":"https:\/\/www.diarioimagen.net\/index.php?rest_route=\/wp\/v2\/posts\/130605","targetHints":{"allow":["GET"]}}],"collection":[{"href":"https:\/\/www.diarioimagen.net\/index.php?rest_route=\/wp\/v2\/posts"}],"about":[{"href":"https:\/\/www.diarioimagen.net\/index.php?rest_route=\/wp\/v2\/types\/post"}],"author":[{"embeddable":true,"href":"https:\/\/www.diarioimagen.net\/index.php?rest_route=\/wp\/v2\/users\/1"}],"replies":[{"embeddable":true,"href":"https:\/\/www.diarioimagen.net\/index.php?rest_route=%2Fwp%2Fv2%2Fcomments&post=130605"}],"version-history":[{"count":0,"href":"https:\/\/www.diarioimagen.net\/index.php?rest_route=\/wp\/v2\/posts\/130605\/revisions"}],"wp:featuredmedia":[{"embeddable":true,"href":"https:\/\/www.diarioimagen.net\/index.php?rest_route=\/wp\/v2\/media\/130721"}],"wp:attachment":[{"href":"https:\/\/www.diarioimagen.net\/index.php?rest_route=%2Fwp%2Fv2%2Fmedia&parent=130605"}],"wp:term":[{"taxonomy":"category","embeddable":true,"href":"https:\/\/www.diarioimagen.net\/index.php?rest_route=%2Fwp%2Fv2%2Fcategories&post=130605"},{"taxonomy":"post_tag","embeddable":true,"href":"https:\/\/www.diarioimagen.net\/index.php?rest_route=%2Fwp%2Fv2%2Ftags&post=130605"}],"curies":[{"name":"wp","href":"https:\/\/api.w.org\/{rel}","templated":true}]}}