{"id":130650,"date":"2013-05-03T00:02:40","date_gmt":"2013-05-03T05:02:40","guid":{"rendered":"http:\/\/www.diarioimagen.net\/?p=130650"},"modified":"2013-05-06T01:43:15","modified_gmt":"2013-05-06T06:43:15","slug":"el-papa-francisco-recibe-a-benedicto-xvi-en-el-vaticano","status":"publish","type":"post","link":"https:\/\/www.diarioimagen.net\/?p=130650","title":{"rendered":"El Papa Francisco recibe a Benedicto XVI en el Vaticano"},"content":{"rendered":"<ul>\n<li><em><strong>Por vez primera, dos sumos pont\u00edfices vivir\u00e1n en la sede y ambos ostentar\u00e1n el t\u00edtulo de Su Santidad<\/strong><\/em><\/li>\n<\/ul>\n<div id=\"attachment_130678\" style=\"width: 250px\" class=\"wp-caption alignleft\"><a href=\"http:\/\/www.diarioimagen.net\/wp-content\/uploads\/2013\/05\/PAPA-2090.jpg\"><img loading=\"lazy\" decoding=\"async\" aria-describedby=\"caption-attachment-130678\" class=\"size-medium wp-image-130678\" alt=\"Benedicto XVI y Francisco se saludan, con lo cual ambos inician una convivencia sin precedente, pues nunca el antecesor estaba vivo.\" src=\"http:\/\/www.diarioimagen.net\/wp-content\/uploads\/2013\/05\/PAPA-2090-240x135.jpg\" width=\"240\" height=\"135\" srcset=\"https:\/\/www.diarioimagen.net\/wp-content\/uploads\/2013\/05\/PAPA-2090-240x135.jpg 240w, https:\/\/www.diarioimagen.net\/wp-content\/uploads\/2013\/05\/PAPA-2090-420x236.jpg 420w, https:\/\/www.diarioimagen.net\/wp-content\/uploads\/2013\/05\/PAPA-2090-235x132.jpg 235w, https:\/\/www.diarioimagen.net\/wp-content\/uploads\/2013\/05\/PAPA-2090-202x114.jpg 202w, https:\/\/www.diarioimagen.net\/wp-content\/uploads\/2013\/05\/PAPA-2090-350x196.jpg 350w, https:\/\/www.diarioimagen.net\/wp-content\/uploads\/2013\/05\/PAPA-2090-220x123.jpg 220w, https:\/\/www.diarioimagen.net\/wp-content\/uploads\/2013\/05\/PAPA-2090-237x132.jpg 237w, https:\/\/www.diarioimagen.net\/wp-content\/uploads\/2013\/05\/PAPA-2090.jpg 480w\" sizes=\"auto, (max-width: 240px) 100vw, 240px\" \/><\/a><p id=\"caption-attachment-130678\" class=\"wp-caption-text\">Benedicto XVI y Francisco se saludan, con lo cual ambos inician una convivencia sin precedente, pues nunca el antecesor estaba vivo.<\/p><\/div>\n<p><strong>Ciudad del Vaticano.-<\/strong> El Papa argentino Francisco recibi\u00f3 al Papa em\u00e9rito Benedicto XVI en el Vaticano, un regreso que marca el inicio de una convivencia sin precedentes entre dos pont\u00edfices.<\/p>\n<p>Se trata de la primera vez en la historia que dos papas conviven dentro de las murallas de El Vaticano, los dos vestidos de blanco y con el t\u00edtulo de Su Santidad.<\/p>\n<p>\u201cEl Papa Francisco lo recibi\u00f3 con gran fraternidad y cordialidad. Tras lo cual se dirigieron a la capilla del monasterio para una breve oraci\u00f3n\u201d, precis\u00f3 en un comunicado la Santa Sede.<\/p>\n<p>El Papa em\u00e9rito se alojar\u00e1 en el convento Mater Ecclesiae, renovado para la ocasi\u00f3n a pocos metros de la Casa Santa Marta, donde reside Francisco.<\/p>\n<p>Benedicto XVI regres\u00f3 procedente de Castelgandolfo, donde habit\u00f3 durante dos meses tras haber dejado el cargo de Pont\u00edfice el 28 de febrero. El Papa em\u00e9rito lleg\u00f3 en helic\u00f3ptero a las 16:45 horas, tiempo local.<\/p>\n<p>La ocasi\u00f3n anterior que se le vio en p\u00fablico, el 23 de marzo, Benedicto XVI parec\u00eda notablemente m\u00e1s fr\u00e1gil y delgado que cuando dej\u00f3 el Vaticano en su \u00faltimo d\u00eda como Papa tres semanas antes.<\/p>\n<p>El padre Federico Lombardi, portavoz de la Santa Sede, reconoci\u00f3 que el ex Pont\u00edfice alem\u00e1n de 86 a\u00f1os ha perdido vigor f\u00edsico tras su retiro, pero insisti\u00f3 en que no sufre dolencia alguna y que s\u00f3lo se trata de su edad avanzada.<\/p>\n<p>\u201cEs un hombre que no es joven: est\u00e1 viejo y su fuerza mengua lentamente\u2019\u2019, expres\u00f3 Lombardi durante la semana.<\/p>\n<p>\u201cSin embargo, no tiene enfermedad alguna en especial. Es un hombre viejo que est\u00e1 saludable\u2019\u2019. Benedicto XVI opt\u00f3 por abandonar de inmediato el Vaticano tras su renuncia el 28 de febrero a fin de sustraerse f\u00edsicamente del proceso en el que su sucesor fue elegido, adem\u00e1s de que quer\u00eda concentrarse en el estudio.<\/p>\n<p>Su ausencia tambi\u00e9n permiti\u00f3 a los trabajadores concluir las renovaciones en el monasterio. Hasta el a\u00f1o pasado, el inmueble aloj\u00f3 a grupos de monjas de clausura invitadas a vivir algunos a\u00f1os dentro de El Vaticano para que oraran por el Pont\u00edfice y la Iglesia en general.<\/p>\n<p>&nbsp;<\/p>\n","protected":false},"excerpt":{"rendered":"<p>El Papa argentino Francisco recibi\u00f3 al Papa em\u00e9rito Benedicto XVI en el Vaticano, un regreso que marca el inicio de una convivencia sin precedentes entre dos pont\u00edfices. Se trata de la primera vez en la historia que dos papas conviven dentro de las murallas de El Vaticano, los dos vestidos de blanco y con el t\u00edtulo de Su Santidad.<\/p>\n","protected":false},"author":1,"featured_media":130678,"comment_status":"open","ping_status":"open","sticky":false,"template":"","format":"standard","meta":{"_monsterinsights_skip_tracking":false,"_monsterinsights_sitenote_active":false,"_monsterinsights_sitenote_note":"","_monsterinsights_sitenote_category":0,"footnotes":""},"categories":[17,9],"tags":[3654,10759,43679],"class_list":["post-130650","post","type-post","status-publish","format-standard","has-post-thumbnail","hentry","category-especiales","category-mundo","tag-benedicto-xvi","tag-ciudad-del-vaticano","tag-mundo"],"_links":{"self":[{"href":"https:\/\/www.diarioimagen.net\/index.php?rest_route=\/wp\/v2\/posts\/130650","targetHints":{"allow":["GET"]}}],"collection":[{"href":"https:\/\/www.diarioimagen.net\/index.php?rest_route=\/wp\/v2\/posts"}],"about":[{"href":"https:\/\/www.diarioimagen.net\/index.php?rest_route=\/wp\/v2\/types\/post"}],"author":[{"embeddable":true,"href":"https:\/\/www.diarioimagen.net\/index.php?rest_route=\/wp\/v2\/users\/1"}],"replies":[{"embeddable":true,"href":"https:\/\/www.diarioimagen.net\/index.php?rest_route=%2Fwp%2Fv2%2Fcomments&post=130650"}],"version-history":[{"count":0,"href":"https:\/\/www.diarioimagen.net\/index.php?rest_route=\/wp\/v2\/posts\/130650\/revisions"}],"wp:featuredmedia":[{"embeddable":true,"href":"https:\/\/www.diarioimagen.net\/index.php?rest_route=\/wp\/v2\/media\/130678"}],"wp:attachment":[{"href":"https:\/\/www.diarioimagen.net\/index.php?rest_route=%2Fwp%2Fv2%2Fmedia&parent=130650"}],"wp:term":[{"taxonomy":"category","embeddable":true,"href":"https:\/\/www.diarioimagen.net\/index.php?rest_route=%2Fwp%2Fv2%2Fcategories&post=130650"},{"taxonomy":"post_tag","embeddable":true,"href":"https:\/\/www.diarioimagen.net\/index.php?rest_route=%2Fwp%2Fv2%2Ftags&post=130650"}],"curies":[{"name":"wp","href":"https:\/\/api.w.org\/{rel}","templated":true}]}}