{"id":130774,"date":"2013-05-06T00:02:00","date_gmt":"2013-05-06T05:02:00","guid":{"rendered":"http:\/\/www.diarioimagen.net\/?p=130774"},"modified":"2013-05-07T02:12:34","modified_gmt":"2013-05-07T07:12:34","slug":"mexico-y-eu-crearan-region-mas-competitiva-del-mundo","status":"publish","type":"post","link":"https:\/\/www.diarioimagen.net\/?p=130774","title":{"rendered":"M\u00e9xico y EU crear\u00e1n regi\u00f3n m\u00e1s competitiva del mundo"},"content":{"rendered":"<ul>\n<li><strong><em>La dependencia se\u00f1ala que ambos pa\u00edses representan un bloque econ\u00f3mico y comercial \u00fanico a escala internaciona<\/em><\/strong><\/li>\n<\/ul>\n<div id=\"attachment_130839\" style=\"width: 250px\" class=\"wp-caption alignleft\"><a href=\"http:\/\/www.diarioimagen.net\/wp-content\/uploads\/2013\/05\/Videgaray-2091.jpg\"><img loading=\"lazy\" decoding=\"async\" aria-describedby=\"caption-attachment-130839\" class=\"size-medium wp-image-130839\" alt=\"El secretario de Hacienda, Luis Videgaray Caso, encabeza los trabajos para hacer de Norteam\u00e9rica la regi\u00f3n m\u00e1s competitiva y din\u00e1mica del mundo.\" src=\"http:\/\/www.diarioimagen.net\/wp-content\/uploads\/2013\/05\/Videgaray-2091-240x135.jpg\" width=\"240\" height=\"135\" srcset=\"https:\/\/www.diarioimagen.net\/wp-content\/uploads\/2013\/05\/Videgaray-2091-240x135.jpg 240w, https:\/\/www.diarioimagen.net\/wp-content\/uploads\/2013\/05\/Videgaray-2091-420x236.jpg 420w, https:\/\/www.diarioimagen.net\/wp-content\/uploads\/2013\/05\/Videgaray-2091-235x132.jpg 235w, https:\/\/www.diarioimagen.net\/wp-content\/uploads\/2013\/05\/Videgaray-2091-202x114.jpg 202w, https:\/\/www.diarioimagen.net\/wp-content\/uploads\/2013\/05\/Videgaray-2091-350x196.jpg 350w, https:\/\/www.diarioimagen.net\/wp-content\/uploads\/2013\/05\/Videgaray-2091-220x123.jpg 220w, https:\/\/www.diarioimagen.net\/wp-content\/uploads\/2013\/05\/Videgaray-2091-237x132.jpg 237w, https:\/\/www.diarioimagen.net\/wp-content\/uploads\/2013\/05\/Videgaray-2091.jpg 480w\" sizes=\"auto, (max-width: 240px) 100vw, 240px\" \/><\/a><p id=\"caption-attachment-130839\" class=\"wp-caption-text\">El secretario de Hacienda, Luis Videgaray Caso, encabeza los trabajos para hacer de Norteam\u00e9rica la regi\u00f3n m\u00e1s competitiva y din\u00e1mica del mundo.<\/p><\/div>\n<p>En el marco de la reciente visita a M\u00e9xico del presidente de Estados Unidos, Barack Obama, ambos gobiernos se comprometieron a trabajar para hacer de Norteam\u00e9rica la regi\u00f3n m\u00e1s competitiva y din\u00e1mica del mundo, destac\u00f3 la Secretar\u00eda de Hacienda y Cr\u00e9dito P\u00fablico (SHCP).<\/p>\n<p>En el Informe Semanal del Vocero, la dependencia expuso que entre M\u00e9xico y Estados Unidos \u201chay grandes oportunidades de cooperaci\u00f3n en beneficio de nuestras poblaciones\u201d.<\/p>\n<p>Refiere que ambos pa\u00edses representan un bloque econ\u00f3mico y comercial \u00fanico a nivel mundial, debido al alto grado de integraci\u00f3n y complementariedades que existen entre sus econom\u00edas,<\/p>\n<p>En este marco, sostuvo que el gobierno federal refrend\u00f3 su compromiso de impulsar el crecimiento econ\u00f3mico interno a trav\u00e9s de las reformas estructurales, a fin de avanzar hacia la conformaci\u00f3n de una regi\u00f3n norteamericana m\u00e1s fuerte y competitiva.<\/p>\n<p>Lo anterior, para lograr que dichos acuerdos internos y transformaciones se conviertan en una realidad y en una mejora para los bolsillos de las familias mexicanas a trav\u00e9s de m\u00e1s y mejores de empleos.<\/p>\n<p>\u201cEs por esto que, en el marco de la visita del presidente Barack Obama a nuestro pa\u00eds, ambos gobiernos se comprometieron a trabajar para hacer de la regi\u00f3n norteamericana la regi\u00f3n m\u00e1s competitiva y din\u00e1mica del mundo. Entre ambos pa\u00edses hay grandes oportunidades de cooperaci\u00f3n en beneficio de nuestras poblaciones\u201d.<\/p>\n<p>En 2012, el crecimiento de la econom\u00eda estadounidense fue de 2.2 por ciento real anual (en comparaci\u00f3n con el 1.8 por ciento de 2011). Sin embargo, en el \u00faltimo trimestre del a\u00f1o pasado el crecimiento del vecino pa\u00eds mostr\u00f3 signos de debilidad (pas\u00f3 de un incremento anual de 3.1 por ciento en el tercer trimestre a -0.1 por ciento en el cuarto trimestre).<\/p>\n<p>Para M\u00e9xico, el PIB real creci\u00f3 3.9% en 2012, y en respuesta a la debilidad del crecimiento en Estados Unidos, la actividad econ\u00f3mica nacional se vio en parte afectada, mientras que para este a\u00f1o la econom\u00eda crecer\u00eda 3.5 por ciento real anual.<\/p>\n<p>Sin embargo, para reducir las vulnerabilidades que se presenten en Estados Unidos se busca que, para los siguientes a\u00f1os, el crecimiento econ\u00f3mico de M\u00e9xico sea impulsado desde el interior, precisa la SHCP.<\/p>\n<p>&nbsp;<\/p>\n","protected":false},"excerpt":{"rendered":"<p>En el marco de la reciente visita a M\u00e9xico del presidente de Estados Unidos, Barack Obama, ambos gobiernos se comprometieron a trabajar para hacer de Norteam\u00e9rica la regi\u00f3n m\u00e1s competitiva y din\u00e1mica del mundo, destac\u00f3 la Secretar\u00eda de Hacienda y Cr\u00e9dito P\u00fablico (SHCP).<\/p>\n","protected":false},"author":3,"featured_media":130839,"comment_status":"open","ping_status":"open","sticky":false,"template":"","format":"standard","meta":{"_monsterinsights_skip_tracking":false,"_monsterinsights_sitenote_active":false,"_monsterinsights_sitenote_note":"","_monsterinsights_sitenote_category":0,"footnotes":""},"categories":[17,3],"tags":[1754,177,7517,44,1101,1102],"class_list":["post-130774","post","type-post","status-publish","format-standard","has-post-thumbnail","hentry","category-especiales","category-nacional","tag-barack-obama","tag-estados-unidos","tag-luis-videgaray-caso","tag-mexico","tag-secretaria-de-hacienda-y-credito-publico","tag-shcp"],"_links":{"self":[{"href":"https:\/\/www.diarioimagen.net\/index.php?rest_route=\/wp\/v2\/posts\/130774","targetHints":{"allow":["GET"]}}],"collection":[{"href":"https:\/\/www.diarioimagen.net\/index.php?rest_route=\/wp\/v2\/posts"}],"about":[{"href":"https:\/\/www.diarioimagen.net\/index.php?rest_route=\/wp\/v2\/types\/post"}],"author":[{"embeddable":true,"href":"https:\/\/www.diarioimagen.net\/index.php?rest_route=\/wp\/v2\/users\/3"}],"replies":[{"embeddable":true,"href":"https:\/\/www.diarioimagen.net\/index.php?rest_route=%2Fwp%2Fv2%2Fcomments&post=130774"}],"version-history":[{"count":0,"href":"https:\/\/www.diarioimagen.net\/index.php?rest_route=\/wp\/v2\/posts\/130774\/revisions"}],"wp:featuredmedia":[{"embeddable":true,"href":"https:\/\/www.diarioimagen.net\/index.php?rest_route=\/wp\/v2\/media\/130839"}],"wp:attachment":[{"href":"https:\/\/www.diarioimagen.net\/index.php?rest_route=%2Fwp%2Fv2%2Fmedia&parent=130774"}],"wp:term":[{"taxonomy":"category","embeddable":true,"href":"https:\/\/www.diarioimagen.net\/index.php?rest_route=%2Fwp%2Fv2%2Fcategories&post=130774"},{"taxonomy":"post_tag","embeddable":true,"href":"https:\/\/www.diarioimagen.net\/index.php?rest_route=%2Fwp%2Fv2%2Ftags&post=130774"}],"curies":[{"name":"wp","href":"https:\/\/api.w.org\/{rel}","templated":true}]}}