{"id":130777,"date":"2013-05-06T00:01:23","date_gmt":"2013-05-06T05:01:23","guid":{"rendered":"http:\/\/www.diarioimagen.net\/?p=130777"},"modified":"2013-05-06T22:58:05","modified_gmt":"2013-05-07T03:58:05","slug":"great-place-to-work-institute-reconocio-al-hotel-four-seasons-ciudad-de-mexico","status":"publish","type":"post","link":"https:\/\/www.diarioimagen.net\/?p=130777","title":{"rendered":"<i>Great Place to Work Institute<\/i> reconoci\u00f3 al hotel Four Seasons ciudad de M\u00e9xico"},"content":{"rendered":"<h2>De cinco estrellas<\/h2>\n<h5>Victoria Gonz\u00e1lez Prado<\/h5>\n<p>&nbsp;<\/p>\n<ul>\n<li><em><strong>Una enorme derrama econ\u00f3mica para quienes conserven el medio ambiente: Torruco<\/strong><\/em><\/li>\n<li><em><strong>Distintas acciones emprendidas por la Sectur beneficiar\u00e1n la actividad tur\u00edstica en el pa\u00eds<\/strong><\/em><\/li>\n<\/ul>\n<p><i>\u00a0<\/i><\/p>\n<div id=\"attachment_130905\" style=\"width: 250px\" class=\"wp-caption alignleft\"><a href=\"http:\/\/www.diarioimagen.net\/wp-content\/uploads\/2013\/05\/turismo-2091.jpg\"><img loading=\"lazy\" decoding=\"async\" aria-describedby=\"caption-attachment-130905\" class=\"size-medium wp-image-130905\" alt=\"Pilar Ortiz, Ricardo Acevedo, Victoria Campos y Alberto Araujo.\" src=\"http:\/\/www.diarioimagen.net\/wp-content\/uploads\/2013\/05\/turismo-2091-240x135.jpg\" width=\"240\" height=\"135\" srcset=\"https:\/\/www.diarioimagen.net\/wp-content\/uploads\/2013\/05\/turismo-2091-240x135.jpg 240w, https:\/\/www.diarioimagen.net\/wp-content\/uploads\/2013\/05\/turismo-2091-420x236.jpg 420w, https:\/\/www.diarioimagen.net\/wp-content\/uploads\/2013\/05\/turismo-2091-235x132.jpg 235w, https:\/\/www.diarioimagen.net\/wp-content\/uploads\/2013\/05\/turismo-2091-202x114.jpg 202w, https:\/\/www.diarioimagen.net\/wp-content\/uploads\/2013\/05\/turismo-2091-350x196.jpg 350w, https:\/\/www.diarioimagen.net\/wp-content\/uploads\/2013\/05\/turismo-2091-220x123.jpg 220w, https:\/\/www.diarioimagen.net\/wp-content\/uploads\/2013\/05\/turismo-2091-237x132.jpg 237w, https:\/\/www.diarioimagen.net\/wp-content\/uploads\/2013\/05\/turismo-2091.jpg 480w\" sizes=\"auto, (max-width: 240px) 100vw, 240px\" \/><\/a><p id=\"caption-attachment-130905\" class=\"wp-caption-text\">Pilar Ortiz, Ricardo Acevedo, Victoria Campos y Alberto Araujo.<\/p><\/div>\n<p><i>Great Place to Work Institute<\/i> reconoci\u00f3 al hotel <i>Four Seasons<\/i> ciudad de M\u00e9xico por haber logrado un excelente lugar entre las empresas con 500 a 5 mil colaboradores. Este a\u00f1o participaron m\u00e1s de 500 empresas, pero tan s\u00f3lo 100 alcanzaron este reconocimiento. El hotel <i>Four Seasons<\/i> ciudad de M\u00e9xico particip\u00f3 por tercera vez. Siendo la filosof\u00eda de la cadena canadiense que tener un empleado feliz y capacitado continuamente hace que los hu\u00e9spedes y los clientes del hotel sean agradablemente satisfechos, no ha sido dif\u00edcil ocupar el puesto 27 a nivel nacional. La cultura de esta compa\u00f1\u00eda internacional basada en la Regla de Oro: Trata a los dem\u00e1s como quieres que te traten a ti, ha funcionado muy bien. La pasi\u00f3n por el servicio es la actitud correcta como resultado de esta regla puesta en pr\u00e1ctica con programas ben\u00e9ficos para los empleados. El premio fue recibido por <b>Ricardo Acevedo<\/b>, director general del hotel; <b>Pilar Ortiz<\/b>, gerente de Recursos Humanos; <b>Victoria Campos<\/b>, directora de Ventas y Mercadotecnia, y <b>Alberto Araujo<\/b>, director de Mantenimiento. \u201cMe da un enorme gusto recibir por tercer a\u00f1o consecutivo este reconocimiento por parte del <i>\u00a0Great Place to Work\u00a0 Institute, <\/i>porque demuestra que en <i>Four Seasons<\/i> hemos entendido que nuestros empleados son tan importantes como nuestros hu\u00e9spedes y clientes y que la plena satisfacci\u00f3n de ambos da como resultado buenos negocios para todos\u201d, dijo <b>Ricardo Acevedo<\/b>.<\/p>\n<p>\u2730\u2730\u2730\u2730\u2730 \u00a0\u201cLas naciones que mejor conserven su medio ambiente y preserven su identidad hist\u00f3rica, cultural y gastron\u00f3mica, ser\u00e1n las beneficiadas de la enorme derrama econ\u00f3mica del turismo para los a\u00f1os venideros, asegur\u00f3 <b>Miguel Torruco<\/b>, secretario de Turismo capitalino, durante la reuni\u00f3n tem\u00e1tica \u201cDesarrollo Econ\u00f3mico Sustentable\u201d, como parte del Foro de Consulta P\u00fablica que dar\u00e1 como resultado el \u201cPrograma General de Desarrollo del Distrito Federal, 2013-2018\u201d. Ante la presencia de los secretarios de Medio Ambiente, <b>Tania M\u00fcller<\/b>; Desarrollo Econ\u00f3mico, <b>Salom\u00f3n Chertorivski<\/b>; Desarrollo Urbano y Vivienda, <b>Salom\u00f3n Newman<\/b>, los acad\u00e9micos <b>Julieta Fierro<\/b>, directora del Instituto de Astronom\u00eda de la UNAM; <b>Rosaura Ruiz<\/b>, directora de la Facultad de Ciencias de la UNAM, y los investigadores <b>Claudia Sheinbaum<\/b> y <b>Enrique Provencio<\/b>, el secretario de Turismo del DF, se\u00f1al\u00f3 que el cuidado del medio ambiente favorecer\u00e1 la captaci\u00f3n de divisas, la generaci\u00f3n de empleos y, en especial, el desarrollo de la poblaci\u00f3n local. Con la asistencia de alrededor de mil personas, reunidas en la sede de Expo Reforma, agreg\u00f3 que en las pr\u00f3ximas tres d\u00e9cadas, la humanidad dispondr\u00e1 de m\u00e1s tiempo libre, mayores ingresos, mejores medios de comunicaci\u00f3n y de transporte, y quienes apuesten por la sustentabilidad ambiental, alcanzar\u00e1n una mejor calidad de vida y progreso. El funcionario explic\u00f3 que otro gran reto para los pr\u00f3ximos a\u00f1os es la soluci\u00f3n de la actual problem\u00e1tica del Aeropuerto Internacional de la Ciudad de M\u00e9xico. En este sentido, coment\u00f3 que se debe dar paso a un aeropuerto metropolitano, que cuente inicialmente con dos pistas, por lo menos, en las que t\u00e9cnicamente se permita el aterrizaje y despegue en forma simult\u00e1nea, lo cual no sucede hoy en d\u00eda en la terminal capitalina, debido a la cercan\u00eda de dichas pistas; esto ha provocado retardos en \u201ccascada\u201d, dado el creciente n\u00famero de operaciones a\u00e9reas, apunt\u00f3. Finalmente, hizo un exhorto a los asistentes para aportar propuestas que enriquezcan el \u201cPrograma de Gobierno del Distrito Federal, 2013-2018\u201d, que encabeza <b>Miguel \u00c1ngel Mancera<\/b>, para bien de los que habitamos esta ciudad, digna puerta de entrada de nuestra gran naci\u00f3n.<\/p>\n<p>\u2730\u2730\u2730\u2730\u2730 En los \u00faltimos d\u00edas, la Secretar\u00eda de Turismo federal ha impulsado distintas acciones que beneficiar\u00e1n de alguna manera la actividad tur\u00edstica en el pa\u00eds, entre ellas destaca la reuni\u00f3n que sostuvo <b>Claudia Ruiz Massieu<\/b> con el embajador designado de M\u00e9xico en la Rep\u00fablica Popular China, <b>Juli\u00e1n Ventura Valero<\/b>, con quien acord\u00f3 fortalecer la promoci\u00f3n en aquel pa\u00eds de los destinos tur\u00edsticos de M\u00e9xico. Esa regi\u00f3n, dijo la titular de la Sectur, ofrece una oportunidad inmejorable para impulsar la actividad tur\u00edstica de nuestra naci\u00f3n, por lo que se trabajar\u00e1 para fortalecer la conectividad y el crecimiento de flujos tur\u00edsticos, especialmente en los segmentos de turismo cultural y de lujo. El mercado asi\u00e1tico ha mostrado especial inter\u00e9s en los destinos culturales de nuestro pa\u00eds, ciudades patrimonio de la humanidad, turismo de lujo y de sol y playa; adem\u00e1s, el turismo de negocios proveniente de esa regi\u00f3n tambi\u00e9n ha reportado un crecimiento. Informaci\u00f3n del Sistema Integral de Operaci\u00f3n Migratoria (SIOM), se\u00f1ala que en el periodo enero-marzo de este a\u00f1o, 15 mil 894 visitantes chinos viajaron a M\u00e9xico, cifra 41.4% mayor que en el mismo periodo de 2012. La Organizaci\u00f3n Mundial del Turismo (OMT) estima que China ser\u00e1 la mayor fuente mundial de turistas salientes en 2020; adem\u00e1s, ese pa\u00eds ocupa el tercer lugar a nivel mundial en gasto por turismo internacional, con 72.6 mil millones de d\u00f3lares, despu\u00e9s de Alemania y Estados Unidos. Por otra parte, se impulsar\u00e1 el segmento de turismo cultural en nuestro pa\u00eds, para lo cual se realiz\u00f3 la Jornada de Formaci\u00f3n sobre Turismo Cultural Mud\u00e9jar y Barroco de M\u00e9xico, encuentro en el que participaron la Fundaci\u00f3n P\u00fablica Andaluza, la Agencia Espa\u00f1ola de Cooperaci\u00f3n Internacional para el Desarrollo (AECID),\u00a0 representantes del Consejo Nacional para la Cultura y las Artes (Conaculta) y de la Sectur; Promotores culturales, consultores y operadores de viaje, interesados en temas de turismo cultural. Se realiz\u00f3 una investigaci\u00f3n sobre las diversas expresiones art\u00edsticas y culturales del legado andaluc\u00ed en nuestro pa\u00eds, destacando la arquitectura mud\u00e9jar, la gastronom\u00eda y diferentes manifestaciones de arte, lo que permitir\u00e1 impulsar la creaci\u00f3n de nuevos productos tur\u00edsticos. Las corrientes del barroco y mud\u00e9jar tienen importantes manifestaciones en los estados de Oaxaca, Puebla, Tlaxcala y Veracruz, principalmente. Otra de las acciones emprendidas es la firma del Convenio de Coordinaci\u00f3n en Materia de Otorgamiento de Subsidios 2013, con el gobernador del Estado de M\u00e9xico, <b>Eruviel \u00c1vila Villegas<\/b>, que detonar\u00e1 una inversi\u00f3n conjunta de 100 millones de pesos para impulsar el desarrollo de los principales destinos tur\u00edsticos de la entidad. Los recursos permitir\u00e1n mejorar la competitividad, la creaci\u00f3n de nuevos productos, as\u00ed como el equipamiento y la imagen urbana en los centros tur\u00edsticos del estado. Se fortalecer\u00e1n las tareas de capacitaci\u00f3n, lo que permitir\u00e1 ofrecer un mejor servicio a los visitantes, tanto nacionales y extranjeros. <b>Claudia Ru\u00edz Massieu<\/b> destac\u00f3 el Estado de M\u00e9xico es un importante polo tur\u00edstico con atractivos como sus cinco pueblos m\u00e1gicos (El Oro, Malinalco, Metepec, Tepotzotl\u00e1n y Valle de Bravo); zonas arqueol\u00f3gicas como Teotihuac\u00e1n; el santuario de la mariposa Monarca; el zool\u00f3gico de Zacango; la zona de volcanes, as\u00ed como una variada gastronom\u00eda, que se complementa con segmentos como el turismo cultural, de naturaleza y aventura, arqueolog\u00eda y turismo de negocios. \u201cEl gobierno de la Rep\u00fablica dar\u00e1 todo el apoyo a los estados, porque el turismo es una actividad estrat\u00e9gica por su gran potencial para generar crecimiento en las diferentes regiones del pa\u00eds y empleo para las familias\u201d, indic\u00f3.\u00a0 Al mismo tiempo, se dio a conocer que en el primer trimestre del a\u00f1o arribaron al pa\u00eds 3 millones 405 mil 118 visitantes internacionales por v\u00eda a\u00e9rea, cifra que representa un crecimiento de 5.9% en comparaci\u00f3n con el mismo periodo de 2012. En un comunicado la Sectur se refiri\u00f3 a Informaci\u00f3n del Sistema Integral de Operaci\u00f3n Migratoria (ISIOM) y se\u00f1al\u00f3 que el principal mercado emisor de visitantes hacia nuestro pa\u00eds es Estados Unidos. Destac\u00f3 que de enero a marzo del presente a\u00f1o ingresaron 1.8 millones de visitantes, 5.9% m\u00e1s, en relaci\u00f3n con los primeros tres meses del a\u00f1o pasado. En marzo llegaron a M\u00e9xico 1.3 millones de visitantes internacionales por v\u00eda a\u00e9rea, cifra 9.3% superior a los 1.2 millones que se reportaron en el mismo mes de 2012. Durante enero-marzo se registr\u00f3 el arribo de 32 mil visitantes rusos, un crecimiento de 78.8% en relaci\u00f3n con el a\u00f1o pasado. Adem\u00e1s, durante el mismo periodo, Colombia registr\u00f3 un aumento de 69 por ciento, con m\u00e1s de 56 mil visitantes; Per\u00fa creci\u00f3 57.7%, con m\u00e1s de 30 mil; la cifra de viajeros provenientes de China creci\u00f3 41.4%, con m\u00e1s de 16 mil personas. En las primeras 15 semanas de 2013 la ocupaci\u00f3n hotelera en los 70 principales destinos tur\u00edsticos del pa\u00eds tambi\u00e9n registr\u00f3 un crecimiento de 6.8%, en comparaci\u00f3n con el mismo periodo del a\u00f1o pasado, y 16.5 mayor que en 2011. Asimismo, del 1 de enero al 14 de abril del presente a\u00f1o, el n\u00famero de cuartos de hotel ocupados en los destinos de referencia ascendi\u00f3 a 198 mil 270.<\/p>\n<p><i><em><a href=\"mailto:victoriagprado@gmail.com\" target=\"_blank\">victoriagprado@gmail.com<\/a><\/em><\/i><\/p>\n","protected":false},"excerpt":{"rendered":"<p>i>Great Place to Work Institute reconoci\u00f3 al hotel <i>Four Seasons<\/i> ciudad de M\u00e9xico por haber logrado un excelente lugar entre las empresas con 500 a 5 mil colaboradores. Este a\u00f1o participaron m\u00e1s de 500 empresas, pero tan s\u00f3lo 100 alcanzaron este reconocimiento. <\/p>\n","protected":false},"author":3,"featured_media":130905,"comment_status":"open","ping_status":"open","sticky":false,"template":"","format":"standard","meta":{"_monsterinsights_skip_tracking":false,"_monsterinsights_sitenote_active":false,"_monsterinsights_sitenote_note":"","_monsterinsights_sitenote_category":0,"footnotes":""},"categories":[11],"tags":[204,107,5314,43681,570,106],"class_list":["post-130777","post","type-post","status-publish","format-standard","has-post-thumbnail","hentry","category-turismo","tag-ciudad-de-mexico","tag-de-cinco-estrellas","tag-miguel-angel-mancera-espinosa","tag-turismo","tag-unam","tag-victoria-gonzalez-prado"],"_links":{"self":[{"href":"https:\/\/www.diarioimagen.net\/index.php?rest_route=\/wp\/v2\/posts\/130777","targetHints":{"allow":["GET"]}}],"collection":[{"href":"https:\/\/www.diarioimagen.net\/index.php?rest_route=\/wp\/v2\/posts"}],"about":[{"href":"https:\/\/www.diarioimagen.net\/index.php?rest_route=\/wp\/v2\/types\/post"}],"author":[{"embeddable":true,"href":"https:\/\/www.diarioimagen.net\/index.php?rest_route=\/wp\/v2\/users\/3"}],"replies":[{"embeddable":true,"href":"https:\/\/www.diarioimagen.net\/index.php?rest_route=%2Fwp%2Fv2%2Fcomments&post=130777"}],"version-history":[{"count":0,"href":"https:\/\/www.diarioimagen.net\/index.php?rest_route=\/wp\/v2\/posts\/130777\/revisions"}],"wp:featuredmedia":[{"embeddable":true,"href":"https:\/\/www.diarioimagen.net\/index.php?rest_route=\/wp\/v2\/media\/130905"}],"wp:attachment":[{"href":"https:\/\/www.diarioimagen.net\/index.php?rest_route=%2Fwp%2Fv2%2Fmedia&parent=130777"}],"wp:term":[{"taxonomy":"category","embeddable":true,"href":"https:\/\/www.diarioimagen.net\/index.php?rest_route=%2Fwp%2Fv2%2Fcategories&post=130777"},{"taxonomy":"post_tag","embeddable":true,"href":"https:\/\/www.diarioimagen.net\/index.php?rest_route=%2Fwp%2Fv2%2Ftags&post=130777"}],"curies":[{"name":"wp","href":"https:\/\/api.w.org\/{rel}","templated":true}]}}