{"id":130800,"date":"2013-05-06T00:04:07","date_gmt":"2013-05-06T05:04:07","guid":{"rendered":"http:\/\/www.diarioimagen.net\/?p=130800"},"modified":"2013-05-06T02:17:39","modified_gmt":"2013-05-06T07:17:39","slug":"hallan-siete-cuerpos-en-dos-autos-en-ecatepec","status":"publish","type":"post","link":"https:\/\/www.diarioimagen.net\/?p=130800","title":{"rendered":"Hallan siete cuerpos en dos autos en Ecatepec"},"content":{"rendered":"<ul>\n<li><strong><em>Tres estaban desnudos y torturados<\/em><\/strong><\/li>\n<\/ul>\n<div id=\"attachment_130900\" style=\"width: 250px\" class=\"wp-caption alignleft\"><a href=\"http:\/\/www.diarioimagen.net\/wp-content\/uploads\/2013\/05\/seguridad-2091.jpg\"><img loading=\"lazy\" decoding=\"async\" aria-describedby=\"caption-attachment-130900\" class=\"size-medium wp-image-130900\" alt=\"Los cad\u00e1veres fueron encontrados dentro de dos veh\u00edculos.\" src=\"http:\/\/www.diarioimagen.net\/wp-content\/uploads\/2013\/05\/seguridad-2091-240x135.jpg\" width=\"240\" height=\"135\" srcset=\"https:\/\/www.diarioimagen.net\/wp-content\/uploads\/2013\/05\/seguridad-2091-240x135.jpg 240w, https:\/\/www.diarioimagen.net\/wp-content\/uploads\/2013\/05\/seguridad-2091-420x236.jpg 420w, https:\/\/www.diarioimagen.net\/wp-content\/uploads\/2013\/05\/seguridad-2091-235x132.jpg 235w, https:\/\/www.diarioimagen.net\/wp-content\/uploads\/2013\/05\/seguridad-2091-202x114.jpg 202w, https:\/\/www.diarioimagen.net\/wp-content\/uploads\/2013\/05\/seguridad-2091-350x196.jpg 350w, https:\/\/www.diarioimagen.net\/wp-content\/uploads\/2013\/05\/seguridad-2091-220x123.jpg 220w, https:\/\/www.diarioimagen.net\/wp-content\/uploads\/2013\/05\/seguridad-2091-237x132.jpg 237w, https:\/\/www.diarioimagen.net\/wp-content\/uploads\/2013\/05\/seguridad-2091.jpg 480w\" sizes=\"auto, (max-width: 240px) 100vw, 240px\" \/><\/a><p id=\"caption-attachment-130900\" class=\"wp-caption-text\">Los cad\u00e1veres fueron encontrados dentro de dos veh\u00edculos.<\/p><\/div>\n<p><strong>Ecatepec, Estado de M\u00e9xico<\/strong>.- El Ayuntamiento de Ecatepec inform\u00f3 que son siete los cad\u00e1veres que fueron localizados en la colonia Obrera Jajalpa la madrugada de ayer.<\/p>\n<p>Seg\u00fan la informaci\u00f3n, difundida en un comunicado, los cuerpos fueron hallados afuera de dos autos Volkswagen Pointer, uno de los cuales tiene crom\u00e1tica de taxi.<\/p>\n<p>\u201cAnte los hechos suscitados ayer domingo a muy temprana hora, donde siete cuerpos sin vida fueron localizados en el exterior de dos veh\u00edculos tipo Pointer, uno de los cuales tiene crom\u00e1tica de taxi, en la calle John F. Kennedy de la colonia Obrera Jajalpa, el ayuntamiento de Ecatepec de Morelos reprueba este hecho de violencia\u201d, indica la alcald\u00eda en el documento.<\/p>\n<p>Mandos policiacos revelaron que tres de las v\u00edctimas, al parecer j\u00f3venes de entre 18 y 20 a\u00f1os de edad, se encontraban desnudos, con se\u00f1ales de estrangulamiento y tortura.<\/p>\n<p>En tanto, otras dos de las v\u00edctimas, de entre 35 y 40 a\u00f1os de edad, estaban vestidos y, al parecer, no tendr\u00edan\u00ad relaci\u00f3n con los otros cuerpos.<\/p>\n<p>La fuente consultada, consider\u00f3 que las dos \u00faltimas v\u00edctimas presuntamente fueron asesinadas en el sitio cuando vieron a los homicidas.<\/p>\n<p>Las autoridades a\u00fan no han informado en qu\u00e9 condiciones fueron hallados los dos cad\u00e1veres restantes ni sus caracter\u00edsticas f\u00edsicas.<\/p>\n<p>&nbsp;<\/p>\n","protected":false},"excerpt":{"rendered":"<p>El Ayuntamiento de Ecatepec inform\u00f3 que son siete los cad\u00e1veres que fueron localizados en la colonia Obrera Jajalpa la madrugada de ayer.<\/p>\n","protected":false},"author":3,"featured_media":130900,"comment_status":"open","ping_status":"open","sticky":false,"template":"","format":"standard","meta":{"_monsterinsights_skip_tracking":false,"_monsterinsights_sitenote_active":false,"_monsterinsights_sitenote_note":"","_monsterinsights_sitenote_category":0,"footnotes":""},"categories":[7],"tags":[7768,454,43675,43677,5499],"class_list":["post-130800","post","type-post","status-publish","format-standard","has-post-thumbnail","hentry","category-seguridad","tag-cadaveres","tag-ecatepec","tag-estado-de-mexico","tag-seguridad","tag-victimas"],"_links":{"self":[{"href":"https:\/\/www.diarioimagen.net\/index.php?rest_route=\/wp\/v2\/posts\/130800","targetHints":{"allow":["GET"]}}],"collection":[{"href":"https:\/\/www.diarioimagen.net\/index.php?rest_route=\/wp\/v2\/posts"}],"about":[{"href":"https:\/\/www.diarioimagen.net\/index.php?rest_route=\/wp\/v2\/types\/post"}],"author":[{"embeddable":true,"href":"https:\/\/www.diarioimagen.net\/index.php?rest_route=\/wp\/v2\/users\/3"}],"replies":[{"embeddable":true,"href":"https:\/\/www.diarioimagen.net\/index.php?rest_route=%2Fwp%2Fv2%2Fcomments&post=130800"}],"version-history":[{"count":0,"href":"https:\/\/www.diarioimagen.net\/index.php?rest_route=\/wp\/v2\/posts\/130800\/revisions"}],"wp:featuredmedia":[{"embeddable":true,"href":"https:\/\/www.diarioimagen.net\/index.php?rest_route=\/wp\/v2\/media\/130900"}],"wp:attachment":[{"href":"https:\/\/www.diarioimagen.net\/index.php?rest_route=%2Fwp%2Fv2%2Fmedia&parent=130800"}],"wp:term":[{"taxonomy":"category","embeddable":true,"href":"https:\/\/www.diarioimagen.net\/index.php?rest_route=%2Fwp%2Fv2%2Fcategories&post=130800"},{"taxonomy":"post_tag","embeddable":true,"href":"https:\/\/www.diarioimagen.net\/index.php?rest_route=%2Fwp%2Fv2%2Ftags&post=130800"}],"curies":[{"name":"wp","href":"https:\/\/api.w.org\/{rel}","templated":true}]}}