{"id":130806,"date":"2013-05-06T01:59:40","date_gmt":"2013-05-06T06:59:40","guid":{"rendered":"http:\/\/www.diarioimagen.net\/?p=130806"},"modified":"2013-05-06T01:59:40","modified_gmt":"2013-05-06T06:59:40","slug":"la-esperanza-de-vida-va-en-aumento-mercedes-juan","status":"publish","type":"post","link":"https:\/\/www.diarioimagen.net\/?p=130806","title":{"rendered":"La esperanza de vida va en aumento: Mercedes Juan"},"content":{"rendered":"<ul>\n<li><strong><em>La titular de la Ssa se\u00f1ala que se debe trabajar para reducir la obesidad, diabetes y la hipertensi\u00f3n arterial<\/em><\/strong><\/li>\n<\/ul>\n<div id=\"attachment_130879\" style=\"width: 250px\" class=\"wp-caption alignleft\"><a href=\"http:\/\/www.diarioimagen.net\/wp-content\/uploads\/2013\/05\/SALUD-2091.jpg\"><img loading=\"lazy\" decoding=\"async\" aria-describedby=\"caption-attachment-130879\" class=\"size-medium wp-image-130879\" alt=\"La secretaria de Salud, Mercedes Juan y el rector de la UNAM, Jos\u00e9 Narro, al inaugurar un ciclo de conferencias en la Facultad de Qu\u00edmica.\" src=\"http:\/\/www.diarioimagen.net\/wp-content\/uploads\/2013\/05\/SALUD-2091-240x135.jpg\" width=\"240\" height=\"135\" srcset=\"https:\/\/www.diarioimagen.net\/wp-content\/uploads\/2013\/05\/SALUD-2091-240x135.jpg 240w, https:\/\/www.diarioimagen.net\/wp-content\/uploads\/2013\/05\/SALUD-2091-420x236.jpg 420w, https:\/\/www.diarioimagen.net\/wp-content\/uploads\/2013\/05\/SALUD-2091-235x132.jpg 235w, https:\/\/www.diarioimagen.net\/wp-content\/uploads\/2013\/05\/SALUD-2091-202x114.jpg 202w, https:\/\/www.diarioimagen.net\/wp-content\/uploads\/2013\/05\/SALUD-2091-350x196.jpg 350w, https:\/\/www.diarioimagen.net\/wp-content\/uploads\/2013\/05\/SALUD-2091-220x123.jpg 220w, https:\/\/www.diarioimagen.net\/wp-content\/uploads\/2013\/05\/SALUD-2091-237x132.jpg 237w, https:\/\/www.diarioimagen.net\/wp-content\/uploads\/2013\/05\/SALUD-2091.jpg 480w\" sizes=\"auto, (max-width: 240px) 100vw, 240px\" \/><\/a><p id=\"caption-attachment-130879\" class=\"wp-caption-text\">La secretaria de Salud, Mercedes Juan y el rector de la UNAM, Jos\u00e9 Narro, al inaugurar un ciclo de conferencias en la Facultad de Qu\u00edmica.<\/p><\/div>\n<p>Durante el segundo ciclo de conferencias de la Facultad de Qu\u00edmica de la Universidad Nacional Aut\u00f3noma de M\u00e9xico (UNAM), la doctora Mercedes Juan, secretaria de Salud, afirm\u00f3 que la esperanza de vida en M\u00e9xico ha ido en aumento, debido a la mejora en el diagn\u00f3stico y tratamiento.<\/p>\n<p>Sin embargo, los cambios demogr\u00e1ficos, en la prevalencia de las enfermedades y en los estilos de vida, han propiciado un incremento de las enfermedades cr\u00f3nicas no transmisibles.<\/p>\n<p>Destac\u00f3 que uno de los prop\u00f3sitos m\u00e1s importantes en materia de salud est\u00e1 enfocado a la disminuci\u00f3n de las enfermedades cr\u00f3nicas no transmisibles que se han incrementado, un caso es la prevalencia de la diabetes mellitus, que pas\u00f3 del 7.1 por ciento en 2006 a 9.2 en 2012, por lo que es importante la prevenci\u00f3n.<\/p>\n<p>En el \u00e1mbito del sobrepeso y la obesidad, conforme a cifras de la Encuesta Nacional en Salud, el 70 por ciento de la poblaci\u00f3n padece este problema y el gasto que se realiz\u00f3 en 2008 fue de 42 mil millones de pesos, y se espera que en 2017 sea de 101 mil millones de pesos.<\/p>\n<p>Ante esa situaci\u00f3n insisti\u00f3 la titular de Salud, debemos continuar promoviendo entre la poblaci\u00f3n una mejor alimentaci\u00f3n y una activaci\u00f3n f\u00edsica, para reducir tanto el sobrepeso como la obesidad, que son las que m\u00e1s aquejan al pa\u00eds.<\/p>\n<p>Resalt\u00f3 los esfuerzos que el presidente\u00a0 Enrique Pe\u00f1a Nieto ha puesto en materia de salud, con los cinco ejes, las 13 decisiones y el \u201cPacto por M\u00e9xico\u201d, y enfatiz\u00f3 que se trabaja para que la poblaci\u00f3n tenga acceso efectivo, mejor calidad en los servicios y sobre todo en la prevenci\u00f3n.<b><\/b><\/p>\n<p>&nbsp;<\/p>\n","protected":false},"excerpt":{"rendered":"<p>Durante el segundo ciclo de conferencias de la Facultad de Qu\u00edmica de la Universidad Nacional Aut\u00f3noma de M\u00e9xico (UNAM), la doctora Mercedes Juan, secretaria de Salud, afirm\u00f3 que la esperanza de vida en M\u00e9xico ha ido en aumento, debido a la mejora en el diagn\u00f3stico y tratamiento.<\/p>\n","protected":false},"author":3,"featured_media":130879,"comment_status":"open","ping_status":"open","sticky":false,"template":"","format":"standard","meta":{"_monsterinsights_skip_tracking":false,"_monsterinsights_sitenote_active":false,"_monsterinsights_sitenote_note":"","_monsterinsights_sitenote_category":0,"footnotes":""},"categories":[877],"tags":[18737,571,43692,570,4048],"class_list":["post-130806","post","type-post","status-publish","format-standard","has-post-thumbnail","hentry","category-salud","tag-facultad-de-quimica","tag-jose-narro-robles","tag-salud","tag-unam","tag-universidad-nacional-autonoma-de-mexico"],"_links":{"self":[{"href":"https:\/\/www.diarioimagen.net\/index.php?rest_route=\/wp\/v2\/posts\/130806","targetHints":{"allow":["GET"]}}],"collection":[{"href":"https:\/\/www.diarioimagen.net\/index.php?rest_route=\/wp\/v2\/posts"}],"about":[{"href":"https:\/\/www.diarioimagen.net\/index.php?rest_route=\/wp\/v2\/types\/post"}],"author":[{"embeddable":true,"href":"https:\/\/www.diarioimagen.net\/index.php?rest_route=\/wp\/v2\/users\/3"}],"replies":[{"embeddable":true,"href":"https:\/\/www.diarioimagen.net\/index.php?rest_route=%2Fwp%2Fv2%2Fcomments&post=130806"}],"version-history":[{"count":0,"href":"https:\/\/www.diarioimagen.net\/index.php?rest_route=\/wp\/v2\/posts\/130806\/revisions"}],"wp:featuredmedia":[{"embeddable":true,"href":"https:\/\/www.diarioimagen.net\/index.php?rest_route=\/wp\/v2\/media\/130879"}],"wp:attachment":[{"href":"https:\/\/www.diarioimagen.net\/index.php?rest_route=%2Fwp%2Fv2%2Fmedia&parent=130806"}],"wp:term":[{"taxonomy":"category","embeddable":true,"href":"https:\/\/www.diarioimagen.net\/index.php?rest_route=%2Fwp%2Fv2%2Fcategories&post=130806"},{"taxonomy":"post_tag","embeddable":true,"href":"https:\/\/www.diarioimagen.net\/index.php?rest_route=%2Fwp%2Fv2%2Ftags&post=130806"}],"curies":[{"name":"wp","href":"https:\/\/api.w.org\/{rel}","templated":true}]}}