{"id":130818,"date":"2013-05-06T00:04:49","date_gmt":"2013-05-06T05:04:49","guid":{"rendered":"http:\/\/www.diarioimagen.net\/?p=130818"},"modified":"2013-05-06T22:44:25","modified_gmt":"2013-05-07T03:44:25","slug":"agresiones-contra-periodistas","status":"publish","type":"post","link":"https:\/\/www.diarioimagen.net\/?p=130818","title":{"rendered":"Agresiones contra periodistas"},"content":{"rendered":"<h2>Punto por punto<\/h2>\n<h5>Augusto Corro<\/h5>\n<p><span><br \/>\nEn el contexto del D\u00eda Mundial de la Libertad de Prensa (3 de mayo) volvemos a tener una cifra de m\u00e1s periodistas asesinados.<\/span><\/p>\n<p>Por ejemplo, la C\u00e1mara de Diputados registr\u00f3 91 comunicadores muertos, 13 desaparecidos y 54 agredidos.<\/p>\n<p>La Comisi\u00f3n Nacional de los Derechos Humanos documento 39 atentados en contra de instalaciones de medios de comunicaci\u00f3n.\u00a0 Los datos corresponden al periodo comprendido entre el 2000 y la fecha.<\/p>\n<p>Cabe hacer notar que la informaci\u00f3n sobre los periodistas victimados var\u00eda porque no hay un registro oficial.<\/p>\n<p align=\"center\"><b>LA PROTECCI\u00d3N<\/b><\/p>\n<p>Simplemente, en el sexenio de Calder\u00f3n se dispar\u00f3 el n\u00famero de comunicadores ultimados en diferentes lugares del pa\u00eds.\u00a0 Cada vez que muere un periodista se exige una pol\u00edtica adecuada para proteger a los comunicadores, pero \u00e9sta nunca ha llegado.<\/p>\n<p>Algunos grupos de organizaciones no gubernamentales y las propias autoridades se pronuncian contra los cr\u00edmenes y sus autores, pero sin alcanzar resultado positivo alguno.<\/p>\n<p>En M\u00e9xico, considerado como uno de los pa\u00edses m\u00e1s peligrosos para el ejercicio del periodismo,\u00a0 la muerte de un comunicador se ve como un hecho m\u00e1s en la espiral de violencia que se vive el pa\u00eds.<\/p>\n<p>A lo anterior debe agregarse la corrupci\u00f3n e impunidad que rodean las agresiones que padecen los periodistas.<\/p>\n<p>El estado de Veracruz es el ejemplo de que las autoridades se niegan a investigar a fondo los cr\u00edmenes contra los comunicadores. Tal es el caso de Regina Mart\u00ednez, corresponsal de \u201cProceso\u201d, cuyo asesinato sigue sin aclararse.<\/p>\n<p>Tambi\u00e9n las autoridades veracruzanas se han distinguido por la persecuci\u00f3n contra los representantes de los medios que se han visto obligados a abandonar el estado, ante el temor de sufrir da\u00f1o f\u00edsico.<\/p>\n<p align=\"center\"><b>LOS AGRESORES<\/b><\/p>\n<p>Entre los agresores a los comunicadores se encuentran los caciques de los pueblos, las agrupaciones paramilitares\u00a0 y los propios integrantes de los c\u00e1rteles de las drogas.\u00a0 A ra\u00edz de la guerra contra la delincuencia organizada, \u00e9sta decidi\u00f3 presionar a los medios y sus representantes con la muerte, levantamientos y atentados a sus instalaciones.<\/p>\n<p>En algunas ciudades del norte de M\u00e9xico la libertad de expresi\u00f3n ha sido anulada. Los propios periodistas decidieron autocensurarse para evitar las represalias de los c\u00e1rteles de la droga.<\/p>\n<p>En ese sentido, optaron por no publicar los casos de cr\u00edmenes realizados por la delincuencia organizada.<\/p>\n<p>La sociedad no tiene manera de estar informada, a menos de que conozca las noticias por medio de las redes sociales, en las que tambi\u00e9n se empiezan a sentir las represiones de los criminales.<\/p>\n<p>La organizaci\u00f3n Reporteros Sin Fronteras (RSF) difundi\u00f3 el viernes pasado una relaci\u00f3n de depredadores de la libertad de informaci\u00f3n en nuestro pa\u00eds, en la que incluye a Miguel \u00c1ngel Trevi\u00f1o Morales, Z40, y al c\u00e1rtel de \u201cLos Zetas\u201d.<\/p>\n<p align=\"center\"><b>\u00a0JUSTICIA<\/b><\/p>\n<p>De los hechos cometidos contra los periodistas y los medios, menos del cuatro por ciento terminaron en sentencias condenatorias.\u00a0 Esa impunidad ha provocado que la delincuencia act\u00fae con la idea de que nunca ser\u00e1 castigada por sus fechor\u00edas, incluidas las muertes y desapariciones de los comunicadores.<\/p>\n<p>En el presente, las autoridades est\u00e1n obligadas a empe\u00f1arse en la protecci\u00f3n a los periodistas que son amenazados por los enemigos de la libertad de expresi\u00f3n y el derecho a la informaci\u00f3n.<\/p>\n<p>El elevado n\u00famero de periodistas sacrificados en M\u00e9xico no ha ocurrido en otra guerra sucedida en el mundo en los \u00faltimos tiempos.\u00a0 De ah\u00ed, que se eleve el clamor de justicia para las v\u00edctimas del periodismo que han ca\u00eddo en el cumplimiento de su deber.<\/p>\n<p><em><a href=\"mailto:aco2742@hotmail.com\" target=\"_blank\">aco2742@hotmail.com<\/a><\/em><\/p>\n","protected":false},"excerpt":{"rendered":"<p><span style=\"color: #005497;\"><strong>Augusto Corro<\/strong><\/span><\/p>\n","protected":false},"author":3,"featured_media":0,"comment_status":"open","ping_status":"open","sticky":false,"template":"","format":"standard","meta":{"_monsterinsights_skip_tracking":false,"_monsterinsights_sitenote_active":false,"_monsterinsights_sitenote_note":"","_monsterinsights_sitenote_category":0,"footnotes":""},"categories":[157],"tags":[43686,1629,17477,43674,11515],"class_list":["post-130818","post","type-post","status-publish","format-standard","hentry","category-augusto-corro","tag-augusto-corro","tag-comision-nacional-de-los-derechos-humanos","tag-dia-mundial-de-la-libertad-de-prensa","tag-opinion","tag-punto-por-punto"],"_links":{"self":[{"href":"https:\/\/www.diarioimagen.net\/index.php?rest_route=\/wp\/v2\/posts\/130818","targetHints":{"allow":["GET"]}}],"collection":[{"href":"https:\/\/www.diarioimagen.net\/index.php?rest_route=\/wp\/v2\/posts"}],"about":[{"href":"https:\/\/www.diarioimagen.net\/index.php?rest_route=\/wp\/v2\/types\/post"}],"author":[{"embeddable":true,"href":"https:\/\/www.diarioimagen.net\/index.php?rest_route=\/wp\/v2\/users\/3"}],"replies":[{"embeddable":true,"href":"https:\/\/www.diarioimagen.net\/index.php?rest_route=%2Fwp%2Fv2%2Fcomments&post=130818"}],"version-history":[{"count":0,"href":"https:\/\/www.diarioimagen.net\/index.php?rest_route=\/wp\/v2\/posts\/130818\/revisions"}],"wp:attachment":[{"href":"https:\/\/www.diarioimagen.net\/index.php?rest_route=%2Fwp%2Fv2%2Fmedia&parent=130818"}],"wp:term":[{"taxonomy":"category","embeddable":true,"href":"https:\/\/www.diarioimagen.net\/index.php?rest_route=%2Fwp%2Fv2%2Fcategories&post=130818"},{"taxonomy":"post_tag","embeddable":true,"href":"https:\/\/www.diarioimagen.net\/index.php?rest_route=%2Fwp%2Fv2%2Ftags&post=130818"}],"curies":[{"name":"wp","href":"https:\/\/api.w.org\/{rel}","templated":true}]}}