{"id":130915,"date":"2013-05-07T00:06:31","date_gmt":"2013-05-07T05:06:31","guid":{"rendered":"http:\/\/www.diarioimagen.net\/?p=130915"},"modified":"2013-05-08T01:03:24","modified_gmt":"2013-05-08T06:03:24","slug":"mexico-y-eu","status":"publish","type":"post","link":"https:\/\/www.diarioimagen.net\/?p=130915","title":{"rendered":"M\u00e9xico y EU"},"content":{"rendered":"<h2>\u00cdndice pol\u00edtico<\/h2>\n<h5>Francisco Rodr\u00edguez<\/h5>\n<p><span><br \/>\nLos diplom\u00e1ticos, invariablemente, gustan decir lo que sus interlocutores quieren o\u00edr. John Kerry, el sucesor de Hillary Clinton como secretario de Estado estadounidense se ha caracterizado por apoyar medidas que propiciar\u00edan un mayor acercamiento entre M\u00e9xico y Estados Unidos en debates presidenciales y en participaciones en foros y conferencias.<\/span><\/p>\n<p>La misma agencia apunta que en distintas ocasiones, Kerry se ha manifestado a favor de regularizar a los millones de mexicanos que viven en Estados Unidos de manera ilegal y de que se aumenten los montos destinados a la Iniciativa M\u00e9rida.<\/p>\n<p>As\u00ed, durante la sesiones senatoriales previas a su ratificaci\u00f3n en el cargo m\u00e1s importante del segundo gabinete de Barack Obama, ante la pregunta expresa sobre John Kerry si apoyar\u00eda la legalizaci\u00f3n de los inmigrantes indocumentados de Estados Unidos, Kerry respondi\u00f3: \u201cAbsolutamente. Yo la apoyo y estaba preparado para votar a favor de una amnist\u00eda en 1986 y es esencial tener una reforma migratoria\u201d.<\/p>\n<p>Simpatiqu\u00e9rrimo, very nice con los mexicanos y sus causas parece ser, entonces, don John de quien se recuerda, asimismo, que en 2006, como senador, vot\u00f3 en contra de la construcci\u00f3n del muro fronterizo en los l\u00edmites de M\u00e9xico y Estados Unidos.<\/p>\n<p>Y todav\u00eda m\u00e1s, dicen de \u00e9l que ha apoyado abiertamente la cooperaci\u00f3n de Estados Unidos a M\u00e9xico para el combate al narcotr\u00e1fico, que fue bandera de los ex presidentes George W. Bush y Felipe Calder\u00f3n. Que en 2009, al escribir un art\u00edculo para el \u201cTimes\u201d de Los \u00c1ngeles, Kerry apuntaba que \u201cla guerra de M\u00e9xico debe ser nuestra guerra\u201d.<\/p>\n<p>Ante ese fraseo -narrativa, creo que le dicen ahora-, los mexicanos bien que podr\u00edamos estar tranquilos de contar con un aliado en el principal edificio del Foggy Bottom washingtoniano, pero con eso de que los diplom\u00e1ticos gustan decir lo que sus interlocutores quieren decir\u2026<\/p>\n<p>Y que ahora Kerry ya no es senador ni aspirante presidencial, sino diplom\u00e1tico\u2026<\/p>\n<p align=\"center\"><b>JUNTO A CHINA Y BRASIL<\/b><\/p>\n<p>En Par\u00eds, John Kerry mantuvo un encuentro con representantes de la iniciativa privada francesa a quienes fue a decirles, precisamente, lo que \u00e9stos quer\u00edan escuchar.<\/p>\n<p>Antes que nada, las ventajas que obtendr\u00edan con la sociedad de comercio e inversi\u00f3n trasatl\u00e1ntica que la administraci\u00f3n Obama negocia con la Uni\u00f3n Europea.<\/p>\n<p>Y para ello Kerry fue a decirles que ambas, la estadounidense y la europea, son econom\u00edas maduras que operan en un nuevo mundo de apetitos voraces en los mercados con gente que se desempe\u00f1a con reglas distintas y en algunos casos hasta sin reglas.<\/p>\n<p>Fue entonces cuando Kerry pronunci\u00f3 palabras que, por supuesto, no dir\u00eda ante auditorios que hablen chino, portugu\u00e9s, espa\u00f1ol o coreano: \u201cVan desde pa\u00edses que est\u00e1n cerca de ser fallidos, por razones que debemos discutir, y hasta Estados que son fallidos y que est\u00e1n sometidos a dirigentes que tienen visiones capturadas por prejuicios culturales y religiosos, extremistas, y otras formas de gobierno que complican el mercado\u201d.<\/p>\n<p>\u00bfCu\u00e1les son esos pa\u00edses?<\/p>\n<p>Kerry los mencion\u00f3 gen\u00e9ricamente:<\/p>\n<p>\u201cComo las Indias y Chinas y Brasiles y Corea del Sur y M\u00e9xico, alineados econ\u00f3micamente, jugando con la ventaja que les da la falta de normas ambientales o la falta de est\u00e1ndares en la producci\u00f3n de bienes o la falta de normas laborales y otras cosas que forman parte de lo que han creado comunidades civilizadas y desarrolladas\u2026\u201d.<\/p>\n<p>Junto a los pa\u00edses del llamado BRIC, entonces, M\u00e9xico es incivilizado y, al competir deslealmente por inversiones con naciones como EU y las europeas, que les arrebatan inversiones y empleos para sus ciudadanos, se vuelve un reto, un peligro.<\/p>\n<p>\u00bfEs entonces incivilidad lo que venden los gobiernos mexicanos en el extranjero?<\/p>\n<p>\u00bfLo que queramos escuchar? S\u00ed. Se lo apuesto.<\/p>\n<p><em><a href=\"http:\/\/www.indicepolitico.com\/\" target=\"_blank\"><em>www.indicepolitico.com<\/em><\/a><br \/>\n<\/em><em><a href=\"mailto:pacorodriguez@journalist.com\" target=\"_blank\">pacorodriguez@journalist.com<\/a><\/em><\/p>\n","protected":false},"excerpt":{"rendered":"<p><span style=\"color: #005497;\"><strong>Francisco Rodr\u00edguez<\/strong><\/span><\/p>\n","protected":false},"author":3,"featured_media":0,"comment_status":"open","ping_status":"open","sticky":false,"template":"","format":"standard","meta":{"_monsterinsights_skip_tracking":false,"_monsterinsights_sitenote_active":false,"_monsterinsights_sitenote_note":"","_monsterinsights_sitenote_category":0,"footnotes":""},"categories":[549],"tags":[7265,43689,4050,550,26595,43674],"class_list":["post-130915","post","type-post","status-publish","format-standard","hentry","category-francisco-rodriguez","tag-corea-del-sur","tag-francisco-rodriguez","tag-hillary-clinton","tag-indice-politico","tag-john-kerry","tag-opinion"],"_links":{"self":[{"href":"https:\/\/www.diarioimagen.net\/index.php?rest_route=\/wp\/v2\/posts\/130915","targetHints":{"allow":["GET"]}}],"collection":[{"href":"https:\/\/www.diarioimagen.net\/index.php?rest_route=\/wp\/v2\/posts"}],"about":[{"href":"https:\/\/www.diarioimagen.net\/index.php?rest_route=\/wp\/v2\/types\/post"}],"author":[{"embeddable":true,"href":"https:\/\/www.diarioimagen.net\/index.php?rest_route=\/wp\/v2\/users\/3"}],"replies":[{"embeddable":true,"href":"https:\/\/www.diarioimagen.net\/index.php?rest_route=%2Fwp%2Fv2%2Fcomments&post=130915"}],"version-history":[{"count":0,"href":"https:\/\/www.diarioimagen.net\/index.php?rest_route=\/wp\/v2\/posts\/130915\/revisions"}],"wp:attachment":[{"href":"https:\/\/www.diarioimagen.net\/index.php?rest_route=%2Fwp%2Fv2%2Fmedia&parent=130915"}],"wp:term":[{"taxonomy":"category","embeddable":true,"href":"https:\/\/www.diarioimagen.net\/index.php?rest_route=%2Fwp%2Fv2%2Fcategories&post=130915"},{"taxonomy":"post_tag","embeddable":true,"href":"https:\/\/www.diarioimagen.net\/index.php?rest_route=%2Fwp%2Fv2%2Ftags&post=130915"}],"curies":[{"name":"wp","href":"https:\/\/api.w.org\/{rel}","templated":true}]}}