{"id":130918,"date":"2013-05-07T00:05:46","date_gmt":"2013-05-07T05:05:46","guid":{"rendered":"http:\/\/www.diarioimagen.net\/?p=130918"},"modified":"2013-05-07T02:10:47","modified_gmt":"2013-05-07T07:10:47","slug":"24-anos-del-prd","status":"publish","type":"post","link":"https:\/\/www.diarioimagen.net\/?p=130918","title":{"rendered":"24 a\u00f1os del PRD"},"content":{"rendered":"<h2>De frente y de perfil<\/h2>\n<h5>Ram\u00f3n Zurita Sahag\u00fan<\/h5>\n<p><span><br \/>\nCumplir 24 a\u00f1os de existencia para un partido pol\u00edtico no es cualquier cosa y menos para uno que acarici\u00f3 ya en ese lapso la Presidencia de la Rep\u00fablica. Conjuntar al mayor n\u00famero de organizaciones de izquierda fue un acierto para el PRD en 1989, aunque eso mismo le gener\u00f3 conflictos internos que hoy en d\u00eda se sostienen. Es cierto que apenas ocho a\u00f1os despu\u00e9s de su fundaci\u00f3n, el partido logr\u00f3 la mayor joya pol\u00edtica electoral de su historia, la que 16 a\u00f1os m\u00e1s tarde contin\u00faa gobernado, el Distrito Federal.<\/span><\/p>\n<p>Electoralmente, el PRD es un partido sumamente rentable, donde giran a su alrededor las otras opciones partidistas de izquierda.<\/p>\n<p>Conquist\u00f3, solo o acompa\u00f1ado de los otros partidos de izquierda, gobiernos como el de Tlaxcala, Chiapas (dos ocasiones), Morelos, Tabasco, Zacatecas (dos veces) y en alianza con el PAN, Nayarit, Oaxaca, Sinaloa y Puebla, entre otros. La estabilidad del PRD como partido pol\u00edtico se encuentra sumamente consolidada en la mayor parte del territorio nacional, aunque hay entidades en las que su presencia es sumamente nutrida y otras m\u00e1s en que flaquea, dependiendo el tipo de elecci\u00f3n que se celebre.<\/p>\n<p>Sin embargo, un\u00a0 a\u00f1o antes de arribar al cuarto de siglo, el PRD sufre embates de varios sitios, los que sit\u00faan en una posici\u00f3n de fragilidad al partido y su estructura.<\/p>\n<p>No son nuevos los enfrentamientos y fracturas dentro de este partido, donde el canibalismo es uno de sus signos representativos.<\/p>\n<p>Cada proceso de selecci\u00f3n de sus dirigentes concluye con nuevas fricciones y descontento de los perdedores.<\/p>\n<p>Otro de los graves problemas que enfrenta en el presente es la posible deserci\u00f3n de militantes, ante el nacimiento de un nuevo organismo, que ser\u00e1 encabezado por, tal vez, el principal de sus gu\u00edas morales, Andr\u00e9s Manuel L\u00f3pez Obrador.<\/p>\n<p>En sus 24 a\u00f1os de vida, el PRD se ha significado por el caciquismo, transformado en la figura de gu\u00edas morales, donde primero fungi\u00f3 como tal Cuauht\u00e9moc C\u00e1rdenas Sol\u00f3rzano y luego Andr\u00e9s Manuel L\u00f3pez Obrador.<\/p>\n<p>Por eso, con su participaci\u00f3n en cuatro elecciones solamente ha tenido dos candidatos presidenciales, C\u00e1rdenas en las dos primeras y L\u00f3pez en las siguientes.<\/p>\n<p>En el camino se quedaron figuras pol\u00edticas que como Porfirio Mu\u00f1oz Ledo y Marcelo Ebrard Casaubon intentaron competir, sin \u00e9xito, con los entonces gu\u00edas morales. Con todo y ello, los perredistas s\u00ed muestran disciplina con sus candidatos presidenciales y asumen que los liderazgos les pertenecen a ellos.<\/p>\n<p>Donde se radican las principales confrontaciones es, adem\u00e1s de la disputa del control del partido, en las candidaturas, ya que al t\u00e9rmino de las elecciones o selecciones de candidatos, la inconformidad es mucha.<\/p>\n<p>Al celebrar su aniversario 24 de la fundaci\u00f3n del partido, los dirigentes y militantes del partido saben que el pr\u00f3ximo 7 de julio tendr\u00e1 lugar un proceso electoral que podr\u00e1 definir el futuro del partido, aunque todav\u00eda no participe como organizaci\u00f3n pol\u00edtica Morena, del que se considera ser\u00e1 su principal adversario en lo futuro.<\/p>\n<p>Catorce elecciones en igual n\u00famero de entidades probar\u00e1n la resistencia del partido, dominado en la actualidad por el grupo conocido como \u201cLos Chuchos\u201d que encabezan el ex dirigente nacional Jes\u00fas Ortega Mart\u00ednez y el actual Jes\u00fas Zambrano Grijalva.<\/p>\n<p>Esta corriente es la dominante dentro del partido y se ubica muy por encima de la otra poderosa, que es la de Ren\u00e9 Bejarano y Dolores Padierna. Sin embargo, la disputa de candidaturas en los 14 estados en que se celebran elecciones el pr\u00f3ximo 7 de julio, deja ya saldos que pueden provocar un costo demasiado alto para el organismo pol\u00edtico de izquierda.<\/p>\n<p>Uno solo de ese costo puede producirse en Baja California, entidad en la que el PRD va en alianza con el PAN, partido gobernante en aquel estado desde hace 24 a\u00f1os. Es la \u00fanica entidad en la que se elegir\u00e1 gobernador en este a\u00f1o y algunos perredistas no quedaron conformes con esa alianza, por lo que tomaron sus propias decisiones.<\/p>\n<p>Y es que precisamente, justo el d\u00eda en que el Partido de la Revoluci\u00f3n Democr\u00e1tica (PRD) cumpli\u00f3 24 a\u00f1os de su existencia, el comit\u00e9 municipal del sol azteca en Tijuana dio su respaldo al candidato del PRI al gobierno de Baja California, Fernando Castro Trenti. Con esto, la alianza entre el PAN y el PRD se fractura.<\/p>\n<p>Por el momento, es el \u00fanico comit\u00e9 municipal que tom\u00f3 esa decisi\u00f3n, pero se trata de la principal poblaci\u00f3n del estado, donde se concentra la mayor poblaci\u00f3n (cerca del 40 por ciento).<\/p>\n<p>En la parte norte de Baja California, la dirigencia estatal decidi\u00f3 ir con la candidatura de Francisco (Kiko) Vega, postulado por el PAN, lo que provoc\u00f3 molestia entre una parte de la militancia.\u2028\u2028Pero tambi\u00e9n en otros estados hay disgusto por las decisiones asumidas por la dirigencia de su partido.<\/p>\n<p style=\"text-align: center;\"><strong>PRI, DESAIRADO<\/strong><\/p>\n<p>Uno de los estados en los que el pri\u00edsmo se encuentra sumamente a la baja y se busca recomponer y amalgamar la militancia es Tabasco, reducto donde el tricolor perdi\u00f3 despu\u00e9s de usufructuar el poder por m\u00e1s de 80 a\u00f1os.<\/p>\n<p>Los abusos cometidos durante la administraci\u00f3n de Andr\u00e9s Granier Melo, hartaron a los tabasque\u00f1os, los que repudian el emblema y a los dirigentes del partido tricolor.<\/p>\n<p>Apenas el s\u00e1bado pasado inici\u00f3 el amago de recomposici\u00f3n del PRI en el estado, con la designaci\u00f3n de un nuevo delegado en la persona del senador Ra\u00fal Pozos, considerado un pol\u00edtico sin los atributos necesarios para alcanzar esas metas. A la toma de posesi\u00f3n de Pozos fue el dirigente nacional del PRI, C\u00e9sar Camacho, pero falt\u00f3 lo m\u00e1s renombrado del pri\u00edsmo estatal, los que prefirieron ausentarse del evento y retornar hasta que las aguas retomen su nivel.<\/p>\n<p><em><a href=\"mailto:ramonzurita44@hotmail.com\" target=\"_blank\"><em>ramonzurita44@hotmail.com<br \/>\n<\/em><\/a><\/em><em><a href=\"mailto:zurita_sahagun@hotmail.com\" target=\"_blank\">zurita_sahagun@hotmail.com<\/a><\/em><\/p>\n","protected":false},"excerpt":{"rendered":"<p><span style=\"color: #005497;\"><strong>Ram\u00f3n Zurita Sahag\u00fan<\/strong><\/span><\/p>\n","protected":false},"author":3,"featured_media":0,"comment_status":"open","ping_status":"open","sticky":false,"template":"","format":"standard","meta":{"_monsterinsights_skip_tracking":false,"_monsterinsights_sitenote_active":false,"_monsterinsights_sitenote_note":"","_monsterinsights_sitenote_category":0,"footnotes":""},"categories":[234],"tags":[304,2663,491,43674,91,211,43687,831],"class_list":["post-130918","post","type-post","status-publish","format-standard","hentry","category-ramon-zurita-sahagun","tag-de-frente-y-de-perfil","tag-nayarit","tag-oaxaca","tag-opinion","tag-pan","tag-prd","tag-ramon-zurita-sahagun","tag-sinaloa"],"_links":{"self":[{"href":"https:\/\/www.diarioimagen.net\/index.php?rest_route=\/wp\/v2\/posts\/130918","targetHints":{"allow":["GET"]}}],"collection":[{"href":"https:\/\/www.diarioimagen.net\/index.php?rest_route=\/wp\/v2\/posts"}],"about":[{"href":"https:\/\/www.diarioimagen.net\/index.php?rest_route=\/wp\/v2\/types\/post"}],"author":[{"embeddable":true,"href":"https:\/\/www.diarioimagen.net\/index.php?rest_route=\/wp\/v2\/users\/3"}],"replies":[{"embeddable":true,"href":"https:\/\/www.diarioimagen.net\/index.php?rest_route=%2Fwp%2Fv2%2Fcomments&post=130918"}],"version-history":[{"count":0,"href":"https:\/\/www.diarioimagen.net\/index.php?rest_route=\/wp\/v2\/posts\/130918\/revisions"}],"wp:attachment":[{"href":"https:\/\/www.diarioimagen.net\/index.php?rest_route=%2Fwp%2Fv2%2Fmedia&parent=130918"}],"wp:term":[{"taxonomy":"category","embeddable":true,"href":"https:\/\/www.diarioimagen.net\/index.php?rest_route=%2Fwp%2Fv2%2Fcategories&post=130918"},{"taxonomy":"post_tag","embeddable":true,"href":"https:\/\/www.diarioimagen.net\/index.php?rest_route=%2Fwp%2Fv2%2Ftags&post=130918"}],"curies":[{"name":"wp","href":"https:\/\/api.w.org\/{rel}","templated":true}]}}