{"id":130925,"date":"2013-05-07T00:03:12","date_gmt":"2013-05-07T05:03:12","guid":{"rendered":"http:\/\/www.diarioimagen.net\/?p=130925"},"modified":"2013-05-08T01:09:55","modified_gmt":"2013-05-08T06:09:55","slug":"el-papel-de-los-empresarios-en-la-reforma-migratoria","status":"publish","type":"post","link":"https:\/\/www.diarioimagen.net\/?p=130925","title":{"rendered":"El papel de los empresarios en la reforma migratoria"},"content":{"rendered":"<h2>Detr\u00e1s del Poder<\/h2>\n<h5>Jos\u00e9 Antonio L\u00f3pez Sosa<\/h5>\n<p><span><br \/>\nHa comenzado el debate entre la ciudadan\u00eda y la clase pol\u00edtica en los Estados Unidos en torno a la posibilidad de una reforma migratoria que pueda sacar de las sombras a muchos millones de latinoamericanos \u2014principalmente mexicanos\u2014, el Congreso de aquel pa\u00eds tambi\u00e9n comienza a debatir al respecto.<\/span><\/p>\n<p>Desde hace a\u00f1os se vislumbran las posibilidades de dar la nacionalidad (a trav\u00e9s de una ruta burocr\u00e1tica) a los indocumentados que cumplan ciertos requisitos, o bien pedirles que salgan del pa\u00eds para darles un permiso temporal en sus naciones de origen para que luego puedan regresar a sus trabajos en los Estados Unidos.<\/p>\n<p>La ignorancia dentro de los Estados Unidos da para tener todo tipo de opiniones, tanto de anglos como de hispanos. Varios n\u00facleos siguen asegurando que los migrantes llegan a quitar empleo a los Estados Unidos y adem\u00e1s, representan una carga fiscal. Mucho se ha explicado en distintos espacios que los indocumentados tambi\u00e9n pagan impuestos a trav\u00e9s de sus empleos y a trav\u00e9s del consumo diario.<\/p>\n<p>Ahora bien, debiera convocarse al gran debate nacional dentro de la Uni\u00f3n Americana a las empresas, esas que contratan deliberadamente indocumentados y ante las lagunas legales nunca resultan castigadas.<\/p>\n<p>Es de lo m\u00e1s sencillo contratar indocumentados en los Estados Unidos sin recibir sanciones, simplemente se omite checar \u2013intencionalmente\u2014 los n\u00fameros de \u201csocial security\u201d, o bien, la validez de una residencia y se contrata al individuo. Evidentemente, se le retienen impuestos (mismos que van a un n\u00famero inexistente o de otra persona sin que se puedan reclamar o deducir en alg\u00fan momento). En caso que las autoridades verifiquen y descubran que uno o varios trabajadores son indocumentados, los administradores o due\u00f1os de dicha empresa simplemente argumentan que lo ignoraban, su palabra vale m\u00e1s que los hechos, \u00bfpor qu\u00e9?, porque las empresas no son entes autorizados para realizar ese tipo de investigaciones.<\/p>\n<p>Esta es la raz\u00f3n principal por la cual pueden continuar contratando indocumentados sin tener riesgo alguno de ser multados o castigados por el gobierno de los Estados Unidos.<\/p>\n<p>El tema ahora es, \u00bfqu\u00e9 opinan esas empresas?, \u00bfc\u00f3mo debiera ser desde su perspectiva una reforma migratoria integral?. Las mismas autoridades, ciudadanos, vecinos saben qui\u00e9nes son, saben d\u00f3nde y c\u00f3mo contratan, es un secreto a voces. As\u00ed como los millones de indocumentados merecen salir de las sombras, estas miles de empresas debieran tener la obligaci\u00f3n de salir y dar la cara para debatir en torno a una reforma, cuando ellas mismas son parte tambi\u00e9n de este fen\u00f3meno en los Estados Unidos.<\/p>\n<p><em><a href=\"mailto:lopez.sosa@mexico.com\" target=\"_blank\">lopez.sosa@mexico.com<\/a><\/em><br \/>\n<em><a href=\"http:\/\/twitter.com\/#%21\/joseantonio1977\" target=\"_blank\">@joseantonio1977<br \/>\n<\/a><\/em><em><a href=\"http:\/\/www.formulaconfidencial.com.mx\/\" target=\"_blank\">www.formulaconfidencial.com.mx<\/a><\/em><\/p>\n","protected":false},"excerpt":{"rendered":"<p><span style=\"color: #005497;\"><strong>Jos\u00e9 Antonio L\u00f3pez Sosa<\/strong><\/span><\/p>\n","protected":false},"author":3,"featured_media":0,"comment_status":"open","ping_status":"open","sticky":false,"template":"","format":"standard","meta":{"_monsterinsights_skip_tracking":false,"_monsterinsights_sitenote_active":false,"_monsterinsights_sitenote_note":"","_monsterinsights_sitenote_category":0,"footnotes":""},"categories":[637],"tags":[638,177,43690,43674],"class_list":["post-130925","post","type-post","status-publish","format-standard","hentry","category-jose-antonio-lopez-sosa","tag-detras-del-poder","tag-estados-unidos","tag-jose-antonio-lopez-sosa","tag-opinion"],"_links":{"self":[{"href":"https:\/\/www.diarioimagen.net\/index.php?rest_route=\/wp\/v2\/posts\/130925","targetHints":{"allow":["GET"]}}],"collection":[{"href":"https:\/\/www.diarioimagen.net\/index.php?rest_route=\/wp\/v2\/posts"}],"about":[{"href":"https:\/\/www.diarioimagen.net\/index.php?rest_route=\/wp\/v2\/types\/post"}],"author":[{"embeddable":true,"href":"https:\/\/www.diarioimagen.net\/index.php?rest_route=\/wp\/v2\/users\/3"}],"replies":[{"embeddable":true,"href":"https:\/\/www.diarioimagen.net\/index.php?rest_route=%2Fwp%2Fv2%2Fcomments&post=130925"}],"version-history":[{"count":0,"href":"https:\/\/www.diarioimagen.net\/index.php?rest_route=\/wp\/v2\/posts\/130925\/revisions"}],"wp:attachment":[{"href":"https:\/\/www.diarioimagen.net\/index.php?rest_route=%2Fwp%2Fv2%2Fmedia&parent=130925"}],"wp:term":[{"taxonomy":"category","embeddable":true,"href":"https:\/\/www.diarioimagen.net\/index.php?rest_route=%2Fwp%2Fv2%2Fcategories&post=130925"},{"taxonomy":"post_tag","embeddable":true,"href":"https:\/\/www.diarioimagen.net\/index.php?rest_route=%2Fwp%2Fv2%2Ftags&post=130925"}],"curies":[{"name":"wp","href":"https:\/\/api.w.org\/{rel}","templated":true}]}}