{"id":130937,"date":"2013-05-07T00:01:19","date_gmt":"2013-05-07T05:01:19","guid":{"rendered":"http:\/\/www.diarioimagen.net\/?p=130937"},"modified":"2013-05-08T00:01:39","modified_gmt":"2013-05-08T05:01:39","slug":"spa-eastman-montreal-nombrado-entre-los-mejores-50-spas-de-canada","status":"publish","type":"post","link":"https:\/\/www.diarioimagen.net\/?p=130937","title":{"rendered":"<i>Spa Eastman Montreal<\/i>, nombrado entre los mejores 50 Spas de Canad\u00e1"},"content":{"rendered":"<h2>De cinco estrellas<\/h2>\n<h5>Victoria Gonz\u00e1lez Prado<\/h5>\n<p>&nbsp;<\/p>\n<ul>\n<li><strong><em>Fernando Flores anunci\u00f3 importante aumento de frecuencias en su red de rutas<\/em><\/strong><\/li>\n<li><strong><em>Impulsar el sector tur\u00edstico, motivo de la reuni\u00f3n hoy en Loreto, con Claudia Ruiz Massieu<\/em><\/strong><\/li>\n<li><strong>Boot Camp to Happiness<\/strong><em><strong>, un transformador fin de semana, disponible este verano<\/strong><\/em><\/li>\n<li><strong>Acapulco Peace<\/strong><em><strong>, concierto por la paz con artistas de talla nacional e internacional<\/strong><\/em><\/li>\n<\/ul>\n<div id=\"attachment_131070\" style=\"width: 250px\" class=\"wp-caption alignleft\"><a href=\"http:\/\/www.diarioimagen.net\/wp-content\/uploads\/2013\/05\/turismo-2092.jpg\"><img loading=\"lazy\" decoding=\"async\" aria-describedby=\"caption-attachment-131070\" class=\"size-medium wp-image-131070\" alt=\"Spa Eastman Montreal, entre los mejores de Canad\u00e1.\" src=\"http:\/\/www.diarioimagen.net\/wp-content\/uploads\/2013\/05\/turismo-2092-240x135.jpg\" width=\"240\" height=\"135\" srcset=\"https:\/\/www.diarioimagen.net\/wp-content\/uploads\/2013\/05\/turismo-2092-240x135.jpg 240w, https:\/\/www.diarioimagen.net\/wp-content\/uploads\/2013\/05\/turismo-2092-420x236.jpg 420w, https:\/\/www.diarioimagen.net\/wp-content\/uploads\/2013\/05\/turismo-2092-235x132.jpg 235w, https:\/\/www.diarioimagen.net\/wp-content\/uploads\/2013\/05\/turismo-2092-202x114.jpg 202w, https:\/\/www.diarioimagen.net\/wp-content\/uploads\/2013\/05\/turismo-2092-350x196.jpg 350w, https:\/\/www.diarioimagen.net\/wp-content\/uploads\/2013\/05\/turismo-2092-220x123.jpg 220w, https:\/\/www.diarioimagen.net\/wp-content\/uploads\/2013\/05\/turismo-2092-237x132.jpg 237w, https:\/\/www.diarioimagen.net\/wp-content\/uploads\/2013\/05\/turismo-2092.jpg 480w\" sizes=\"auto, (max-width: 240px) 100vw, 240px\" \/><\/a><p id=\"caption-attachment-131070\" class=\"wp-caption-text\"><em>Spa Eastman Montreal<\/em>, entre los mejores de Canad\u00e1.<\/p><\/div>\n<p>El Spa <i>Eastman <\/i>de Montreal se enorgullece en ubicarse entre los 50 mejores Spas de Canad\u00e1, reconocido por el \u00abBest of\u00bb spAWARDS 2013. Es uno de los primeros Spas urbanos en establecerse en el centro de la ciudad de Montreal, hace 20 a\u00f1os. Ubicado entre el cielo y la tierra, en el piso 16 de un rascacielos, el Spa <i>Eastman<\/i> Montreal brinda una vista impresionante del <i>Mount Royal<\/i> lejos del ajetreo y bullicio de la ciudad. El profesionalismo y experiencia de sus terapistas altamente capacitados garantiza un ambiente curativo \u00fanico. Su directora, <b>Nathalie Roy<\/b> asegura: \u201cEstar escondidos en el piso 16 de un edificio de oficinas sin visibilidad a la calle nos permite decir que somos el secreto mejor guardado de Montreal, pero tal parece que el jurado de <i>\u00abBest of\u00a0\u00bb spAWARDS \u00a0 <\/i>ahora quiere correr la voz y que todo el mundo se entere\u201d.<b><i> <\/i><\/b>La industria del Spa ha presentado recientemente una impresionante expansi\u00f3n por encima de a\u00f1os anteriores, con un crecimiento de m\u00e1s de 2 mil 600 spas solamente en Canad\u00e1. El premio \u201cbest of\u201d SpAWARDS fue creado para ayudar a los consumidores a identificar y descubrir las joyas escondidas del pa\u00eds en esta especialidad y dar exposici\u00f3n a los mejores centros de atenci\u00f3n y servicio del pa\u00eds. Los Spas de Canad\u00e1 son reconocidos por su sobresaliente nivel de atenci\u00f3n al cliente y sus tratamientos. \u201cLos mejores 50 Spas de Canad\u00e1\u201d junto con los ganadores de una serie de categor\u00edas especiales que reconocen la excelencia\u00a0 que caracteriza a la industria del Spa canadiense, se pueden encontrar en la edici\u00f3n m\u00e1s reciente de <i>spaINC.magazine<\/i>. <b>Roger Sholanki<\/b>, CEO se\u00f1ala: \u201chemos encontrado que en la actualidad los mejores Spas son aquellos que escuchan a sus clientes y utilizan su retroalimentaci\u00f3n y recomendaciones para mejorar y crecer\u201d Entre los criterios de selecci\u00f3n para este premio son creatividad en su p\u00e1gina de internet, innovaci\u00f3n de tratamientos, nivel de satisfacci\u00f3n del cliente. El Spa <i>Eastman<\/i> recibi\u00f3 el galard\u00f3n a finales de abril durante la cena de gala que se llevar\u00e1 a cabo en Toronto, en el <i>Windsor Arms.<\/i><\/p>\n<p>\u2730\u2730\u2730\u2730\u2730\u00a0<b>Fernando Flores<\/b>, director general de<b> <\/b>Aeromar, anunci\u00f3 un importante aumento de frecuencias en varios destinos nacionales e internacionales para fortalecer el alcance de su red de rutas y ampliar las conexiones con sus socios interlineales, destacando su aliado comercial <i>United<\/i>. A partir de ayer lunes 6 de mayo, la aerol\u00ednea contar\u00e1 con 13 frecuencias semanales sin escalas en la ruta ciudad de M\u00e9xico-Matamoros, con horarios que permiten ir y venir el mismo d\u00eda. A partir del 20 de mayo, expandir\u00e1 significativamente su actividad en el puerto de Veracruz, al lanzar la ruta de Toluca con 12 frecuencias semanales y ampliar el itinerario con la ciudad de M\u00e9xico con hasta 42 frecuencias semanales, asegurando as\u00ed una cobertura a lo largo del d\u00eda. A partir del 1 de junio, aumentar\u00e1 las frecuencias en la ruta M\u00e9xico-McAllen, de 3 a 5 semanales, al agregar vuelos los d\u00edas jueves y domingos, en respuesta a los buenos resultados que se han logrado en tan solo mes y medio de haber iniciado operaciones.\u00a0Tambi\u00e9n incrementar\u00e1 los vuelos en la ruta M\u00e9xico-Durango para alcanzar 20 frecuencias semanales y operar\u00e1 diariamente la ruta M\u00e9xico-Saltillo-Piedras Negras, al sumar una frecuencia los\u00a0 domingos. Aunado a lo anterior, con la inminente incorporaci\u00f3n de sus dos nuevas aeronaves ATR 72-600 de 68 asientos, a partir del 10 de junio, las rutas que enlazan a la\u00a0ciudad de M\u00e9xico con Ciudad Victoria, Colima, Tepic, Veracruz, Acapulco, Saltillo y Piedras Negras, se ver\u00e1n beneficiadas con una mayor disponibilidad de asientos y el confort que brinda la ergonom\u00eda y bajo nivel de ruido de estos aviones regionales de la m\u00e1s alta confiabilidad y tecnolog\u00eda. En apoyo de las nuevas frecuencias y mayor capacidad de sus aeronaves, Aeromar implement\u00f3 una estrategia de tarifas descontadas que permite a los pasajeros que pueden planear su viaje con anticipaci\u00f3n acceder a precios muy accesibles e inferiores a los ofertados por la competencia. \u201cGracias a la mejor utilizaci\u00f3n de nuestra flota, especialmente con la introducci\u00f3n de aeronaves ultraeficientes dise\u00f1adas para los trayectos en los que Aeromar se ha desempe\u00f1ado tradicionalmente, podemos trasladar las ventajas de la eficiencia y menores costos de operaci\u00f3n a nuestros clientes y refrendar a la vez nuestro compromiso de dar el mejor servicio en los mercados que atendemos\u201d, dijo <b>Flores<\/b>.<\/p>\n<p>\u2730\u2730\u2730\u2730\u2730\u00a0El gobernador de Guerrero, <b>\u00c1ngel Aguirre Rivero,<\/b> se reuni\u00f3 con <b>Pedro Moctezuma<\/b> y <b>Alejandro Rojas<\/b>, promotores del proyecto <i>Acapulco Peace<\/i>, del que el puerto ser\u00eda sede los d\u00edas 6 y 7 de diciembre de un concierto por la paz donde artistas de talla nacional e internacional ser\u00e1n los portavoces. El evento que reunir\u00e1 a 100 mil personas promover\u00e1 la paz entre las familias, generar\u00e1 una importante derrama econ\u00f3mica para el puerto. Se contar\u00e1 con la participaci\u00f3n de artistas como <b>Rihana<\/b>, <b>David Guetta<\/b>, <b>Bruno Mars<\/b>, <b>Pitbull<\/b>, Caf\u00e9 Tacvba, entre otros\u201d.<\/p>\n<p>\u2730\u2730\u2730\u2730\u2730\u00a0Ser\u00e1 hoy martes, cuando la secretaria de Turismo, <b>Claudia Ruiz Massieu<\/b>, sostenga un encuentro en Loreto, Baja California Sur, con los miembros de la Comisi\u00f3n de Turismo del Senado de la Rep\u00fablica. En la reuni\u00f3n se buscar\u00e1n acuerdos entre los poderes Ejecutivo y Legislativo, con la finalidad de potenciar e impulsar el sector turismo del pa\u00eds. La titular de Sectur, quien estar\u00e1 de gira de trabajo por esa entidad, encabezar\u00e1 reuniones de trabajo con el gobernador <b>Marcos Alberto Covarrubias Villase\u00f1or<\/b>, as\u00ed como con prestadores de servicios tur\u00edsticos de Loreto.<\/p>\n<p>\u2730\u2730\u2730\u2730\u2730\u00a0Alcanzar la felicidad, mantenerse joven y sano, as\u00ed como aprender a concentrarse, son metas con las que los amantes del Spa se pueden sentir identificados. Por segundo a\u00f1o consecutivo, <i>Willow Stream Spa<\/i> en <i>Fairmont Mayakoba,<\/i> se une a la reconocida escritora <b>Ana Paula Dom\u00ednguez<\/b>, fundadora y directora del Instituto Mexicano de Yoga para ofrecer <i>Boot Camp to Happiness<\/i> un poderoso y transformador fin de semana disponible este verano. \u201cEn <i>Willow Stream Spa<\/i> creemos que una visita al Spa debe hacer m\u00e1s que s\u00f3lo ayudar a los hu\u00e9spedes a relajarse y renovar su energ\u00eda, tambi\u00e9n debe ofrecer oportunidades para aprender nuevas t\u00e9cnicas que les permitan manejar el estr\u00e9s y dar a la felicidad la importancia que tiene en vivir una vida larga y saludable\u201d, dijo <b>Roselia Flandes<\/b>, directora de Spa.\u00a0\u00a0Asimismo, <b>Ana Paula,<\/b> certificada en el programa <i>Body Mind Centering <\/i>en Nueva York, entrenada en Ayurveda (medicina tradicional de la India) en Poona, India, embajadora de <i>Adidas <\/i>M\u00e9xico, y creadora del Programa de Yoga Empresarial, es una de las personalidades m\u00e1s influyentes en temas de bienestar en M\u00e9xico. En <i>Boot Camp <\/i>para la Felicidad, adapt\u00f3 una serie de herramientas y pr\u00e1cticas incluidas en su libro \u201cEl mapa de la felicidad\u201d para hacerlas accesibles a los hu\u00e9spedes. El taller permite identificar lo que realmente les hace feliz para entonces dominar algunas t\u00e9cnicas sencillas que les permitir\u00e1n alcanzar la felicidad mientras se mantiene la saludad emocional y f\u00edsica. Es un seminario pr\u00e1ctico, divertido y funcional con lecciones que son f\u00e1ciles de implementar en la rutina de toda persona. \u201cUno se puede preguntar \u00bfpor qu\u00e9 tomar este taller? La respuesta es simple\u201d dice <b>Dom\u00ednguez<\/b>, \u201cpara reconocer que la posibilidad de ser feliz est\u00e1 aqu\u00ed, ahora y siempre. Tenemos que entender el rol que la felicidad juega en nuestra salud; que todos tenemos un derecho inalienable a ser felices y ejercerlo es nuestra responsabilidad. Adem\u00e1s, no puedo pensar en un mejor lugar para iniciar el camino a la felicidad que el bello <i>Fairmont Mayakoba<\/i>\u201d.\u00a0El fin de semana con <b>Ana Paula<\/b>, incluye ejercicios a aire libre con sesiones de yoga, acceso al Spa y 20% de descuento en cualquier tratamiento en el Spa durante la estancia, y un 10% de descuento en la boutique del mismo. <i>Boot Camp<\/i> para la Felicidad estar\u00e1 disponible \u00fanicamente del 26-28 de julio como parte del programa del resort \u201c100 D\u00edas de Verano\u201d y est\u00e1 limitado a 40 participantes. Los hu\u00e9spedes de nacionalidad mexicana podr\u00e1n disfrutar de la promoci\u00f3n de la tercera noche gratis.<\/p>\n<p><i><em><a href=\"mailto:victoriagprado@gmail.com\" target=\"_blank\">victoriagprado@gmail.com<\/a><\/em><\/i><\/p>\n","protected":false},"excerpt":{"rendered":"<p>El Spa <i>Eastman <\/i>de Montreal se enorgullece en ubicarse entre los 50 mejores Spas de Canad\u00e1, reconocido por el \u00abBest of\u00bb spAWARDS 2013. Es uno de los primeros Spas urbanos en establecerse en el centro de la ciudad de Montreal, hace 20 a\u00f1os. Ubicado entre el cielo y la tierra, en el piso 16 de un rascacielos, el Spa <i>Eastman<\/i> Montreal brinda una vista impresionante del <i>Mount Royal<\/i> lejos del ajetreo y bullicio de la ciudad.<\/p>\n","protected":false},"author":3,"featured_media":131070,"comment_status":"open","ping_status":"open","sticky":false,"template":"","format":"standard","meta":{"_monsterinsights_skip_tracking":false,"_monsterinsights_sitenote_active":false,"_monsterinsights_sitenote_note":"","_monsterinsights_sitenote_category":0,"footnotes":""},"categories":[11],"tags":[107,942,43681,52,106],"class_list":["post-130937","post","type-post","status-publish","format-standard","has-post-thumbnail","hentry","category-turismo","tag-de-cinco-estrellas","tag-nueva-york","tag-turismo","tag-veracruz","tag-victoria-gonzalez-prado"],"_links":{"self":[{"href":"https:\/\/www.diarioimagen.net\/index.php?rest_route=\/wp\/v2\/posts\/130937","targetHints":{"allow":["GET"]}}],"collection":[{"href":"https:\/\/www.diarioimagen.net\/index.php?rest_route=\/wp\/v2\/posts"}],"about":[{"href":"https:\/\/www.diarioimagen.net\/index.php?rest_route=\/wp\/v2\/types\/post"}],"author":[{"embeddable":true,"href":"https:\/\/www.diarioimagen.net\/index.php?rest_route=\/wp\/v2\/users\/3"}],"replies":[{"embeddable":true,"href":"https:\/\/www.diarioimagen.net\/index.php?rest_route=%2Fwp%2Fv2%2Fcomments&post=130937"}],"version-history":[{"count":0,"href":"https:\/\/www.diarioimagen.net\/index.php?rest_route=\/wp\/v2\/posts\/130937\/revisions"}],"wp:featuredmedia":[{"embeddable":true,"href":"https:\/\/www.diarioimagen.net\/index.php?rest_route=\/wp\/v2\/media\/131070"}],"wp:attachment":[{"href":"https:\/\/www.diarioimagen.net\/index.php?rest_route=%2Fwp%2Fv2%2Fmedia&parent=130937"}],"wp:term":[{"taxonomy":"category","embeddable":true,"href":"https:\/\/www.diarioimagen.net\/index.php?rest_route=%2Fwp%2Fv2%2Fcategories&post=130937"},{"taxonomy":"post_tag","embeddable":true,"href":"https:\/\/www.diarioimagen.net\/index.php?rest_route=%2Fwp%2Fv2%2Ftags&post=130937"}],"curies":[{"name":"wp","href":"https:\/\/api.w.org\/{rel}","templated":true}]}}