{"id":131089,"date":"2013-05-08T00:05:04","date_gmt":"2013-05-08T05:05:04","guid":{"rendered":"http:\/\/www.diarioimagen.net\/?p=131089"},"modified":"2013-05-09T02:42:06","modified_gmt":"2013-05-09T07:42:06","slug":"eav-ordena-apoyo-incondicional-a-los-afectados-por-el-accidente","status":"publish","type":"post","link":"https:\/\/www.diarioimagen.net\/?p=131089","title":{"rendered":"EAV ordena apoyo incondicional a los afectados por el accidente"},"content":{"rendered":"<ul>\n<li><strong><em>El gobernador instruy\u00f3 a su gabinete para que los servicios m\u00e9dicos y la asesor\u00eda jur\u00eddica a familias de afectados sean totalmente gratuitos<\/em><\/strong><\/li>\n<\/ul>\n<div id=\"attachment_131176\" style=\"width: 250px\" class=\"wp-caption alignleft\"><a href=\"http:\/\/www.diarioimagen.net\/wp-content\/uploads\/2013\/05\/eruviel-1-2093.jpg\"><img loading=\"lazy\" decoding=\"async\" aria-describedby=\"caption-attachment-131176\" class=\"size-medium wp-image-131176\" alt=\"El secretario de Comunicaciones y Transportes del gobierno federal, Gerardo Ruiz Esparza, , y Efr\u00e9n Rojas D\u00e1vila, secretario General de Gobierno, informaron sobre la coordinaci\u00f3n entre los tres \u00f3rdenes de gobierno para la atenci\u00f3n de las v\u00edctimas y familiares afectados por el accidente provocado por una pipa que transportaba gas LP en la autopista M\u00e9xico-Pachuca.\" src=\"http:\/\/www.diarioimagen.net\/wp-content\/uploads\/2013\/05\/eruviel-1-2093-240x135.jpg\" width=\"240\" height=\"135\" srcset=\"https:\/\/www.diarioimagen.net\/wp-content\/uploads\/2013\/05\/eruviel-1-2093-240x135.jpg 240w, https:\/\/www.diarioimagen.net\/wp-content\/uploads\/2013\/05\/eruviel-1-2093-420x236.jpg 420w, https:\/\/www.diarioimagen.net\/wp-content\/uploads\/2013\/05\/eruviel-1-2093-235x132.jpg 235w, https:\/\/www.diarioimagen.net\/wp-content\/uploads\/2013\/05\/eruviel-1-2093-202x114.jpg 202w, https:\/\/www.diarioimagen.net\/wp-content\/uploads\/2013\/05\/eruviel-1-2093-350x196.jpg 350w, https:\/\/www.diarioimagen.net\/wp-content\/uploads\/2013\/05\/eruviel-1-2093-220x123.jpg 220w, https:\/\/www.diarioimagen.net\/wp-content\/uploads\/2013\/05\/eruviel-1-2093-237x132.jpg 237w, https:\/\/www.diarioimagen.net\/wp-content\/uploads\/2013\/05\/eruviel-1-2093.jpg 480w\" sizes=\"auto, (max-width: 240px) 100vw, 240px\" \/><\/a><p id=\"caption-attachment-131176\" class=\"wp-caption-text\">El secretario de Comunicaciones y Transportes del gobierno federal, Gerardo Ruiz Esparza, , y Efr\u00e9n Rojas D\u00e1vila, secretario General de Gobierno, informaron sobre la coordinaci\u00f3n entre los tres \u00f3rdenes de gobierno para la atenci\u00f3n de las v\u00edctimas y familiares afectados por el accidente provocado por una pipa que transportaba gas LP en la autopista M\u00e9xico-Pachuca.<\/p><\/div>\n<p><strong>Toluca, Estado de M\u00e9xico<\/strong>.- El gobernador Eruviel \u00c1vila Villegas extern\u00f3 su pesar y solidaridad con los deudos de las v\u00edctimas y heridos que produjo la explosi\u00f3n de una pipa en la autopista M\u00e9xico-Pachuca, por lo que anunci\u00f3 que el gobierno del Estado de M\u00e9xico apoyar\u00e1 jur\u00eddica y econ\u00f3micamente a las familias de los fallecidos y heridos por este lamentable accidente.<\/p>\n<p>\u201cS\u00e9 que nada puede compensar la p\u00e9rdida de un ser querido, pero en estos momentos es tambi\u00e9n cuando m\u00e1s necesitamos de la solidaridad de los mexiquenses y el gobierno est\u00e1 y estar\u00e1 a su lado en todo momento. Nuestra solidaridad y apoyo total a las personas que hayan sido heridas en este lamentable accidente, as\u00ed como a los familiares de las personas que lamentablemente perdieron la vida\u201d, afirm\u00f3.<\/p>\n<p>Inmediatamente despu\u00e9s del siniestro, el gobernador Eruviel \u00c1vila, quien se encuentra en una gira de trabajo oficial en Roma, Italia, instruy\u00f3 a su gabinete para que los servicios m\u00e9dicos que se brinden a los heridos sean gratuitos, y para que los familiares reciban asesor\u00eda jur\u00eddica a efecto de que la empresa transportadora involucrada en el accidente, les responda conforme a derecho.<\/p>\n<p>\u201cDesde el momento mismo del accidente, gir\u00e9 instrucciones a los secretarios general de Gobierno, de Seguridad Ciudadana, de Comunicaciones, de Salud y al procurador de Justicia, para que atendieran todo lo relacionado con el siniestro, de manera coordinada con las autoridades del gobierno federal y del ayuntamiento de Ecatepec\u201d, concluy\u00f3.<\/p>\n<p>Eruviel \u00c1vila inform\u00f3 que para aquellos que hayan sufrido afectaciones en sus casas por la explosi\u00f3n, el Gobierno del Estado de M\u00e9xico habr\u00e1 de ofrecerles 25 mil pesos para su reconstrucci\u00f3n; asimismo, instruy\u00f3 a la Secretar\u00eda de Educaci\u00f3n reconstruir totalmente una escuela que result\u00f3 con serios da\u00f1os.<\/p>\n<p>El titular del Ejecutivo estatal agreg\u00f3 que solicitar\u00e1 el apoyo de la Secretar\u00eda de Comunicaciones y Transportes (SCT) para que se\u00a0 realice una intensa revisi\u00f3n de la normatividad federal vigente referente al transporte terrestre de materiales y residuos peligrosos, a efecto de adecuarla, ya que dicho marco jur\u00eddico data de 1996; tambi\u00e9n propondr\u00e1 la revisi\u00f3n de la Norma 012 referente al transporte de carga que circula por v\u00edas federales, a efecto de mejorar las condiciones de seguridad en autopistas.<\/p>\n<p>Cabe destacar que la Procuradur\u00eda de Justicia del Estado de M\u00e9xico coadyuva con las autoridades federales competentes para deslindar responsabilidades sobre este accidente.<\/p>\n<p>Por otra parte, el gobernador Eruviel \u00c1vila anunci\u00f3 que cancelar\u00e1 algunas actividades, para adelantar el regreso de su gira de trabajo por Roma y El Vaticano al Estado de M\u00e9xico.<\/p>\n","protected":false},"excerpt":{"rendered":"<p>El gobernador Eruviel \u00c1vila Villegas extern\u00f3 su pesar y solidaridad con los deudos de las v\u00edctimas y heridos que produjo la explosi\u00f3n de una pipa en la autopista M\u00e9xico-Pachuca, por lo que anunci\u00f3 que el gobierno del Estado de M\u00e9xico apoyar\u00e1 jur\u00eddica y econ\u00f3micamente a las familias de los fallecidos y heridos por este lamentable accidente.<\/p>\n","protected":false},"author":3,"featured_media":131178,"comment_status":"open","ping_status":"open","sticky":false,"template":"","format":"standard","meta":{"_monsterinsights_skip_tracking":false,"_monsterinsights_sitenote_active":false,"_monsterinsights_sitenote_note":"","_monsterinsights_sitenote_category":0,"footnotes":""},"categories":[17,3],"tags":[5828,43675,44,2393,452],"class_list":["post-131089","post","type-post","status-publish","format-standard","has-post-thumbnail","hentry","category-especiales","category-nacional","tag-eruviel-avila-villegas","tag-estado-de-mexico","tag-mexico","tag-pachuca","tag-toluca"],"_links":{"self":[{"href":"https:\/\/www.diarioimagen.net\/index.php?rest_route=\/wp\/v2\/posts\/131089","targetHints":{"allow":["GET"]}}],"collection":[{"href":"https:\/\/www.diarioimagen.net\/index.php?rest_route=\/wp\/v2\/posts"}],"about":[{"href":"https:\/\/www.diarioimagen.net\/index.php?rest_route=\/wp\/v2\/types\/post"}],"author":[{"embeddable":true,"href":"https:\/\/www.diarioimagen.net\/index.php?rest_route=\/wp\/v2\/users\/3"}],"replies":[{"embeddable":true,"href":"https:\/\/www.diarioimagen.net\/index.php?rest_route=%2Fwp%2Fv2%2Fcomments&post=131089"}],"version-history":[{"count":0,"href":"https:\/\/www.diarioimagen.net\/index.php?rest_route=\/wp\/v2\/posts\/131089\/revisions"}],"wp:featuredmedia":[{"embeddable":true,"href":"https:\/\/www.diarioimagen.net\/index.php?rest_route=\/wp\/v2\/media\/131178"}],"wp:attachment":[{"href":"https:\/\/www.diarioimagen.net\/index.php?rest_route=%2Fwp%2Fv2%2Fmedia&parent=131089"}],"wp:term":[{"taxonomy":"category","embeddable":true,"href":"https:\/\/www.diarioimagen.net\/index.php?rest_route=%2Fwp%2Fv2%2Fcategories&post=131089"},{"taxonomy":"post_tag","embeddable":true,"href":"https:\/\/www.diarioimagen.net\/index.php?rest_route=%2Fwp%2Fv2%2Ftags&post=131089"}],"curies":[{"name":"wp","href":"https:\/\/api.w.org\/{rel}","templated":true}]}}