{"id":131109,"date":"2013-05-08T00:08:42","date_gmt":"2013-05-08T05:08:42","guid":{"rendered":"http:\/\/www.diarioimagen.net\/?p=131109"},"modified":"2013-05-08T02:09:27","modified_gmt":"2013-05-08T07:09:27","slug":"rinden-protesta-nuevos-directores-de-la-uaem","status":"publish","type":"post","link":"https:\/\/www.diarioimagen.net\/?p=131109","title":{"rendered":"Rinden protesta nuevos directores de la UAEM"},"content":{"rendered":"<ul>\n<li><strong><em>Fueron aprobados durante la sesi\u00f3n del H. Consejo Universitario en la Sala de Consejo \u201c Gustavo Baz Prada\u201d<\/em><\/strong><\/li>\n<\/ul>\n<div id=\"attachment_131201\" style=\"width: 250px\" class=\"wp-caption alignleft\"><a href=\"http:\/\/www.diarioimagen.net\/wp-content\/uploads\/2013\/05\/UAEM-2093.jpg\"><img loading=\"lazy\" decoding=\"async\" aria-describedby=\"caption-attachment-131201\" class=\"size-medium wp-image-131201\" alt=\"En sesi\u00f3n extraordinaria, el H. Consejo de la Universidad Aut\u00f3noma del Estado de M\u00e9xico, presidido por el rector Eduardo Gasca Pliego, aprob\u00f3 por unanimidad la designaci\u00f3n de nuevos directores.\" src=\"http:\/\/www.diarioimagen.net\/wp-content\/uploads\/2013\/05\/UAEM-2093-240x135.jpg\" width=\"240\" height=\"135\" srcset=\"https:\/\/www.diarioimagen.net\/wp-content\/uploads\/2013\/05\/UAEM-2093-240x135.jpg 240w, https:\/\/www.diarioimagen.net\/wp-content\/uploads\/2013\/05\/UAEM-2093-420x236.jpg 420w, https:\/\/www.diarioimagen.net\/wp-content\/uploads\/2013\/05\/UAEM-2093-235x132.jpg 235w, https:\/\/www.diarioimagen.net\/wp-content\/uploads\/2013\/05\/UAEM-2093-202x114.jpg 202w, https:\/\/www.diarioimagen.net\/wp-content\/uploads\/2013\/05\/UAEM-2093-350x196.jpg 350w, https:\/\/www.diarioimagen.net\/wp-content\/uploads\/2013\/05\/UAEM-2093-220x123.jpg 220w, https:\/\/www.diarioimagen.net\/wp-content\/uploads\/2013\/05\/UAEM-2093-237x132.jpg 237w, https:\/\/www.diarioimagen.net\/wp-content\/uploads\/2013\/05\/UAEM-2093.jpg 480w\" sizes=\"auto, (max-width: 240px) 100vw, 240px\" \/><\/a><p id=\"caption-attachment-131201\" class=\"wp-caption-text\">En sesi\u00f3n extraordinaria, el H. Consejo de la Universidad Aut\u00f3noma del Estado de M\u00e9xico, presidido por el rector Eduardo Gasca Pliego, aprob\u00f3 por unanimidad la designaci\u00f3n de nuevos directores.<\/p><\/div>\n<p><strong>Toluca, Estado de M\u00e9xico<\/strong>&#8211; En sesi\u00f3n extraordinaria, el H. Consejo de la Universidad Aut\u00f3noma del Estado de M\u00e9xico, presidido por el rector Eduardo Gasca Pliego, aprob\u00f3 por unanimidad, la designaci\u00f3n de nuevos directores de las facultades de Contadur\u00eda y Administraci\u00f3n e Ingenier\u00eda, as\u00ed como del plantel \u201cSor Juana In\u00e9s de la Cruz\u201d de la Escuela Preparatoria.<\/p>\n<p>En esta sesi\u00f3n, la primera que se llev\u00f3 a cabo en las nuevas instalaciones de la Sala de Consejo \u201cGustavo Baz Prada\u201d, ubicada en el reci\u00e9n concluido cuarto torre\u00f3n del Edificio de Rector\u00eda, Gasca Pliego tom\u00f3 la protesta de ley a los nuevos directores.<\/p>\n<p>En primer t\u00e9rmino, el M\u00e1ximo \u00d3rgano de Gobierno de la UAEM design\u00f3 como director de la Facultad de Contadur\u00eda y Administraci\u00f3n a Alejandro Hern\u00e1ndez Su\u00e1rez, quien es doctorante en Ciencias de la Educaci\u00f3n, profesor de este organismo desde 2005, coordinador de Docencia de la Licenciatura en Contadur\u00eda y jefe del Departamento de Becas, entre otros cargos; es coautor y colaborador de diversas publicaciones.<\/p>\n<p>El rector Eduardo Gasca tambi\u00e9n tom\u00f3 la protesta correspondiente a Ra\u00fal Vera Noguez como nuevo director de la Facultad de Ingenier\u00eda; es candidato a doctor en Ingenier\u00eda, profesor desde 1984 y Profesor de Tiempo Completo desde 1999, autor y coautor de m\u00e1s de 51 art\u00edculos, con una importante trayectoria en el sector privado.<\/p>\n<p>En esta misma sesi\u00f3n, el rector tom\u00f3 la protesta a Jos\u00e9 Gonz\u00e1lez Torices, nuevo director del Plantel \u201cSor Juana In\u00e9s de la Cruz\u201d -ubicado en Amecameca-, quien es maestro en Educaci\u00f3n Superior y se ha desempe\u00f1ado como secretario acad\u00e9mico y de administraci\u00f3n del plantel; ganador de diversos reconocimientos -como la Nota Laudatoria- y ha trabajado en el sector p\u00fablico en el \u00e1rea de la educaci\u00f3n.<\/p>\n","protected":false},"excerpt":{"rendered":"<p>En sesi\u00f3n extraordinaria, el H. Consejo de la Universidad Aut\u00f3noma del Estado de M\u00e9xico, presidido por el rector Eduardo Gasca Pliego, aprob\u00f3 por unanimidad, la designaci\u00f3n de nuevos directores de las facultades de Contadur\u00eda y Administraci\u00f3n e Ingenier\u00eda, as\u00ed como del plantel \u201cSor Juana In\u00e9s de la Cruz\u201d de la Escuela Preparatoria.<\/p>\n","protected":false},"author":3,"featured_media":131201,"comment_status":"open","ping_status":"open","sticky":false,"template":"","format":"standard","meta":{"_monsterinsights_skip_tracking":false,"_monsterinsights_sitenote_active":false,"_monsterinsights_sitenote_note":"","_monsterinsights_sitenote_category":0,"footnotes":""},"categories":[5],"tags":[22356,43675,13491,452,1491],"class_list":["post-131109","post","type-post","status-publish","format-standard","has-post-thumbnail","hentry","category-estado-de-mexico","tag-consejo-universitario","tag-estado-de-mexico","tag-sor-juana-ines-de-la-cruz","tag-toluca","tag-uaem"],"_links":{"self":[{"href":"https:\/\/www.diarioimagen.net\/index.php?rest_route=\/wp\/v2\/posts\/131109","targetHints":{"allow":["GET"]}}],"collection":[{"href":"https:\/\/www.diarioimagen.net\/index.php?rest_route=\/wp\/v2\/posts"}],"about":[{"href":"https:\/\/www.diarioimagen.net\/index.php?rest_route=\/wp\/v2\/types\/post"}],"author":[{"embeddable":true,"href":"https:\/\/www.diarioimagen.net\/index.php?rest_route=\/wp\/v2\/users\/3"}],"replies":[{"embeddable":true,"href":"https:\/\/www.diarioimagen.net\/index.php?rest_route=%2Fwp%2Fv2%2Fcomments&post=131109"}],"version-history":[{"count":0,"href":"https:\/\/www.diarioimagen.net\/index.php?rest_route=\/wp\/v2\/posts\/131109\/revisions"}],"wp:featuredmedia":[{"embeddable":true,"href":"https:\/\/www.diarioimagen.net\/index.php?rest_route=\/wp\/v2\/media\/131201"}],"wp:attachment":[{"href":"https:\/\/www.diarioimagen.net\/index.php?rest_route=%2Fwp%2Fv2%2Fmedia&parent=131109"}],"wp:term":[{"taxonomy":"category","embeddable":true,"href":"https:\/\/www.diarioimagen.net\/index.php?rest_route=%2Fwp%2Fv2%2Fcategories&post=131109"},{"taxonomy":"post_tag","embeddable":true,"href":"https:\/\/www.diarioimagen.net\/index.php?rest_route=%2Fwp%2Fv2%2Ftags&post=131109"}],"curies":[{"name":"wp","href":"https:\/\/api.w.org\/{rel}","templated":true}]}}