{"id":131113,"date":"2013-05-08T00:06:17","date_gmt":"2013-05-08T05:06:17","guid":{"rendered":"http:\/\/www.diarioimagen.net\/?p=131113"},"modified":"2013-05-08T02:12:57","modified_gmt":"2013-05-08T07:12:57","slug":"la-secretaria-de-economia-analiza-autorizar-importacion-de-huevo","status":"publish","type":"post","link":"https:\/\/www.diarioimagen.net\/?p=131113","title":{"rendered":"La Secretar\u00eda de Econom\u00eda analiza autorizar importaci\u00f3n de huevo"},"content":{"rendered":"<ul>\n<li><strong><em>Ildefonso Guajardo, titular de la dependencia, plante\u00f3 que lo anterior es para intentar frenar el encarecimiento del producto<\/em><\/strong><\/li>\n<\/ul>\n<div id=\"attachment_131206\" style=\"width: 250px\" class=\"wp-caption alignleft\"><a href=\"http:\/\/www.diarioimagen.net\/wp-content\/uploads\/2013\/05\/huevo-2093.jpg\"><img loading=\"lazy\" decoding=\"async\" aria-describedby=\"caption-attachment-131206\" class=\"size-medium wp-image-131206\" alt=\"A\u00fan cuando la avicultura genera suficiente producci\u00f3n de huevo, la Secretar\u00eda de Econom\u00eda prev\u00e9 abrir las fronteras a la importaci\u00f3n de ese alimento.\" src=\"http:\/\/www.diarioimagen.net\/wp-content\/uploads\/2013\/05\/huevo-2093-240x135.jpg\" width=\"240\" height=\"135\" srcset=\"https:\/\/www.diarioimagen.net\/wp-content\/uploads\/2013\/05\/huevo-2093-240x135.jpg 240w, https:\/\/www.diarioimagen.net\/wp-content\/uploads\/2013\/05\/huevo-2093-420x236.jpg 420w, https:\/\/www.diarioimagen.net\/wp-content\/uploads\/2013\/05\/huevo-2093-235x132.jpg 235w, https:\/\/www.diarioimagen.net\/wp-content\/uploads\/2013\/05\/huevo-2093-202x114.jpg 202w, https:\/\/www.diarioimagen.net\/wp-content\/uploads\/2013\/05\/huevo-2093-350x196.jpg 350w, https:\/\/www.diarioimagen.net\/wp-content\/uploads\/2013\/05\/huevo-2093-220x123.jpg 220w, https:\/\/www.diarioimagen.net\/wp-content\/uploads\/2013\/05\/huevo-2093-237x132.jpg 237w, https:\/\/www.diarioimagen.net\/wp-content\/uploads\/2013\/05\/huevo-2093.jpg 480w\" sizes=\"auto, (max-width: 240px) 100vw, 240px\" \/><\/a><p id=\"caption-attachment-131206\" class=\"wp-caption-text\">A\u00fan cuando la avicultura genera suficiente producci\u00f3n de huevo, la Secretar\u00eda de Econom\u00eda prev\u00e9 abrir las fronteras a la importaci\u00f3n de ese alimento.<\/p><\/div>\n<p><strong>Aguascalientes, Aguascalientes<\/strong>.- El titular de la Secretar\u00eda de Econom\u00eda, Ildefonso Guajardo Villarreal, plante\u00f3 ayer la posibilidad de que se abra la importaci\u00f3n de huevo, para intentar frenar el encarecimiento del alimento.<\/p>\n<p>\u201cTengo una reuni\u00f3n programada con la Asociaci\u00f3n Nacional de Avicultores para ver qu\u00e9 est\u00e1 pasando en los mercados. Del cierre del a\u00f1o a la medici\u00f3n del d\u00eda de ayer se observa un incremento del 10 por ciento en los precios, que tenemos que analizar con la industria acciones a tomar\u201d, dijo.<\/p>\n<p>\u201c(La importaciones) son las alternativas que vamos a evaluar \u201c, respondi\u00f3 a una pregunta sobre si una de las opciones ser\u00eda abrir el mercado a producto extranjero, luego de participar en la Convenci\u00f3n Nacional de la Canacintra.<\/p>\n<p>Precis\u00f3 que tendr\u00e1n que analizar primero la posibilidad de importar para luego fijar las cuotas de producto que podr\u00eda entrar al pa\u00eds.<\/p>\n<p>Guajardo Villarreal refiri\u00f3 que por el momento se acord\u00f3 con la Asociaci\u00f3n Nacional de Tiendas de Autoservicio y Departamentales (Antad) garantizar que al menos en sus tiendas afiliadas se elimine la especulaci\u00f3n en la disponibilidad de huevo.<\/p>\n<p>\u201cVamos a explorar hoy por la tarde alternativas de abasto en los mercados, para que, sin duda, no se altere el precio de este insumo que es fundamental en la canasta de los consumidores\u201d, declar\u00f3.<\/p>\n<p>Guajardo Villarreal estuvo en Aguascalientes para sostener un encuentro con los afiliados de la Canacintra en el Pa\u00eds, a quienes prometi\u00f3 que, con la reforma financiera que alista el Gobierno federal, buscar\u00e1n mejorar las oportunidades de acceso al cr\u00e9dito, sobre todo para las micro, peque\u00f1as y medianas empresas (Mipymes).<\/p>\n<p>\u201cLa idea es que se abra el financiamiento para el mayor n\u00famero de empresas posibles.<\/p>\n<p>Una de las cosas que el diagn\u00f3stico arroja es que M\u00e9xico tiene uno de los m\u00e1s bajos niveles de intermediaci\u00f3n en Am\u00e9rica Latina\u201d, dijo.<\/p>\n<p>De acuerdo con el Secretario de Econom\u00eda, actualmente s\u00f3lo 16 por ciento de las Mipymes tiene acceso al cr\u00e9dito.<b><\/b><\/p>\n<p>&nbsp;<\/p>\n","protected":false},"excerpt":{"rendered":"<p>El titular de la Secretar\u00eda de Econom\u00eda, Ildefonso Guajardo Villarreal, plante\u00f3 ayer la posibilidad de que se abra la<\/p>\n","protected":false},"author":3,"featured_media":131206,"comment_status":"open","ping_status":"open","sticky":false,"template":"","format":"standard","meta":{"_monsterinsights_skip_tracking":false,"_monsterinsights_sitenote_active":false,"_monsterinsights_sitenote_note":"","_monsterinsights_sitenote_category":0,"footnotes":""},"categories":[3],"tags":[35,26964,15947,43673,778],"class_list":["post-131113","post","type-post","status-publish","format-standard","has-post-thumbnail","hentry","category-nacional","tag-aguascalientes","tag-ildefonso-guajardo-villarreal","tag-importacion","tag-nacional","tag-secretaria-de-economia"],"_links":{"self":[{"href":"https:\/\/www.diarioimagen.net\/index.php?rest_route=\/wp\/v2\/posts\/131113","targetHints":{"allow":["GET"]}}],"collection":[{"href":"https:\/\/www.diarioimagen.net\/index.php?rest_route=\/wp\/v2\/posts"}],"about":[{"href":"https:\/\/www.diarioimagen.net\/index.php?rest_route=\/wp\/v2\/types\/post"}],"author":[{"embeddable":true,"href":"https:\/\/www.diarioimagen.net\/index.php?rest_route=\/wp\/v2\/users\/3"}],"replies":[{"embeddable":true,"href":"https:\/\/www.diarioimagen.net\/index.php?rest_route=%2Fwp%2Fv2%2Fcomments&post=131113"}],"version-history":[{"count":0,"href":"https:\/\/www.diarioimagen.net\/index.php?rest_route=\/wp\/v2\/posts\/131113\/revisions"}],"wp:featuredmedia":[{"embeddable":true,"href":"https:\/\/www.diarioimagen.net\/index.php?rest_route=\/wp\/v2\/media\/131206"}],"wp:attachment":[{"href":"https:\/\/www.diarioimagen.net\/index.php?rest_route=%2Fwp%2Fv2%2Fmedia&parent=131113"}],"wp:term":[{"taxonomy":"category","embeddable":true,"href":"https:\/\/www.diarioimagen.net\/index.php?rest_route=%2Fwp%2Fv2%2Fcategories&post=131113"},{"taxonomy":"post_tag","embeddable":true,"href":"https:\/\/www.diarioimagen.net\/index.php?rest_route=%2Fwp%2Fv2%2Ftags&post=131113"}],"curies":[{"name":"wp","href":"https:\/\/api.w.org\/{rel}","templated":true}]}}