{"id":131126,"date":"2013-05-08T00:01:27","date_gmt":"2013-05-08T05:01:27","guid":{"rendered":"http:\/\/www.diarioimagen.net\/?p=131126"},"modified":"2013-05-09T01:33:16","modified_gmt":"2013-05-09T06:33:16","slug":"mas-de-70-millones-de-dolares-se-invertiran-para-la-promocion-turistica-de-brasil","status":"publish","type":"post","link":"https:\/\/www.diarioimagen.net\/?p=131126","title":{"rendered":"M\u00e1s de 70 millones de d\u00f3lares se invertir\u00e1n para la promoci\u00f3n tur\u00edstica de Brasil"},"content":{"rendered":"<h2>De cinco estrellas<\/h2>\n<h5>Victoria Gonz\u00e1lez Prado<\/h5>\n<p>&nbsp;<\/p>\n<ul>\n<li><strong><em>Desde hoy, en Chilpancingo, se realiza el Octavo Festival del Pozole y el Mezcal<\/em><\/strong><\/li>\n<li><strong><em>La cadena 100% mexicana Misi\u00f3n, estrena hoteles en Campeche y Xalapa<\/em><\/strong><\/li>\n<li><strong><em>La aerol\u00ednea del caballero \u00e1guila incrementar\u00e1 a San Francisco, Chicago, Houston, Bogot\u00e1, Madrid y Sao Paulo<\/em><\/strong><\/li>\n<li><em><strong>El premio <\/strong><\/em><strong>Top 20 Small Luxury Hotels for Meetings Mexico 2013<\/strong><em><strong> para hotel de Los Cabos<\/strong><\/em><\/li>\n<\/ul>\n<div id=\"attachment_131238\" style=\"width: 250px\" class=\"wp-caption alignleft\"><a href=\"http:\/\/www.diarioimagen.net\/wp-content\/uploads\/2013\/05\/turismo-2093.jpg\"><img loading=\"lazy\" decoding=\"async\" aria-describedby=\"caption-attachment-131238\" class=\"size-medium wp-image-131238\" alt=\"Paulo Villela, Ricardo Gomyde, Tufi Neto, Helio Silva Filho y Ronald Azaro.\" src=\"http:\/\/www.diarioimagen.net\/wp-content\/uploads\/2013\/05\/turismo-2093-240x135.jpg\" width=\"240\" height=\"135\" srcset=\"https:\/\/www.diarioimagen.net\/wp-content\/uploads\/2013\/05\/turismo-2093-240x135.jpg 240w, https:\/\/www.diarioimagen.net\/wp-content\/uploads\/2013\/05\/turismo-2093-420x236.jpg 420w, https:\/\/www.diarioimagen.net\/wp-content\/uploads\/2013\/05\/turismo-2093-235x132.jpg 235w, https:\/\/www.diarioimagen.net\/wp-content\/uploads\/2013\/05\/turismo-2093-202x114.jpg 202w, https:\/\/www.diarioimagen.net\/wp-content\/uploads\/2013\/05\/turismo-2093-350x196.jpg 350w, https:\/\/www.diarioimagen.net\/wp-content\/uploads\/2013\/05\/turismo-2093-220x123.jpg 220w, https:\/\/www.diarioimagen.net\/wp-content\/uploads\/2013\/05\/turismo-2093-237x132.jpg 237w, https:\/\/www.diarioimagen.net\/wp-content\/uploads\/2013\/05\/turismo-2093.jpg 480w\" sizes=\"auto, (max-width: 240px) 100vw, 240px\" \/><\/a><p id=\"caption-attachment-131238\" class=\"wp-caption-text\">Paulo Villela, Ricardo Gomyde, Tufi Neto, Helio Silva Filho y Ronald Azaro.<\/p><\/div>\n<p>La gira <i>Goal to Brasil,<\/i> que el Instituto Brasile\u00f1o de Turismo (Embratur) presenta en 14 pa\u00edses, lleg\u00f3 a M\u00e9xico y fue presentada por <b>Tufi Neto,<\/b> director de Administraci\u00f3n y Finanzas del Instituto Brasile\u00f1o de Embratur, quien anunci\u00f3 una\u00a0\u00a0\u00a0 inversi\u00f3n de m\u00e1s de 70 millones de d\u00f3lares para la promoci\u00f3n tur\u00edstica en Brasil. Para el 2014, se prev\u00e9 que m\u00e1s de 7.2 millones de turistas visiten Brasil, considerando a los asistentes a la Copa del Mundo FIFA 2014, que son alrededor de 600 mil turistas extranjeros. La expectativa es que el 25% de los turistas que asistan al Mundial de Futbol visiten otros destinos y puedan conocer las atracciones de las diferentes regiones de Brasil antes, durante y despu\u00e9s de la competencia. De esta forma, el objetivo de la gira <i>Goal to Brasil<\/i> es mostrar en cada pa\u00eds los avances en infraestructura, construcci\u00f3n de estadios, movilidad urbana, aeropuertos, red hotelera, entre otros, de cara a la Copa Mundial de la FIFA 2014 y los Juegos Ol\u00edmpicos en 2016. En 2013, seis de las sedes de la Copa del Mundo 2014 ya estar\u00e1n con sus estadios listos, lo que refleja la rapidez y esfuerzo que hace el pa\u00eds. Fortaleza, R\u00edo de Janeiro, Recife, Belo Horizonte, Brasilia, Salvador, son las ciudades que abrir\u00e1n sus estadios en junio para la Copa de Confederaciones. El templo del futbol brasile\u00f1o m\u00e1s importante reabri\u00f3 sus puertas el pasado 27 de abril. Despu\u00e9s de dos a\u00f1os y ocho meses de reformas, el Maracan\u00e1 recibi\u00f3 un partido amistoso de los ex jugadores Ronaldo y Bebeto. Con una capacidad para 78 mil 838 personas, el estadio tuvo una ocupaci\u00f3n promedio de 30% durante el primer d\u00eda de su reapertura. El p\u00fablico fue formado por cerca de 8 mil operarios que ayudaron en la reforma del estadio, adem\u00e1s de familiares de los trabajadores e invitados. Cabe se\u00f1alar que la arena recibir\u00e1 tres partidos de la Copa FIFA Confederaciones Brasil 2013 y tambi\u00e9n ser\u00e1 el escenario de la final del Mundial de la FIFA 2014. Las actividades de promoci\u00f3n que se realizan en cada pa\u00eds incluyen <i>workshops<\/i> para operadores del turismo y agentes de viaje, adem\u00e1s de la recepci\u00f3n denominada \u201cVivencia Brasile\u00f1a\u201d, donde se expone la gastronom\u00eda, atracciones y experiencias brasile\u00f1as, ante distintas celebridades e \u00edconos del deporte y turismo nacional. La edici\u00f3n en M\u00e9xico tiene como objetivo principal promocionar a R\u00edo de Janeiro, el mayor destino tur\u00edstico del pa\u00eds, sin\u00f3nimo de belleza. El Corcovado, el Pan de Az\u00facar, el Cristo Redentor, Copacabana e Ipanema est\u00e1n en el imaginario del mundo, as\u00ed como la bossa nova. La presentaci\u00f3n de <i>Goal to Brasil<\/i> en M\u00e9xico cont\u00f3 con la participaci\u00f3n de <b>Tufi Neto<\/b>, director de Administraci\u00f3n y Finanzas del Instituto Brasile\u00f1o de Turismo (Embratur); <b>Helio Silva Filho<\/b>, jefe del sector comercial de turismo de la embajada de Brasil y presidente del comit\u00e9 \u201cDescubre Brasil\u201d; <b>Ricardo Gomyde<\/b>, director de Futbol Profesional del Ministerio de Deportes; <b>Ronald Azaro<\/b>, secretario de Turismo de R\u00edo de Janeiro, y <b>Paulo Villela<\/b>, director de Marketing de <i>Riotur.<\/i> As\u00ed, Brasil refrenda su compromiso de tener lista la infraestructura necesaria para recibir al turismo internacional, a casi un a\u00f1o de iniciar la cita mundialista. Antes de concluir la reuni\u00f3n coincidieron en se\u00f1alar que se espera la llegada aproximada de 50 mil mexicanos para el 2014.<\/p>\n<p>\u2730\u2730\u2730\u2730\u2730\u00a0A partir de hoy mi\u00e9rcoles y hasta el domingo 12 de mayo se realizar\u00e1 en las instalaciones de la Feria Navidad y A\u00f1o Nuevo el Octavo Festival del Pozole y el Mezcal, donde se podr\u00e1n degustar\u00a0 exquisitos platillos y una extensa diversidad de mezcales guerrerenses. En el festival \u00a0participar\u00e1n mezcaleras y restauranteros de Chilpancingo, Eduardo Neri, Tixtla, Mochitl\u00e1n, Chilapa y Quechultenango, entre otros, quienes adem\u00e1s del tradicional pozole ofrecer\u00e1n diversos antojitos de la regi\u00f3n. La pozoler\u00eda que salga ganadora representar\u00e1 a Guerrero en el evento nacional El Cuchar\u00f3n de Oro. El festival promueve el pozole en sus diversos tipos y variedades, blanco, rojo, verde, con pollo o con cerdo, el cual por lo general se sirve en una cazuela de barro. Adem\u00e1s, para dar un mejor sabor al pozole, los comensales le a\u00f1aden ya en el plato, cebolla, chile, aguacate, or\u00e9gano, jugo de lim\u00f3n, chicharr\u00f3n, tortillas doradas, entre otros complementos. Cabe destacar que el famoso mezcal guerrerense se ha ganado ya un lugar en la gastronom\u00eda mexicana, adem\u00e1s de que est\u00e1 protegido por la denominaci\u00f3n de origen y se encuentra en el proceso de estandarizar su m\u00e9todo de elaboraci\u00f3n. En la organizaci\u00f3n del evento participan el gobierno del estado y el ayuntamiento de Chilpancingo, que han trabajado coordinadamente en la organizaci\u00f3n de tan esperado evento por los habitantes de la capital del estado.<\/p>\n<p>\u2730\u2730\u2730\u2730\u2730\u00a0Los hoteles Misi\u00f3n Campeche y Xalapa, Plaza de las Convenciones, son los nuevos dos integrantes de la cadena mexicana de Hoteles Misi\u00f3n. Desde el a\u00f1o pasado la cadena hotelera se dio a la tarea de continuar con su expansi\u00f3n, con el fin de fortalecer su presencia en distintos destinos del pa\u00eds, quienes a principios de a\u00f1o pudieron realizar la firma de los documentos correspondientes para sumarse como franquicias a esta empresa. Misi\u00f3n Campeche est\u00e1 ubicado en Calle 10 No. 252, entre la 59 y la 61 en la colonia Centro, San Francisco de Campeche. Cuenta con 48 habitaciones recientemente remodeladas y dentro de sus amenidades est\u00e1n: el desayunador, una sala de juntas con capacidad de 30 personas, centro de negocios, estacionamiento e internet inal\u00e1mbrico. Para llevar a cabo la firma de los documentos se cont\u00f3 con la presencia de <b>Gaspar Ortega Selem<\/b>, propietario del hotel; <b>Roberto Zapata<\/b>, director general de Hoteles Misi\u00f3n y distintos directivos del corporativo, quienes dieron la bienvenida al inversionista. Misi\u00f3n Xalapa Plaza de las Convenciones, es una propiedad edificada en una superficie de 10 mil\u00a0 m\u00b2 y cuenta con 132 habitaciones, restaurantes La Terraza y La Carreta, seis salones con capacidad de hasta 500 personas, <i>lobby bar<\/i> y\u00a0 bar El Abuelo, gimnasio, alberca interior, estacionamiento e internet inal\u00e1mbrico en cortes\u00eda. Se ubica en\u00a0 Av. 20 de Noviembre Oriente 455, colonia Modelo en Xalapa. Para dar por hecho la incorporaci\u00f3n se firm\u00f3 un convenio en las oficinas del corporativo, donde estuvieron presentes sus propietarios actuales <b>Rafael Blanco<\/b> y <b>Eduardo Blanco Guillaumin<\/b>, <b>Roberto Zapata<\/b> y directivos de Hoteles Misi\u00f3n. Para este a\u00f1o la cadena busca continuar la suma de nuevas propiedades y destinos que permitan acercar a cada visitante los detalles aut\u00e9nticos de la mexicanidad, as\u00ed como impulsar los destinos tur\u00edsticos del pa\u00eds.<\/p>\n<p align=\"left\">\u2730\u2730\u2730\u2730\u2730\u00a0Aerom\u00e9xico aumentar\u00e1 frecuencias desde la ciudad de M\u00e9xico hacia San Francisco, Chicago, Houston, Bogot\u00e1, Madrid y Sao Paulo, como resultado de la demanda en estos destinos. En un comunicado, la l\u00ednea a\u00e9rea se\u00f1ala que en el mercado dom\u00e9stico\u00a0 agregar\u00e1 su quinta frecuencia diaria hacia Tijuana, a partir del 15 de julio pr\u00f3ximo. De igual forma, a partir de junio, incorporar\u00e1 nuevas frecuencias desde el D.F.,\u00a0\u00a0 a Bogot\u00e1, Madrid y Sao Paulo. Los vuelos a Tijuana, Chicago y San Francisco ser\u00e1n operados con equipos Boeing 737 con capacidad para 132 pasajeros, mientras que a Houston en <i>Embraer<\/i> 190 de 99 asientos, todos en la modalidad VoyVuelvo, lo que permite a los clientes ir y regresar el mismo d\u00eda, expuso la empresa. Por medio de Gran Plan Aerom\u00e9xico, ofrece paquetes de viaje que incluyen avi\u00f3n, hotel y servicios adicionales como transporte terrestre, tours, excursiones, entre otros. Para Tijuana, Gran Plan Ruta de Vino ofrece visitas a vi\u00f1edos y muestras gastron\u00f3micas de la regi\u00f3n y para quienes disfrutan compras Gran Plan <i>Shopping,<\/i> que incluye una maleta adicional sin cargo extra al viajar a cualquiera de los destinos que la aerol\u00ednea opera hacia Estados Unidos.<\/p>\n<p>\u2730\u2730\u2730\u2730\u2730\u00a0Ubicado a lo largo de los riscos que dominan dos ensenadas privadas en Punta Ballena, cerca de Cabo San Lucas Esperanza, un Auberge Resort recibi\u00f3, por sexto a\u00f1o consecutivo, el reconocimiento: <i>Top 20 Small Luxury Hotels for Meetings Mexico 2013, <\/i>por ser uno de los mejores hoteles de lujo para reuniones. El resort<i> <\/i>recibi\u00f3 este reconocimiento de acuerdo a la encuesta 2013 hecha por la revista especializada <i>MDC The Meeting Planner\u00b4s Magazine<\/i>, efectuada durante los meses de febrero y marzo 2013. Esperanza cuenta con 57 casitas, 60 villas y 36 residencias privadas, un Spa considerado dentro de los mejores del mundo y un restaurant de firma propia. El resort brinda un sin fin de amenidades y espacios especiales para reuniones, como el Land\u2019s End Room, una sala con incre\u00edble vista al mar. Aparte, se ofrecen cenas para todo el grupo, desde algo muy formal hasta asados en la playa, recepciones privadas, as\u00ed como asistencia del personal para conferencias, organizaci\u00f3n y coordinaci\u00f3n de eventos. Dentro de las amenidades que ofrece Esperanza para reuniones se encuentra el uso de internet inal\u00e1mbrico, tratamientos en el Spa, uso de las instalaciones para <i>fitness,<\/i> clases de yoga y art\u00edculos de lujo dentro de la habitaci\u00f3n.<\/p>\n<p><i><em><a href=\"mailto:victoriagprado@gmail.com\" target=\"_blank\">victoriagprado@gmail.com<\/a><\/em><\/i><\/p>\n","protected":false},"excerpt":{"rendered":"<p>La gira <i>Goal to Brasil,<\/i> que el Instituto Brasile\u00f1o de Turismo (Embratur) presenta en 14 pa\u00edses, lleg\u00f3 a M\u00e9xico y fue presentada por <b>Tufi Neto,<\/b> director de Administraci\u00f3n y Finanzas del Instituto Brasile\u00f1o de Embratur, quien anunci\u00f3 una    inversi\u00f3n de m\u00e1s de 70 millones de d\u00f3lares para la promoci\u00f3n tur\u00edstica en Brasil. Para el 2014, se prev\u00e9 que m\u00e1s de 7.2 millones de turistas visiten Brasil, considerando a los asistentes a la Copa del Mundo FIFA 2014, que son alrededor de 600 mil turistas extranjeros.<\/p>\n","protected":false},"author":3,"featured_media":131238,"comment_status":"open","ping_status":"open","sticky":false,"template":"","format":"standard","meta":{"_monsterinsights_skip_tracking":false,"_monsterinsights_sitenote_active":false,"_monsterinsights_sitenote_note":"","_monsterinsights_sitenote_category":0,"footnotes":""},"categories":[11],"tags":[107,43681,106],"class_list":["post-131126","post","type-post","status-publish","format-standard","has-post-thumbnail","hentry","category-turismo","tag-de-cinco-estrellas","tag-turismo","tag-victoria-gonzalez-prado"],"_links":{"self":[{"href":"https:\/\/www.diarioimagen.net\/index.php?rest_route=\/wp\/v2\/posts\/131126","targetHints":{"allow":["GET"]}}],"collection":[{"href":"https:\/\/www.diarioimagen.net\/index.php?rest_route=\/wp\/v2\/posts"}],"about":[{"href":"https:\/\/www.diarioimagen.net\/index.php?rest_route=\/wp\/v2\/types\/post"}],"author":[{"embeddable":true,"href":"https:\/\/www.diarioimagen.net\/index.php?rest_route=\/wp\/v2\/users\/3"}],"replies":[{"embeddable":true,"href":"https:\/\/www.diarioimagen.net\/index.php?rest_route=%2Fwp%2Fv2%2Fcomments&post=131126"}],"version-history":[{"count":0,"href":"https:\/\/www.diarioimagen.net\/index.php?rest_route=\/wp\/v2\/posts\/131126\/revisions"}],"wp:featuredmedia":[{"embeddable":true,"href":"https:\/\/www.diarioimagen.net\/index.php?rest_route=\/wp\/v2\/media\/131238"}],"wp:attachment":[{"href":"https:\/\/www.diarioimagen.net\/index.php?rest_route=%2Fwp%2Fv2%2Fmedia&parent=131126"}],"wp:term":[{"taxonomy":"category","embeddable":true,"href":"https:\/\/www.diarioimagen.net\/index.php?rest_route=%2Fwp%2Fv2%2Fcategories&post=131126"},{"taxonomy":"post_tag","embeddable":true,"href":"https:\/\/www.diarioimagen.net\/index.php?rest_route=%2Fwp%2Fv2%2Ftags&post=131126"}],"curies":[{"name":"wp","href":"https:\/\/api.w.org\/{rel}","templated":true}]}}