{"id":131155,"date":"2013-05-08T00:06:33","date_gmt":"2013-05-08T05:06:33","guid":{"rendered":"http:\/\/www.diarioimagen.net\/?p=131155"},"modified":"2013-05-09T02:01:00","modified_gmt":"2013-05-09T07:01:00","slug":"apendice","status":"publish","type":"post","link":"https:\/\/www.diarioimagen.net\/?p=131155","title":{"rendered":"Ap\u00e9ndice"},"content":{"rendered":"<h2>\u00cdndice pol\u00edtico<\/h2>\n<h5>Francisco Rodr\u00edguez<\/h5>\n<p><span><br \/>\nLa Real Academia Espa\u00f1ola (RAE) no reconoce en su Diccionario el t\u00e9rmino ad\u00e9ndum que tan popular se ha vuelto aqu\u00ed en los \u00faltimos d\u00edas. Incluye el lexic\u00f3n regio de nuestro idioma, eso s\u00ed, la palabra adenda, a la que da significado de ap\u00e9ndice.<\/span><\/p>\n<p>Ahora que, de acuerdo a la Wikipedia, adenda proviene del lat\u00edn addendum dobadum errata, y es todo aquel a\u00f1adido que se agrega a un escrito.<\/p>\n<p>Apunta, asimismo, que si se quiere usar la forma latina (desaconsejada por la RAE,) se dir\u00e1 addendum, para el singular, y addenda, para el plural. Usemos pues aqu\u00ed adenda, que mexicanizado ha quedado en los encabezados de los medios como un ad\u00e9ndum del todo incorrecto.<\/p>\n<p>Y hubo adenda, ayer, al Pacto por M\u00e9xico.<\/p>\n<p>Un adenda que se da a partir de las denuncias panistas por el uso de los programas asistencialistas -con recursos de los contribuyentes- para beneficio electoral del PRI.<\/p>\n<p>Y, \u00bfc\u00f3mo no?, hubo discursos en el republicano recinto que es el Palacio Nacional.<\/p>\n<p>El de la izquierda c\u00f3moda, representada por Jes\u00fas Zambrano, que lo evidenci\u00f3 como el verdadero ap\u00e9ndice \u2014\u00f3rgano in\u00fatil, anat\u00f3micamente\u2014 de la nueva institucionalidad.<\/p>\n<p>El speech, tambi\u00e9n, del nuevo maestro, C\u00e9sar Camacho, quien en su calidad de dirigente del PRI acept\u00f3 los \u201cerrores\u201d de sus correligionarios, pero tambi\u00e9n reparti\u00f3 culpabilidades y responsabilidades a los dem\u00e1s partidos que, cuando est\u00e1n en el poder -federal, estatal, municipal- aprovechan el gasto social, que es dinero de los contribuyentes en beneficio de sus candidatos a puestos de elecci\u00f3n popular.<\/p>\n<p>Y el del denunciante, Gustavo Madero, que como dirigente del PAN fue usado por el neopanista Miguel \u00c1ngel Yunes para satisfacer sus frustradas ambiciones pol\u00edticas que -a diferencia de las econ\u00f3micas, esas s\u00ed muy colmadas- nunca han llegado a buen puerto.<\/p>\n<p>Un adenda, pues, para incluir lo que por cuestiones de olvido voluntario, distracci\u00f3n o a partir de la obtenci\u00f3n de nuevos datos -ni tan nuevos, la mapacher\u00eda electoral est\u00e1 en el ADN de todos los partidos-, no se encontraba en el documento principal del Pacto por M\u00e9xico.<\/p>\n<p align=\"center\"><b>APENDICITIS<\/b><\/p>\n<p>En todo esto, el verdadero ap\u00e9ndice ha resultado ser el Partido de la Revoluci\u00f3n Democr\u00e1tica. Como ap\u00e9ndice es que act\u00faa su dirigencia burocr\u00e1tica dominada por la corriente de los llamados \u201cChuchos\u201d.<\/p>\n<p>Se vio, apenas, cuando se agreg\u00f3 a la denuncia del PAN por los ya muy conocidos hechos de Boca del R\u00edo que, por cierto, no es la capital de Veracruz.<\/p>\n<p>Como ap\u00e9ndice tambi\u00e9n fue su actuaci\u00f3n ayer en la ceremonia pactista celebrada en Palacio Nacional, donde la verdadera voz cantante, realmente oposicionista, fue la del panista Madero, habida cuenta de que en ello tambi\u00e9n le va su permanencia al frente del blanquiazul.<\/p>\n<p>Con 24 a\u00f1os de historia, ya sin sus figuras paradigm\u00e1ticas -ni C\u00e1rdenas, ni Mu\u00f1oz Ledo, ni L\u00f3pez Obrador- a este PRD de \u201clos Chuchos\u201d, para sobrevivir, s\u00f3lo le queda pegarse a la ubre gubernamental, a la que de vez en vez, para simular y disimular, da peque\u00f1os topes, como los de ayer en la firma del adenda.<\/p>\n<p>\u00bfPara qu\u00e9 sirve el ap\u00e9ndice, en todo caso?<\/p>\n<p>Fisiol\u00f3gicamente, ahora, el ap\u00e9ndice es un \u00f3rgano que puede ser extirpado desde temprana edad sin generar efectos adversos en la salud del ser humano o, porque hasta el momento no se ha identificado que desempe\u00f1e una funci\u00f3n importante.<\/p>\n<p>Y hay que extirparlo, s\u00ed, antes de que se inflame y provoque dolor.<\/p>\n<p>Triste papel el de los perredistas.<\/p>\n<p>Sin pudor, se muestran cada vez m\u00e1s cual meros a\u00f1adidos, agregados, \u00bfad\u00e9ndums?, ap\u00e9ndices de la oficialidad.<\/p>\n<p>Triste. Muy triste, \u00bfo no?<\/p>\n<p><strong><em>\u00cdndice Flam\u00edgero<\/em>:<\/strong> El empresario Alejandro Mart\u00ed busca m\u00e1s tribunas, m\u00e1s reflectores, m\u00e1s aplausos. Ahora exige que la llamada sociedad civil -o sea, \u00e9l y sus compa\u00f1eras de andanzas, la se\u00f1ora Wallace y la se\u00f1ora Morera- participen en el Pacto por M\u00e9xico.<\/p>\n<p><em><a href=\"http:\/\/www.indicepolitico.com\/\" target=\"_blank\"><em>www.indicepolitico.com<\/em><\/a><br \/>\n<\/em><em><a href=\"mailto:pacorodriguez@journalist.com\" target=\"_blank\">pacorodriguez@journalist.com<\/a><\/em><\/p>\n","protected":false},"excerpt":{"rendered":"<p><span style=\"color: #005497;\"><strong>Francisco Rodr\u00edguez<\/strong><\/span><\/p>\n","protected":false},"author":3,"featured_media":0,"comment_status":"open","ping_status":"open","sticky":false,"template":"","format":"standard","meta":{"_monsterinsights_skip_tracking":false,"_monsterinsights_sitenote_active":false,"_monsterinsights_sitenote_note":"","_monsterinsights_sitenote_category":0,"footnotes":""},"categories":[549],"tags":[43689,550,18078,43674,25488],"class_list":["post-131155","post","type-post","status-publish","format-standard","hentry","category-francisco-rodriguez","tag-francisco-rodriguez","tag-indice-politico","tag-jesus-zambrano-grijalva","tag-opinion","tag-pacto-por-mexico"],"_links":{"self":[{"href":"https:\/\/www.diarioimagen.net\/index.php?rest_route=\/wp\/v2\/posts\/131155","targetHints":{"allow":["GET"]}}],"collection":[{"href":"https:\/\/www.diarioimagen.net\/index.php?rest_route=\/wp\/v2\/posts"}],"about":[{"href":"https:\/\/www.diarioimagen.net\/index.php?rest_route=\/wp\/v2\/types\/post"}],"author":[{"embeddable":true,"href":"https:\/\/www.diarioimagen.net\/index.php?rest_route=\/wp\/v2\/users\/3"}],"replies":[{"embeddable":true,"href":"https:\/\/www.diarioimagen.net\/index.php?rest_route=%2Fwp%2Fv2%2Fcomments&post=131155"}],"version-history":[{"count":0,"href":"https:\/\/www.diarioimagen.net\/index.php?rest_route=\/wp\/v2\/posts\/131155\/revisions"}],"wp:attachment":[{"href":"https:\/\/www.diarioimagen.net\/index.php?rest_route=%2Fwp%2Fv2%2Fmedia&parent=131155"}],"wp:term":[{"taxonomy":"category","embeddable":true,"href":"https:\/\/www.diarioimagen.net\/index.php?rest_route=%2Fwp%2Fv2%2Fcategories&post=131155"},{"taxonomy":"post_tag","embeddable":true,"href":"https:\/\/www.diarioimagen.net\/index.php?rest_route=%2Fwp%2Fv2%2Ftags&post=131155"}],"curies":[{"name":"wp","href":"https:\/\/api.w.org\/{rel}","templated":true}]}}