{"id":131160,"date":"2013-05-08T00:04:04","date_gmt":"2013-05-08T05:04:04","guid":{"rendered":"http:\/\/www.diarioimagen.net\/?p=131160"},"modified":"2013-05-09T02:17:34","modified_gmt":"2013-05-09T07:17:34","slug":"ebrard-en-el-ostracismo","status":"publish","type":"post","link":"https:\/\/www.diarioimagen.net\/?p=131160","title":{"rendered":"Ebrard \u00bfen el ostracismo?"},"content":{"rendered":"<h2>Punto por punto<\/h2>\n<h5>Augusto Corro<\/h5>\n<p><span><br \/>\nEl controvertido ex mandatario capitalino, Marcelo Ebrard, fren\u00f3 su actividad pol\u00edtica p\u00fablica hace ya varios meses.\u00a0 Es de extra\u00f1arse el ostracismo del pol\u00edtico que prometi\u00f3 iniciar su campa\u00f1a electoral presidencial en diciembre pasado.<\/span><\/p>\n<p>\u00bfCu\u00e1les han sido los obst\u00e1culos que obligaron a detenerse en el camino a Ebrard? Seguramente los cambios en la pol\u00edtica nacional y el vaiv\u00e9n en el Partido de la Revoluci\u00f3n Democr\u00e1tica.<\/p>\n<p>Para empezar, tanto el nuevo jefe del gobierno capitalino, Miguel Mancera, como \u201cLos chuchos\u201d optaron por acercarse a las nuevas autoridades pri\u00edstas.<\/p>\n<p>Adem\u00e1s, el control pol\u00edtico en el PRD se encuentra en las manos de Jes\u00fas Ortega y Jes\u00fas Zambrano y por el momento no piensan soltarlo.<\/p>\n<p>En la composici\u00f3n del PRD en el Distrito Federal, la influencia de Mancera es inobjetable.<\/p>\n<p>En las elecciones recientes, Ra\u00fal Flores, incondicional de Mancera, obtuvo la presidencia.<\/p>\n<p>Como se ve, se le cerraron los caminos a Ebrard y no le ser\u00e1 f\u00e1cil continuar con la supuesta inercia pol\u00edtica que tra\u00eda en los \u00faltimos meses del a\u00f1o pasado.<\/p>\n<p>Como se inform\u00f3, Ebrard pensaba (o piensa) que su base de apoyo y lanzamiento podr\u00eda encontrarla en el PRD; pero \u201cLos chuchos\u201d son los due\u00f1os del bal\u00f3n y ponen las condiciones. Ante ese panorama, el ex funcionario capitalino tendr\u00e1 que decidirse: o sigue con la ilusi\u00f3n de dirigir al PRD o espera mejores tiempos.<\/p>\n<p>Por cierto, en la izquierda mexicana siguen los ajustes pol\u00edticos. En el caso del PRD capitalino, Izquierda Democr\u00e1tica Nacional, del impresentable Ren\u00e9 Bejarano, no tuvo la fuerza suficiente para pagar la presidencia.<\/p>\n<p>La tribu de \u201cEl Se\u00f1or de las Ligas\u201d ha perdido presencia en la capital y as\u00ed se ha notado en las luchas internas recientes.<\/p>\n<p>Mientras Andr\u00e9s Manuel L\u00f3pez Obrador realiza, con esfuerzos may\u00fasculos, la creaci\u00f3n de su partido pol\u00edtico Movimiento de Regeneraci\u00f3n Nacional (Morena). Mancera por lo pronto tiene el poder en sus manos que le permite manejar la situaci\u00f3n pol\u00edtica a su antojo.<\/p>\n<p>Tal vez por eso, Ebrard espera que la marejada pol\u00edtica se tranquilice para que defina las acciones que anunci\u00f3 y prometi\u00f3 hace varios meses.<\/p>\n<p style=\"text-align: center;\"><b>QUE ROMERO DESCHAMPS RINDA CUENTAS<\/b><\/p>\n<p>Varios pol\u00edticos se pronunciaron porque el l\u00edder petrolero, Carlos Romero Deschamps, sea llevado ante la justicia a fin de que rinda cuentas sobre el manejo de su riqueza.<\/p>\n<p>El l\u00edder del PRD, Jes\u00fas Zambrano, solicit\u00f3 a las autoridades investigar a fondo los manejos millonarios del l\u00edder (jeque) petrolero y sus familiares.<\/p>\n<p>Como informamos ayer en este espacio,\u00a0 los hijos del dirigente sindical llevan una vida exc\u00e9ntrica que no corresponde al sueldo de un empleado de Pemex.<\/p>\n<p>Por ejemplo, Paulina,\u00a0 la hija del magnate, viaja con sus tres perros por todas partes del mundo y se hospeda en los hoteles de m\u00e1s de cinco estrellas.<\/p>\n<p>El hijo Carlos es propietario de un carro Enzo Ferrari, cuyo valor es cercano a los 24 millones de pesos; y de dos departamentos en la zona m\u00e1s lujosa de Miami.<\/p>\n<p>As\u00ed pues, el dirigente perredista dijo lo siguiente:<\/p>\n<p>\u201cEs absolutamente necesario, urgente e impostergable que la PGR y que la Unidad de Inteligencia Financiera de la Secretar\u00eda de Hacienda tomen cartas en el asunto. No puede justificarse esa compra del hijo de Romero Deschamps\u201d.<\/p>\n<p>La senadora panista Laura Rojas manifest\u00f3 que padre e hijo mencionados tienen que explicar el origen de sus propiedades y que los trabajadores del sindicato petrolero deben exigir cuentas y transparencia en el manejo de su dinero.<\/p>\n<p>Lo interesante ser\u00e1 saber qu\u00e9 actitud asumir\u00e1n las autoridades: \u00bfpermitir\u00e1n que nuestro jeque petrolero contin\u00fae con el derroche de su fortuna, extra\u00f1amente amasada? Lo m\u00e1s seguro es que don Carlos, a estas alturas,\u00a0 se encuentre muerto\u2026 pero de risa.<\/p>\n<p><em><a href=\"mailto:aco2742@hotmail.com\" target=\"_blank\">aco2742@hotmail.com<\/a><\/em><\/p>\n","protected":false},"excerpt":{"rendered":"<p><span style=\"color: #005497;\"><strong>Augusto Corro<\/strong><\/span><\/p>\n","protected":false},"author":3,"featured_media":0,"comment_status":"open","ping_status":"open","sticky":false,"template":"","format":"standard","meta":{"_monsterinsights_skip_tracking":false,"_monsterinsights_sitenote_active":false,"_monsterinsights_sitenote_note":"","_monsterinsights_sitenote_category":0,"footnotes":""},"categories":[157],"tags":[43686,11530,18078,7350,43674,11515],"class_list":["post-131160","post","type-post","status-publish","format-standard","hentry","category-augusto-corro","tag-augusto-corro","tag-carlos-romero-deschamps","tag-jesus-zambrano-grijalva","tag-marcelo-ebrard-casaubon","tag-opinion","tag-punto-por-punto"],"_links":{"self":[{"href":"https:\/\/www.diarioimagen.net\/index.php?rest_route=\/wp\/v2\/posts\/131160","targetHints":{"allow":["GET"]}}],"collection":[{"href":"https:\/\/www.diarioimagen.net\/index.php?rest_route=\/wp\/v2\/posts"}],"about":[{"href":"https:\/\/www.diarioimagen.net\/index.php?rest_route=\/wp\/v2\/types\/post"}],"author":[{"embeddable":true,"href":"https:\/\/www.diarioimagen.net\/index.php?rest_route=\/wp\/v2\/users\/3"}],"replies":[{"embeddable":true,"href":"https:\/\/www.diarioimagen.net\/index.php?rest_route=%2Fwp%2Fv2%2Fcomments&post=131160"}],"version-history":[{"count":0,"href":"https:\/\/www.diarioimagen.net\/index.php?rest_route=\/wp\/v2\/posts\/131160\/revisions"}],"wp:attachment":[{"href":"https:\/\/www.diarioimagen.net\/index.php?rest_route=%2Fwp%2Fv2%2Fmedia&parent=131160"}],"wp:term":[{"taxonomy":"category","embeddable":true,"href":"https:\/\/www.diarioimagen.net\/index.php?rest_route=%2Fwp%2Fv2%2Fcategories&post=131160"},{"taxonomy":"post_tag","embeddable":true,"href":"https:\/\/www.diarioimagen.net\/index.php?rest_route=%2Fwp%2Fv2%2Ftags&post=131160"}],"curies":[{"name":"wp","href":"https:\/\/api.w.org\/{rel}","templated":true}]}}