{"id":131274,"date":"2013-05-09T00:08:11","date_gmt":"2013-05-09T05:08:11","guid":{"rendered":"http:\/\/www.diarioimagen.net\/?p=131274"},"modified":"2013-05-09T02:55:24","modified_gmt":"2013-05-09T07:55:24","slug":"difem-entrega-despensas-a-familias-de-huixquilucan","status":"publish","type":"post","link":"https:\/\/www.diarioimagen.net\/?p=131274","title":{"rendered":"DIFEM entrega despensas a familias de Huixquilucan"},"content":{"rendered":"<ul>\n<li><strong><em>Mejorar la nutrici\u00f3n, el objetivo<\/em><\/strong><\/li>\n<\/ul>\n<div id=\"attachment_131393\" style=\"width: 250px\" class=\"wp-caption alignleft\"><a href=\"http:\/\/www.diarioimagen.net\/wp-content\/uploads\/2013\/05\/despensas-2094.jpg\"><img loading=\"lazy\" decoding=\"async\" aria-describedby=\"caption-attachment-131393\" class=\"size-medium wp-image-131393\" alt=\"Alfredo S\u00e1nchez Flores, coordinador del DIF del Estado de M\u00e9xico, durante el reparto de despensas.\" src=\"http:\/\/www.diarioimagen.net\/wp-content\/uploads\/2013\/05\/despensas-2094-240x135.jpg\" width=\"240\" height=\"135\" srcset=\"https:\/\/www.diarioimagen.net\/wp-content\/uploads\/2013\/05\/despensas-2094-240x135.jpg 240w, https:\/\/www.diarioimagen.net\/wp-content\/uploads\/2013\/05\/despensas-2094-420x236.jpg 420w, https:\/\/www.diarioimagen.net\/wp-content\/uploads\/2013\/05\/despensas-2094-235x132.jpg 235w, https:\/\/www.diarioimagen.net\/wp-content\/uploads\/2013\/05\/despensas-2094-202x114.jpg 202w, https:\/\/www.diarioimagen.net\/wp-content\/uploads\/2013\/05\/despensas-2094-350x196.jpg 350w, https:\/\/www.diarioimagen.net\/wp-content\/uploads\/2013\/05\/despensas-2094-220x123.jpg 220w, https:\/\/www.diarioimagen.net\/wp-content\/uploads\/2013\/05\/despensas-2094-237x132.jpg 237w, https:\/\/www.diarioimagen.net\/wp-content\/uploads\/2013\/05\/despensas-2094.jpg 480w\" sizes=\"auto, (max-width: 240px) 100vw, 240px\" \/><\/a><p id=\"caption-attachment-131393\" class=\"wp-caption-text\">Alfredo S\u00e1nchez Flores, coordinador del DIF del Estado de M\u00e9xico, durante el reparto de despensas.<\/p><\/div>\n<p><strong>Huixquilucan, Estado de M\u00e9xico<\/strong>.- \u201cEl DIF de esta ciudad ha sido un gran aliado del Sistema para el Desarrollo Integral de la Familia Estado de M\u00e9xico (DIFEM) y un gran ejemplo en toda la regi\u00f3n por su activa colaboraci\u00f3n en la alimentaci\u00f3n y nutrici\u00f3n de las familias del municipio\u201d, asegur\u00f3 el coordinador regional del DIF estatal, Alfredo S\u00e1nchez Flores, durante la Primera Entrega de Despensas del Programa Canasta Mexiquense 2013.<\/p>\n<p>El funcionario mexiquense destac\u00f3 que el objetivo del gobernador Eruviel \u00c1vila Villegas es apoyar a las familias m\u00e1s vulnerables para que tengan una despensa que coadyuve a mejorar la situaci\u00f3n alimentaria de estos sectores m\u00e1s desprotegidos. S\u00e1nchez Flores destac\u00f3 que las despensas entregadas est\u00e1n dise\u00f1adas por personal especializado, nutri\u00f3logos del DIFEM altamente capacitados y los 15 productos incluidos han sido seleccionados por los nutrientes que aportan a la alimentaci\u00f3n sana de las familias.<\/p>\n<p>En un evento realizado en el Jard\u00edn de la Cultura de este municipio, Horacio Garc\u00eda Valverde, director de Desarrollo Social de la administraci\u00f3n huixquiluquense, asegur\u00f3 que estas acciones tienen como objetivo coadyuvar con la Cruzada Nacional contra el Hambre, a la que ha convocado el presidente de la Rep\u00fablica, Enrique Pe\u00f1a Nieto.<b><\/b><\/p>\n<p>&nbsp;<\/p>\n","protected":false},"excerpt":{"rendered":"<p>\u201cEl DIF de esta ciudad ha sido un gran aliado del Sistema para el Desarrollo Integral de la Familia Estado de M\u00e9xico (DIFEM) y un gran ejemplo en toda la regi\u00f3n por su activa colaboraci\u00f3n en la alimentaci\u00f3n y nutrici\u00f3n de las familias del municipio\u201d, asegur\u00f3 el coordinador regional del DIF estatal, Alfredo S\u00e1nchez Flores, durante la Primera Entrega de Despensas del Programa Canasta Mexiquense 2013.<\/p>\n","protected":false},"author":3,"featured_media":131395,"comment_status":"open","ping_status":"open","sticky":false,"template":"","format":"standard","meta":{"_monsterinsights_skip_tracking":false,"_monsterinsights_sitenote_active":false,"_monsterinsights_sitenote_note":"","_monsterinsights_sitenote_category":0,"footnotes":""},"categories":[5],"tags":[2954,394,43675,1097],"class_list":["post-131274","post","type-post","status-publish","format-standard","has-post-thumbnail","hentry","category-estado-de-mexico","tag-dif","tag-difem","tag-estado-de-mexico","tag-huixquilucan"],"_links":{"self":[{"href":"https:\/\/www.diarioimagen.net\/index.php?rest_route=\/wp\/v2\/posts\/131274","targetHints":{"allow":["GET"]}}],"collection":[{"href":"https:\/\/www.diarioimagen.net\/index.php?rest_route=\/wp\/v2\/posts"}],"about":[{"href":"https:\/\/www.diarioimagen.net\/index.php?rest_route=\/wp\/v2\/types\/post"}],"author":[{"embeddable":true,"href":"https:\/\/www.diarioimagen.net\/index.php?rest_route=\/wp\/v2\/users\/3"}],"replies":[{"embeddable":true,"href":"https:\/\/www.diarioimagen.net\/index.php?rest_route=%2Fwp%2Fv2%2Fcomments&post=131274"}],"version-history":[{"count":0,"href":"https:\/\/www.diarioimagen.net\/index.php?rest_route=\/wp\/v2\/posts\/131274\/revisions"}],"wp:featuredmedia":[{"embeddable":true,"href":"https:\/\/www.diarioimagen.net\/index.php?rest_route=\/wp\/v2\/media\/131395"}],"wp:attachment":[{"href":"https:\/\/www.diarioimagen.net\/index.php?rest_route=%2Fwp%2Fv2%2Fmedia&parent=131274"}],"wp:term":[{"taxonomy":"category","embeddable":true,"href":"https:\/\/www.diarioimagen.net\/index.php?rest_route=%2Fwp%2Fv2%2Fcategories&post=131274"},{"taxonomy":"post_tag","embeddable":true,"href":"https:\/\/www.diarioimagen.net\/index.php?rest_route=%2Fwp%2Fv2%2Ftags&post=131274"}],"curies":[{"name":"wp","href":"https:\/\/api.w.org\/{rel}","templated":true}]}}