{"id":131279,"date":"2013-05-09T00:07:31","date_gmt":"2013-05-09T05:07:31","guid":{"rendered":"http:\/\/www.diarioimagen.net\/?p=131279"},"modified":"2013-05-09T03:08:19","modified_gmt":"2013-05-09T08:08:19","slug":"don-goyo-tuvo-episodio-eruptivo-de-ocho-horas","status":"publish","type":"post","link":"https:\/\/www.diarioimagen.net\/?p=131279","title":{"rendered":"<i>Don Goyo<\/i> tuvo episodio eruptivo de ocho horas"},"content":{"rendered":"<ul>\n<li><strong><em>El Cenapred espera se presenten explosiones espor\u00e1dicas de nivel bajo a medio y emisi\u00f3n de fragmentos incandescentes en el volc\u00e1n<\/em><\/strong><\/li>\n<\/ul>\n<div id=\"attachment_131403\" style=\"width: 250px\" class=\"wp-caption alignleft\"><a href=\"http:\/\/www.diarioimagen.net\/wp-content\/uploads\/2013\/05\/POPO-2094.jpg\"><img loading=\"lazy\" decoding=\"async\" aria-describedby=\"caption-attachment-131403\" class=\"size-medium wp-image-131403\" alt=\"Habitantes de la ciudad de Puebla barren la ceniza que cay\u00f3, luego del evento eruptivo del volc\u00e1n Popocat\u00e9petl.\" src=\"http:\/\/www.diarioimagen.net\/wp-content\/uploads\/2013\/05\/POPO-2094-240x135.jpg\" width=\"240\" height=\"135\" srcset=\"https:\/\/www.diarioimagen.net\/wp-content\/uploads\/2013\/05\/POPO-2094-240x135.jpg 240w, https:\/\/www.diarioimagen.net\/wp-content\/uploads\/2013\/05\/POPO-2094-420x236.jpg 420w, https:\/\/www.diarioimagen.net\/wp-content\/uploads\/2013\/05\/POPO-2094-235x132.jpg 235w, https:\/\/www.diarioimagen.net\/wp-content\/uploads\/2013\/05\/POPO-2094-202x114.jpg 202w, https:\/\/www.diarioimagen.net\/wp-content\/uploads\/2013\/05\/POPO-2094-350x196.jpg 350w, https:\/\/www.diarioimagen.net\/wp-content\/uploads\/2013\/05\/POPO-2094-220x123.jpg 220w, https:\/\/www.diarioimagen.net\/wp-content\/uploads\/2013\/05\/POPO-2094-237x132.jpg 237w, https:\/\/www.diarioimagen.net\/wp-content\/uploads\/2013\/05\/POPO-2094.jpg 480w\" sizes=\"auto, (max-width: 240px) 100vw, 240px\" \/><\/a><p id=\"caption-attachment-131403\" class=\"wp-caption-text\">Habitantes de la ciudad de Puebla barren la ceniza que cay\u00f3, luego del evento eruptivo del volc\u00e1n Popocat\u00e9petl.<\/p><\/div>\n<p>El Centro Nacional de Prevenci\u00f3n de Desastres (Cenapred), inform\u00f3 que luego del episodio eruptivo registrado la noche del martes y madrugada de ayer en el volc\u00e1n Popocat\u00e9petl, la alerta volc\u00e1nica se mantiene en amarillo fase II, aunque se tiene la probabilidad de que se presenten exhalaciones moderadas, algunas con emisiones de ceniza.<\/p>\n<p>El organismo de la Secretar\u00eda de Gobernaci\u00f3n (Segob), inform\u00f3 que tambi\u00e9n se podr\u00edan presentar espor\u00e1dicas explosiones de nivel bajo a moderado con probabilidad de emisi\u00f3n de fragmentos incandescentes a corta distancia del cr\u00e1ter y leve incandescencia en el cr\u00e1ter del volc\u00e1n observable durante la noche.<\/p>\n<p>En torno al episodio eruptivo que inici\u00f3 a las 19:28 horas del martes, precis\u00f3 que se mantuvo con igual intensidad hasta las 01:58 de ayer y, posteriormente, fue disminuyendo hasta las 03:30, cuando el volc\u00e1n regres\u00f3 a sus niveles previos de actividad.<\/p>\n<p>El Cenapred detall\u00f3 que este episodio tuvo una duraci\u00f3n total de ocho horas y se report\u00f3 ca\u00edda de ceniza en la mayor\u00eda de las poblaciones en el sector sureste del volc\u00e1n.<\/p>\n<p>Pidi\u00f3 a las autoridades continuar con el radio de seguridad de 12 kil\u00f3metros para evitar la presencia de personas en el lugar y mantener el tr\u00e1nsito controlado entre Santiago Xalitzintla y San Pedro Nexapa, v\u00eda Paso de Cort\u00e9s.<\/p>\n<p>Por su parte, el gobernador de Puebla, Rafael Moreno Valle Rosas, inform\u00f3 que gir\u00f3 instrucciones a la Secretar\u00eda de Infraestructura para que se revisaran las rutas de evacuaci\u00f3n del volc\u00e1n Popocat\u00e9petl, \u201clo mismo ped\u00ed a la Secretar\u00eda de Comunicaciones y Transportes (SCT) federal en lo que le corresponde\u201d.<\/p>\n<p>Enfatiz\u00f3 que el aeropuerto \u201cHermanos Serd\u00e1n\u201d se abri\u00f3 por la tarde, luego de haber sido cerrado durante la ma\u00f1ana ante la ca\u00edda de la ceniza y s\u00f3lo fueron suspendidos dos vuelos.<\/p>\n<p>Asimismo, alrededor de 700 trabajadores del Organismo Operador del Servicio de Limpia (OOSL) de Puebla realizaron el barrido manual en las calles de la ciudad para retirar la ceniza que emiti\u00f3 durante la madrugada el volc\u00e1n Popocat\u00e9petl.<\/p>\n<p>Gilberto Rivera Ibarra, coordinador del OOSL, dio a conocer que desde temprana hora de este mi\u00e9rcoles comenz\u00f3 el barrido manual en la plancha del Z\u00f3calo de la ciudad, en tanto que en los bulevares y avenidas de mayor afluencia vehicular la limpieza la realizan con el apoyo de m\u00e1quinas barredoras.<\/p>\n<p>Mientras, en Tlaxcala, 20 municipios registraron ca\u00edda de ceniza, por lo que el Instituto Estatal de Protecci\u00f3n Civil (IEPC) emiti\u00f3 una alerta preventiva para que la poblaci\u00f3n se proteja del material volc\u00e1nico.<\/p>\n<p>\u201cLa ceniza que cay\u00f3 hay que barrerla y depositarla en bolsas de pl\u00e1stico, no arrojarla a las coladeras para evitar taponamientos\u201d, indic\u00f3 el director del IEPC, Mateo Morales B\u00e1ez.<\/p>\n<p>En el estado de Morelos, el secretario de Gobierno, Jorge Vicente Messeguer Guill\u00e9n, inform\u00f3 que una de las cinco rutas de evacuaci\u00f3n que se encuentran en la zona perif\u00e9rica del volc\u00e1n Popocat\u00e9petl ser\u00e1 cerrada para contar con una mayor eficiencia en caso de evacuaci\u00f3n.<\/p>\n<p>En entrevista, el encargado de la pol\u00edtica interna indic\u00f3 que \u201chemos llevado reuniones con Cenapred y el Ej\u00e9rcito, hay nuevos albergues destinados para cualquier contingencia; se hicieron rutas m\u00e1s eficientes, el volc\u00e1n no ha cambiado de fase, sigue en la misma (amarilla 2), tendremos en muy poco tiempo un simulacro con todas las de la ley\u201d, expuso. Refiri\u00f3 que desconoce cu\u00e1l ser\u00e1 la ruta que desaparecer\u00e1, luego de que hoy se tom\u00f3 esta decisi\u00f3n, tras una reuni\u00f3n efectuada en la zona.<\/p>\n<p>&nbsp;<\/p>\n","protected":false},"excerpt":{"rendered":"<p>El Centro Nacional de Prevenci\u00f3n de Desastres (Cenapred), inform\u00f3 que luego del episodio eruptivo registrado la noche del martes y madrugada de ayer en el volc\u00e1n Popocat\u00e9petl, la alerta volc\u00e1nica se mantiene en amarillo fase II, aunque se tiene la probabilidad de que se presenten exhalaciones moderadas, algunas con emisiones de ceniza.<\/p>\n","protected":false},"author":3,"featured_media":131403,"comment_status":"open","ping_status":"open","sticky":false,"template":"","format":"standard","meta":{"_monsterinsights_skip_tracking":false,"_monsterinsights_sitenote_active":false,"_monsterinsights_sitenote_note":"","_monsterinsights_sitenote_category":0,"footnotes":""},"categories":[3],"tags":[20893,13722,21959,5048,442,702],"class_list":["post-131279","post","type-post","status-publish","format-standard","has-post-thumbnail","hentry","category-nacional","tag-cenapred","tag-centro-nacional-de-prevencion-de-desastres","tag-don-goyo","tag-popocatepetl","tag-secretaria-de-gobernacion","tag-segob"],"_links":{"self":[{"href":"https:\/\/www.diarioimagen.net\/index.php?rest_route=\/wp\/v2\/posts\/131279","targetHints":{"allow":["GET"]}}],"collection":[{"href":"https:\/\/www.diarioimagen.net\/index.php?rest_route=\/wp\/v2\/posts"}],"about":[{"href":"https:\/\/www.diarioimagen.net\/index.php?rest_route=\/wp\/v2\/types\/post"}],"author":[{"embeddable":true,"href":"https:\/\/www.diarioimagen.net\/index.php?rest_route=\/wp\/v2\/users\/3"}],"replies":[{"embeddable":true,"href":"https:\/\/www.diarioimagen.net\/index.php?rest_route=%2Fwp%2Fv2%2Fcomments&post=131279"}],"version-history":[{"count":0,"href":"https:\/\/www.diarioimagen.net\/index.php?rest_route=\/wp\/v2\/posts\/131279\/revisions"}],"wp:featuredmedia":[{"embeddable":true,"href":"https:\/\/www.diarioimagen.net\/index.php?rest_route=\/wp\/v2\/media\/131403"}],"wp:attachment":[{"href":"https:\/\/www.diarioimagen.net\/index.php?rest_route=%2Fwp%2Fv2%2Fmedia&parent=131279"}],"wp:term":[{"taxonomy":"category","embeddable":true,"href":"https:\/\/www.diarioimagen.net\/index.php?rest_route=%2Fwp%2Fv2%2Fcategories&post=131279"},{"taxonomy":"post_tag","embeddable":true,"href":"https:\/\/www.diarioimagen.net\/index.php?rest_route=%2Fwp%2Fv2%2Ftags&post=131279"}],"curies":[{"name":"wp","href":"https:\/\/api.w.org\/{rel}","templated":true}]}}