{"id":131287,"date":"2013-05-09T00:03:06","date_gmt":"2013-05-09T05:03:06","guid":{"rendered":"http:\/\/www.diarioimagen.net\/?p=131287"},"modified":"2013-05-09T03:29:32","modified_gmt":"2013-05-09T08:29:32","slug":"preparan-la-feria-de-las-culturas-amigas","status":"publish","type":"post","link":"https:\/\/www.diarioimagen.net\/?p=131287","title":{"rendered":"Preparan la Feria de las Culturas Amigas"},"content":{"rendered":"<ul>\n<li><strong><em>Participar\u00e1n 86 embajadas<\/em><\/strong><\/li>\n<\/ul>\n<div id=\"attachment_131433\" style=\"width: 250px\" class=\"wp-caption alignleft\"><a href=\"http:\/\/www.diarioimagen.net\/wp-content\/uploads\/2013\/05\/cardenas-2094.jpg\"><img loading=\"lazy\" decoding=\"async\" aria-describedby=\"caption-attachment-131433\" class=\"size-medium wp-image-131433\" alt=\"Cuauht\u00e9moc C\u00e1rdenas Sol\u00f3rzano, coordinador de Relaciones Internacionales del GDF, habl\u00f3 ampliamente sobre la Feria de las Culturas Amigas.\" src=\"http:\/\/www.diarioimagen.net\/wp-content\/uploads\/2013\/05\/cardenas-2094-240x135.jpg\" width=\"240\" height=\"135\" srcset=\"https:\/\/www.diarioimagen.net\/wp-content\/uploads\/2013\/05\/cardenas-2094-240x135.jpg 240w, https:\/\/www.diarioimagen.net\/wp-content\/uploads\/2013\/05\/cardenas-2094-420x236.jpg 420w, https:\/\/www.diarioimagen.net\/wp-content\/uploads\/2013\/05\/cardenas-2094-235x132.jpg 235w, https:\/\/www.diarioimagen.net\/wp-content\/uploads\/2013\/05\/cardenas-2094-202x114.jpg 202w, https:\/\/www.diarioimagen.net\/wp-content\/uploads\/2013\/05\/cardenas-2094-350x196.jpg 350w, https:\/\/www.diarioimagen.net\/wp-content\/uploads\/2013\/05\/cardenas-2094-220x123.jpg 220w, https:\/\/www.diarioimagen.net\/wp-content\/uploads\/2013\/05\/cardenas-2094-237x132.jpg 237w, https:\/\/www.diarioimagen.net\/wp-content\/uploads\/2013\/05\/cardenas-2094.jpg 480w\" sizes=\"auto, (max-width: 240px) 100vw, 240px\" \/><\/a><p id=\"caption-attachment-131433\" class=\"wp-caption-text\">Cuauht\u00e9moc C\u00e1rdenas Sol\u00f3rzano, coordinador de Relaciones Internacionales del GDF, habl\u00f3 ampliamente sobre la Feria de las Culturas Amigas.<\/p><\/div>\n<p>La quinta edici\u00f3n de la Feria de las Culturas Amigas, que se llevar\u00e1 a cabo entre el 25 de mayo y el 9 de junio, con la participaci\u00f3n de 86 representaciones diplom\u00e1ticas, ocupar\u00e1 la avenida Paseo de la Reforma, a fin de promover la apropiaci\u00f3n colectiva del espacio p\u00fablico entre capitalinos y turistas.<\/p>\n<p>En conferencia, el coordinador de Relaciones Internacionales del Distrito Federal, Cuauht\u00e9moc C\u00e1rdenas, y los secretarios de Turismo, Miguel Torruco Marqu\u00e9s y de Cultura, Lucia Garc\u00eda Noriega, anunciaron que este a\u00f1o el tema central de la Feria ser\u00e1 la promoci\u00f3n tur\u00edstica, como parte de la Declaratoria de Prioridad de la Actividad Tur\u00edstica, que realiz\u00f3 el jefe de gobierno, Miguel \u00c1ngel Mancera Espinosa.<\/p>\n<p>\u201cEsta feria nace en el 2009 de la amistad y solidaridad de ciudades de todos los continentes ante una contingencia sanitaria que afect\u00f3 a esta capital, convirti\u00e9ndose desde un principio en un encuentro internacional que favorece\u00a0 los lazos de M\u00e9xico y su ciudad capital con otros pueblos y otras naciones\u201d, coment\u00f3 C\u00e1rdenas Sol\u00f3rzano.<\/p>\n<p>En la feria, como lo hemos visto en a\u00f1os anteriores, dijo, se manifiestan las culturas de las naciones participantes constituy\u00e9ndose un corredor tur\u00edstico como el mosaico cultural m\u00e1s importante de nuestra ciudad en la arteria principal de la misma que es Avenida Paseo de la Reforma, de la calle Lieja a la avenida de los Insurgentes,<\/p>\n<p>Este a\u00f1o estar\u00e1n presentes en la feria 76 embajadas acreditadas en nuestro pa\u00eds, 8 embajadas concurrentes y dos consulados honor\u00edficos, detall\u00f3 el coordinador de Relaciones Internacionales.<\/p>\n<p>La inauguraci\u00f3n tendr\u00e1 lugar el 25 de mayo en la Puerta de Los Leones, ubicada en el Bosque de Chapultepec, donde se espera la participaci\u00f3n del cuerpo diplom\u00e1tico y representantes de las naciones, que se fundir\u00e1n en un mosaico multicultural con las los diversos elementos t\u00edpicos de sus comunidades.<\/p>\n<p>&nbsp;<\/p>\n","protected":false},"excerpt":{"rendered":"<p>La quinta edici\u00f3n de la Feria de las Culturas Amigas, que se llevar\u00e1 a cabo entre el 25 de mayo y el 9 de junio, con la participaci\u00f3n de 86 representaciones diplom\u00e1ticas, ocupar\u00e1 la avenida Paseo de la Reforma, a fin de promover la apropiaci\u00f3n colectiva del espacio p\u00fablico entre capitalinos y turistas.<\/p>\n","protected":false},"author":3,"featured_media":131433,"comment_status":"open","ping_status":"open","sticky":false,"template":"","format":"standard","meta":{"_monsterinsights_skip_tracking":false,"_monsterinsights_sitenote_active":false,"_monsterinsights_sitenote_note":"","_monsterinsights_sitenote_category":0,"footnotes":""},"categories":[6],"tags":[204,267,39,2320,5314],"class_list":["post-131287","post","type-post","status-publish","format-standard","has-post-thumbnail","hentry","category-cd-de-mexico","tag-ciudad-de-mexico","tag-cuauhtemoc-cardenas-solorzano","tag-distrito-federal","tag-feria-de-las-culturas-amigas","tag-miguel-angel-mancera-espinosa"],"_links":{"self":[{"href":"https:\/\/www.diarioimagen.net\/index.php?rest_route=\/wp\/v2\/posts\/131287","targetHints":{"allow":["GET"]}}],"collection":[{"href":"https:\/\/www.diarioimagen.net\/index.php?rest_route=\/wp\/v2\/posts"}],"about":[{"href":"https:\/\/www.diarioimagen.net\/index.php?rest_route=\/wp\/v2\/types\/post"}],"author":[{"embeddable":true,"href":"https:\/\/www.diarioimagen.net\/index.php?rest_route=\/wp\/v2\/users\/3"}],"replies":[{"embeddable":true,"href":"https:\/\/www.diarioimagen.net\/index.php?rest_route=%2Fwp%2Fv2%2Fcomments&post=131287"}],"version-history":[{"count":0,"href":"https:\/\/www.diarioimagen.net\/index.php?rest_route=\/wp\/v2\/posts\/131287\/revisions"}],"wp:featuredmedia":[{"embeddable":true,"href":"https:\/\/www.diarioimagen.net\/index.php?rest_route=\/wp\/v2\/media\/131433"}],"wp:attachment":[{"href":"https:\/\/www.diarioimagen.net\/index.php?rest_route=%2Fwp%2Fv2%2Fmedia&parent=131287"}],"wp:term":[{"taxonomy":"category","embeddable":true,"href":"https:\/\/www.diarioimagen.net\/index.php?rest_route=%2Fwp%2Fv2%2Fcategories&post=131287"},{"taxonomy":"post_tag","embeddable":true,"href":"https:\/\/www.diarioimagen.net\/index.php?rest_route=%2Fwp%2Fv2%2Ftags&post=131287"}],"curies":[{"name":"wp","href":"https:\/\/api.w.org\/{rel}","templated":true}]}}