{"id":131363,"date":"2013-05-09T00:01:17","date_gmt":"2013-05-09T05:01:17","guid":{"rendered":"http:\/\/www.diarioimagen.net\/?p=131363"},"modified":"2013-05-10T01:57:45","modified_gmt":"2013-05-10T06:57:45","slug":"las-fuerzas-del-azar-y-la-naturaleza","status":"publish","type":"post","link":"https:\/\/www.diarioimagen.net\/?p=131363","title":{"rendered":"Las fuerzas del azar y la naturaleza"},"content":{"rendered":"<h2>Pol\u00edtica Spot<\/h2>\n<h5>Juan Manuel Maga\u00f1a<\/h5>\n<p><span><br \/>\nA meterse debajo de la cama, y como reza el dicho, que Dios nos agarre confesados.<\/span><\/p>\n<p>Le\u00ed la terrible historia que cont\u00f3 el periodista Ra\u00fal Rodr\u00edguez Cort\u00e9s acerca del balazo en el rostro que recibi\u00f3 su mujer, nom\u00e1s porque al delincuente que conduc\u00eda un carro azul le molest\u00f3 que el taxi, en el que viajaba ella y su hija, se le haya cerrado en Tlalpan.<\/p>\n<p>Y asombrado estoy de que m\u00e1s f\u00e1cil obra el milagro de salvarle la vida a esa mujer, que la posibilidad de que la autoridad capitalina pueda dar con el psic\u00f3pata, a pesar de tanta c\u00e1mara que se ha puesto en la ciudad.<\/p>\n<p>Y luego la explosi\u00f3n de una pipa de gas que se desprendi\u00f3 de un tractocami\u00f3n para impactar contra varias casas aleda\u00f1as a la autopista federal M\u00e9xico-Pachuca, hecho que provoc\u00f3 la muerte a 23 personas \u2013entre ellas 10 menores de edad\u2013 y lesiones a otras 31, y que caus\u00f3 da\u00f1os a 45 viviendas y 30 veh\u00edculos, que se incendiaron, adem\u00e1s del desalojo de unos cien habitantes de San Pedro Xalostoc.<\/p>\n<p>Y todo porque a las 5:30 horas del pasado martes, el chofer del tractocami\u00f3n de doble semirremolque \u2013propiedad de la empresa regiomontana Termog\u00e1s, modelo 2000, placas de circulaci\u00f3n 361AC7\u2013 perdi\u00f3 el control del veh\u00edculo debido, se supone, al exceso de velocidad con que circulaba, cerca del kil\u00f3metro 14 de la carretera en direcci\u00f3n al Distrito Federal.<\/p>\n<p>Y aqu\u00ed qu\u00e9, me digo, si ni con mil a\u00f1os de c\u00e1rcel que le dieran a ese bestia de chofer se les podr\u00eda devolver la vida a esos 23 inocentes que fallecieron en forma tan absurda. Y es que a cada rato hay un evento de este tipo que lamentar. Vivimos en un medio tan salvaje en el que es tal la recurrencia de cosas as\u00ed, a las que ya no se les puede llamar accidentes. Dos eventos as\u00ed nos muestran las dos caras de lo inseguro, sea por el crimen o sea por tanta irregularidad.<\/p>\n<p>\u00bfY a qui\u00e9n hay que ver para que se arregle esto? Ya no se sabe. Estamos a la intemperie de normas, c\u00f3digos y protocolos de civilizaci\u00f3n. Somos un pa\u00eds agreste y de belleza salvaje, sometido a las fuerzas del caos.<\/p>\n<p>Y para colmo, el Centro Nacional de Prevenci\u00f3n de Desastres (Cenapred) nos informa que el volc\u00e1n Popocat\u00e9petl registr\u00f3 40 exhalaciones de baja intensidad, una m\u00e1s de nivel moderado y un sismo volcanotect\u00f3nico.<\/p>\n<p>En su reporte m\u00e1s reciente, el Cenapred detall\u00f3 que dichos eventos se presentaron previo y posterior al episodio de tremor que inici\u00f3 el martes a las 19:28 horas y concluy\u00f3 ayer a la 01:59 horas. Dicho episodio estuvo acompa\u00f1ado de una columna de ceniza que alcanz\u00f3 una altura aproximada de 3 mil metros sobre el nivel del cr\u00e1ter con direcci\u00f3n al sureste.<\/p>\n<p>Todav\u00eda despu\u00e9s de las 03:48 horas se registraron exhalaciones de baja intensidad y una moderada a las 07:23 horas de ayer mi\u00e9rcoles, que emiti\u00f3 ligera cantidad de ceniza que se desplaz\u00f3 hacia el suroeste del volc\u00e1n. Adem\u00e1s, a las 08:37 horas se registr\u00f3 un sismo volcanotect\u00f3nico de magnitud 1.9, mientras que se observ\u00f3 la emisi\u00f3n continua de vapor de agua y gas, con direcci\u00f3n al este.<\/p>\n<p>\u00bfA qui\u00e9n hay que ir a ver? Veo las fotos de lugare\u00f1os que le rezan duro a todos los santos. Y ya me parece que s\u00ed son tiempos de acudir a instancias mayores.<\/p>\n<p><em><a href=\"mailto: maganapalace@yahoo.com.mx\" target=\"_blank\">maganapalace@yahoo.com.mx<\/a><\/em><\/p>\n","protected":false},"excerpt":{"rendered":"<p><span style=\"color: #005497;\"><strong>Juan Manuel Maga\u00f1a<\/strong><\/span><\/p>\n","protected":false},"author":3,"featured_media":0,"comment_status":"open","ping_status":"open","sticky":false,"template":"","format":"standard","meta":{"_monsterinsights_skip_tracking":false,"_monsterinsights_sitenote_active":false,"_monsterinsights_sitenote_note":"","_monsterinsights_sitenote_category":0,"footnotes":""},"categories":[22905],"tags":[5491,43709,44,43674,2393,22904],"class_list":["post-131363","post","type-post","status-publish","format-standard","hentry","category-juan-manuel-magana","tag-dios","tag-juan-manuel-magana","tag-mexico","tag-opinion","tag-pachuca","tag-politica-spot"],"_links":{"self":[{"href":"https:\/\/www.diarioimagen.net\/index.php?rest_route=\/wp\/v2\/posts\/131363","targetHints":{"allow":["GET"]}}],"collection":[{"href":"https:\/\/www.diarioimagen.net\/index.php?rest_route=\/wp\/v2\/posts"}],"about":[{"href":"https:\/\/www.diarioimagen.net\/index.php?rest_route=\/wp\/v2\/types\/post"}],"author":[{"embeddable":true,"href":"https:\/\/www.diarioimagen.net\/index.php?rest_route=\/wp\/v2\/users\/3"}],"replies":[{"embeddable":true,"href":"https:\/\/www.diarioimagen.net\/index.php?rest_route=%2Fwp%2Fv2%2Fcomments&post=131363"}],"version-history":[{"count":0,"href":"https:\/\/www.diarioimagen.net\/index.php?rest_route=\/wp\/v2\/posts\/131363\/revisions"}],"wp:attachment":[{"href":"https:\/\/www.diarioimagen.net\/index.php?rest_route=%2Fwp%2Fv2%2Fmedia&parent=131363"}],"wp:term":[{"taxonomy":"category","embeddable":true,"href":"https:\/\/www.diarioimagen.net\/index.php?rest_route=%2Fwp%2Fv2%2Fcategories&post=131363"},{"taxonomy":"post_tag","embeddable":true,"href":"https:\/\/www.diarioimagen.net\/index.php?rest_route=%2Fwp%2Fv2%2Ftags&post=131363"}],"curies":[{"name":"wp","href":"https:\/\/api.w.org\/{rel}","templated":true}]}}