{"id":131463,"date":"2013-05-10T00:03:21","date_gmt":"2013-05-10T05:03:21","guid":{"rendered":"http:\/\/www.diarioimagen.net\/?p=131463"},"modified":"2013-05-13T02:35:56","modified_gmt":"2013-05-13T07:35:56","slug":"anuncian-mas-alzas-al-precio-del-huevo","status":"publish","type":"post","link":"https:\/\/www.diarioimagen.net\/?p=131463","title":{"rendered":"Anuncian m\u00e1s alzas al precio del huevo"},"content":{"rendered":"<ul>\n<li><strong><em>El vocero de la Federaci\u00f3n Latinoamericana de Mercados Mayoristas, Alfredo Neme Mart\u00ednez, se pronuncia contra importaciones del alimento b\u00e1sico para la poblaci\u00f3n<\/em><\/strong><\/li>\n<\/ul>\n<div id=\"attachment_131538\" style=\"width: 250px\" class=\"wp-caption alignleft\"><a href=\"http:\/\/www.diarioimagen.net\/wp-content\/uploads\/2013\/05\/huevo-2095.jpg\"><img loading=\"lazy\" decoding=\"async\" aria-describedby=\"caption-attachment-131538\" class=\"size-medium wp-image-131538\" alt=\"Luego de que la Asociaci\u00f3n de Avicultores diera a conocer las razones de la escasez de huevo, se prev\u00e9 que pueda subir su precio todav\u00eda m\u00e1s, por encima de los 40 pesos.\" src=\"http:\/\/www.diarioimagen.net\/wp-content\/uploads\/2013\/05\/huevo-2095-240x135.jpg\" width=\"240\" height=\"135\" srcset=\"https:\/\/www.diarioimagen.net\/wp-content\/uploads\/2013\/05\/huevo-2095-240x135.jpg 240w, https:\/\/www.diarioimagen.net\/wp-content\/uploads\/2013\/05\/huevo-2095-420x236.jpg 420w, https:\/\/www.diarioimagen.net\/wp-content\/uploads\/2013\/05\/huevo-2095-235x132.jpg 235w, https:\/\/www.diarioimagen.net\/wp-content\/uploads\/2013\/05\/huevo-2095-202x114.jpg 202w, https:\/\/www.diarioimagen.net\/wp-content\/uploads\/2013\/05\/huevo-2095-350x196.jpg 350w, https:\/\/www.diarioimagen.net\/wp-content\/uploads\/2013\/05\/huevo-2095-220x123.jpg 220w, https:\/\/www.diarioimagen.net\/wp-content\/uploads\/2013\/05\/huevo-2095-237x132.jpg 237w, https:\/\/www.diarioimagen.net\/wp-content\/uploads\/2013\/05\/huevo-2095.jpg 480w\" sizes=\"auto, (max-width: 240px) 100vw, 240px\" \/><\/a><p id=\"caption-attachment-131538\" class=\"wp-caption-text\">Luego de que la Asociaci\u00f3n de Avicultores diera a conocer las razones de la escasez de huevo, se prev\u00e9 que pueda subir su precio todav\u00eda m\u00e1s, por encima de los 40 pesos.<\/p><\/div>\n<p>El vocero de la Federaci\u00f3n Latinoamericana de Mercados Mayoristas, Alfredo Neme Mart\u00ednez, inform\u00f3 que proveedores de huevo advirtieron a los comercializadores de Centrales de Abasto que el precio del kilogramo de huevo continuar\u00e1 al alza en las pr\u00f3ximas semanas.<\/p>\n<p>El directivo se pronunci\u00f3 en contra de las importaciones de huevo procedentes de Estados Unidos, por ser un producto de mala calidad y provocar el mercado negro, cuando lo urgente es aplicar sanciones por el incremento injustificado en el precio del alimento b\u00e1sico.<\/p>\n<p>La especulaci\u00f3n surge desde las grandes cadenas comerciales y ante la falta de una legislaci\u00f3n de Buenas Pr\u00e1cticas Comerciales compran al proveedor a muy bajo costo y presentan ofertas al p\u00fablico para incrementar hasta en ciento por ciento el valor del producto, se\u00f1ala.<\/p>\n<p>Refiere en un comunicado que mientras en unos lugares se comercializa en 27 pesos el kilo de huevo, en otros hasta en 60 pesos, lo que implica alzas de m\u00e1s de ciento por ciento.<\/p>\n<p>De la misma manera, dijo, se prev\u00e9 un incremento en el precio de alimentos como frutas y verduras, as\u00ed como en granos hasta de 20 por ciento para los pr\u00f3ximos meses, como consecuencia de la sequ\u00eda, escasez de agua de riego, volatilidad en precios internacionales y especulaci\u00f3n.<\/p>\n<p>Sostuvo que los consumidores no ver\u00e1n de nuevo los precios de los alimentos de 2012, debido a la alza en los costos de producci\u00f3n e insumos, como la gasolina.<\/p>\n<p>&nbsp;<\/p>\n","protected":false},"excerpt":{"rendered":"<p>El vocero de la Federaci\u00f3n Latinoamericana de Mercados Mayoristas, Alfredo Neme Mart\u00ednez, inform\u00f3 que proveedores de huevo advirtieron a los comercializadores de Centrales de Abasto que el precio del kilogramo de huevo continuar\u00e1 al alza en las pr\u00f3ximas semanas.<\/p>\n","protected":false},"author":3,"featured_media":131538,"comment_status":"open","ping_status":"open","sticky":false,"template":"","format":"standard","meta":{"_monsterinsights_skip_tracking":false,"_monsterinsights_sitenote_active":false,"_monsterinsights_sitenote_note":"","_monsterinsights_sitenote_category":0,"footnotes":""},"categories":[17,3],"tags":[24425,177,1213,44,43673],"class_list":["post-131463","post","type-post","status-publish","format-standard","has-post-thumbnail","hentry","category-especiales","category-nacional","tag-alza","tag-estados-unidos","tag-huevo","tag-mexico","tag-nacional"],"_links":{"self":[{"href":"https:\/\/www.diarioimagen.net\/index.php?rest_route=\/wp\/v2\/posts\/131463","targetHints":{"allow":["GET"]}}],"collection":[{"href":"https:\/\/www.diarioimagen.net\/index.php?rest_route=\/wp\/v2\/posts"}],"about":[{"href":"https:\/\/www.diarioimagen.net\/index.php?rest_route=\/wp\/v2\/types\/post"}],"author":[{"embeddable":true,"href":"https:\/\/www.diarioimagen.net\/index.php?rest_route=\/wp\/v2\/users\/3"}],"replies":[{"embeddable":true,"href":"https:\/\/www.diarioimagen.net\/index.php?rest_route=%2Fwp%2Fv2%2Fcomments&post=131463"}],"version-history":[{"count":0,"href":"https:\/\/www.diarioimagen.net\/index.php?rest_route=\/wp\/v2\/posts\/131463\/revisions"}],"wp:featuredmedia":[{"embeddable":true,"href":"https:\/\/www.diarioimagen.net\/index.php?rest_route=\/wp\/v2\/media\/131538"}],"wp:attachment":[{"href":"https:\/\/www.diarioimagen.net\/index.php?rest_route=%2Fwp%2Fv2%2Fmedia&parent=131463"}],"wp:term":[{"taxonomy":"category","embeddable":true,"href":"https:\/\/www.diarioimagen.net\/index.php?rest_route=%2Fwp%2Fv2%2Fcategories&post=131463"},{"taxonomy":"post_tag","embeddable":true,"href":"https:\/\/www.diarioimagen.net\/index.php?rest_route=%2Fwp%2Fv2%2Ftags&post=131463"}],"curies":[{"name":"wp","href":"https:\/\/api.w.org\/{rel}","templated":true}]}}