{"id":131491,"date":"2013-05-10T00:01:36","date_gmt":"2013-05-10T05:01:36","guid":{"rendered":"http:\/\/www.diarioimagen.net\/?p=131491"},"modified":"2013-05-13T02:52:18","modified_gmt":"2013-05-13T07:52:18","slug":"mexico-no-puede-postergar-por-mas-tiempo-el-despegue-del-turismo-claudia-ruiz-massieu","status":"publish","type":"post","link":"https:\/\/www.diarioimagen.net\/?p=131491","title":{"rendered":"\u201cM\u00e9xico no puede postergar por m\u00e1s tiempo el despegue del turismo\u201d: Claudia Ruiz Massieu"},"content":{"rendered":"<h2>De cinco estrellas<\/h2>\n<h5>Victoria Gonz\u00e1lez Prado<\/h5>\n<p>&nbsp;<\/p>\n<ul>\n<li><em><strong>VivaAerob\u00fas fue la primera aerol\u00ednea en hacer p\u00fablicas sus estad\u00edsticas de puntualidad<\/strong><\/em><\/li>\n<li><em><strong>Javier Aluni, titular de Turismo en Guerrero, asegura que hay recuperaci\u00f3n de la industria sin chimeneas en la entidad<\/strong><\/em><\/li>\n<li><em><strong>Incrementan frecuencia en los vuelos diarios desde Lima a Canc\u00fan<\/strong><\/em><\/li>\n<\/ul>\n<div id=\"attachment_131596\" style=\"width: 250px\" class=\"wp-caption alignleft\"><a href=\"http:\/\/www.diarioimagen.net\/wp-content\/uploads\/2013\/05\/turismo-2095.jpg\"><img loading=\"lazy\" decoding=\"async\" aria-describedby=\"caption-attachment-131596\" class=\"size-medium wp-image-131596\" alt=\"Claudia Ruiz Massieu.\" src=\"http:\/\/www.diarioimagen.net\/wp-content\/uploads\/2013\/05\/turismo-2095-240x159.jpg\" width=\"240\" height=\"159\" srcset=\"https:\/\/www.diarioimagen.net\/wp-content\/uploads\/2013\/05\/turismo-2095-240x159.jpg 240w, https:\/\/www.diarioimagen.net\/wp-content\/uploads\/2013\/05\/turismo-2095-420x279.jpg 420w, https:\/\/www.diarioimagen.net\/wp-content\/uploads\/2013\/05\/turismo-2095.jpg 500w\" sizes=\"auto, (max-width: 240px) 100vw, 240px\" \/><\/a><p id=\"caption-attachment-131596\" class=\"wp-caption-text\">Claudia Ruiz Massieu.<\/p><\/div>\n<p>M\u00e9xico no puede postergar por m\u00e1s tiempo el despegue del turismo, dijo <b>Claudia Ruiz Massieu<\/b>, secretaria de Turismo, al encabezar los trabajos del Panel sobre Turismo, en el marco del Foro Nacional de Consulta para un M\u00e9xico Pr\u00f3spero. En un comunicado, destaca que este es el momento del turismo, porque existen las condiciones econ\u00f3micas, pol\u00edticas y la voluntad del gobierno de la Rep\u00fablica para darle su lugar como un sector prioritario de la agenda nacional, y la importancia econ\u00f3mica de esta actividad la convierte en una palanca inmejorable para el desarrollo. <b>Ruiz Massieu<\/b> dijo que el turismo es la tercera fuente de divisas para el pa\u00eds, genera casi el 9% del Producto Interno Bruto y m\u00e1s de 2.5 millones de empleos directos, y esa importancia debe reflejarse en la actividad tur\u00edstica como un rubro prioritario para el desarrollo del pa\u00eds. Por ello, resalt\u00f3 que en esta administraci\u00f3n el turismo recibir\u00e1, como nunca antes, el apoyo del gobierno de la Rep\u00fablica, y con la participaci\u00f3n activa de todos los sectores, lograremos construir el futuro del pa\u00eds y convertir a M\u00e9xico en un destino de clase mundial. \u201cRecordar\u00e1n que hace unos a\u00f1os la Secretar\u00eda de Turismo estuvo a punto de desaparecer. Hoy las cosas han cambiado, el presidente <b>Enrique Pe\u00f1a Nieto<\/b> lo ha confirmado en m\u00e1s de una ocasi\u00f3n y el gobierno de la Rep\u00fablica apoyar\u00e1 al turismo como nunca antes, porque ha reconocido que representa para M\u00e9xico una oportunidad \u00fanica para impulsar el crecimiento econ\u00f3mico y ofrecer mayor prosperidad para los mexicanos\u201d. Al mismo tiempo se\u00f1al\u00f3: \u201cQueremos aprovechar el potencial tur\u00edstico de M\u00e9xico y desarrollar esta actividad en un marco de sustentabilidad y competitividad, para generar una mayor derrama econ\u00f3mica en el pa\u00eds; queremos desarrollar mecanismos que faciliten el acceso a financiamiento de proyectos con potencial de crecimiento; queremos promover el empleo de calidad\u201d. La titular de la Sectur dijo a los asistentes que para el gobierno de la Rep\u00fablica, la planeaci\u00f3n democr\u00e1tica va m\u00e1s all\u00e1 de ser un proceso meramente t\u00e9cnico para la toma de decisiones; es un mecanismo que fomenta y aviva la participaci\u00f3n social. En los Foros Estatales de Consulta para la Elaboraci\u00f3n del Plan Nacional de Desarrollo, realizados por la Secretar\u00eda de Turismo en los estados de Campeche, Yucat\u00e1n y Quintana Roo en el mes de abril, hubo 3 mil 164 participantes y se recibieron 479 propuestas. El panel, correspondiente al eje de M\u00e9xico Pr\u00f3spero, cont\u00f3 con la participaci\u00f3n de expertos en temas tur\u00edsticos y empresarios del ramo, cuyas propuestas ser\u00e1n integradas al Plan Nacional de Desarrollo 2013-2018. <b>Pablo Azc\u00e1rraga Andrade<\/b>, presidente del Consejo Nacional Empresarial Tur\u00edstico (CNET), habl\u00f3 de la situaci\u00f3n del sector turismo y las estrategias para un mejor desarrollo; <b>Luz Mar\u00eda Arteaga de Guerrero<\/b>, rectora del Centro de Estudios Superiores de San \u00c1ngel, abord\u00f3 el tema de las acciones para mejorar la competitividad del turismo, y <b>Alberto G\u00f3mez Alcal\u00e1<\/b>, presidente ejecutivo de la Asociaci\u00f3n de Bancos de M\u00e9xico (ABM), centr\u00f3 su participaci\u00f3n en las estrategias y esquemas de financiamiento para el desarrollo del turismo en M\u00e9xico. La moderaci\u00f3n estuvo a cargo de <b>H\u00e9ctor Flores Santana<\/b>, director general Grupo Empresarial Estrategia. Se cont\u00f3 con la participaci\u00f3n de <b>Rodolfo Dorador P\u00e9rez<\/b> <b>Gavil\u00e1n<\/b>, presidente de la Comisi\u00f3n de Turismo de la C\u00e1mara de Diputados; <b>Miguel Alem\u00e1n Magnani<\/b>, presidente ejecutivo de Interjet; <b>Jorge D\u00e1vila Flores<\/b>, presidente de Concanaco, y <b>F\u00e9lix Gonz\u00e1lez Canto<\/b>, presidente de la Comisi\u00f3n de Turismo de la C\u00e1mara de Senadores. Entre los concurrenes: <b>Silvia Hern\u00e1ndez Enr\u00edquez<\/b>, presidenta de Estrategia P\u00fablica Consultores; <b>Miguel Quintana Pali<\/b>, presidente Grupo Xcaret; <b>Mar\u00eda Isabel L\u00f3pez Mart\u00ednez<\/b>, directora ejecutiva del EMA; <b>Eduardo S\u00e1nchez Navarro<\/b>, Grupo Cuestro, y <b>Rodrigo Gallegos<\/b>, director de Tecnolog\u00eda y Cambio Clim\u00e1tico del IMCO, entre otros invitados especiales.<\/p>\n<p>\u2730\u2730\u2730\u2730\u2730\u00a0VivaAerob\u00fas fue la primera aerol\u00ednea en el sector en hacer p\u00fablicas sus estad\u00edsticas de puntualidad, entrega de equipaje y servicio al cliente. En esta ocasi\u00f3n publica sus resultados del mes de abril, siendo las m\u00e1s destacadas que:\u00a0 Ocho vuelos de cada diez aterrizan a tiempo, esto es dentro de itinerario y 15 minutos. Menos de una queja por cada mil pasajeros transportados.\u00a0 Menos de 1.5 maletas desviadas por cada mil pasajeros. S\u00f3lo VivaAerob\u00fas garantiza las tarifas m\u00e1s bajas del mercado y los servicios ideales para hacer cualquier viaje un viaje \u201ca la medida\u201d, garantizando una manera de volar m\u00e1s justa para todos los mexicanos. La aerol\u00ednea toma en cuenta todas y cada una de las opiniones de sus pasajeros, implementando mejoras inmediatas en su servicio. <b>Juan Carlos Zuazua<\/b>, director general, comenta: \u201cDe marzo a abril hemos mejorado nuestro \u00edndice de puntualidad y maletas desviadas, a\u00fan en un mes en el que dos de sus semanas fueron de temporada alta y los aeropuertos estuvieron afortunadamente llenos. Tenemos el firme compromiso de seguir mejorando tanto estos indicadores como nuestro servicio. Sabemos que una vez que los pasajeros comprueban los incre\u00edbles precios de la aerol\u00ednea nunca m\u00e1s querr\u00e1n volar con otra\u201d.<\/p>\n<p>\u2730\u2730\u2730\u2730\u2730\u00a0Como consecuencia de las intensas campa\u00f1as promocionales que el gobierno del estado desarrolla a trav\u00e9s de la Secretar\u00eda de Fomento Tur\u00edstico, se ha incrementado el n\u00famero de visitantes que acuden a los destinos del Tri\u00e1ngulo del Sol. <b>Javier Aluni Montes<\/b>,\u00a0titular de la dependencia, inform\u00f3 que el repunte registrado en ocupaci\u00f3n hotelera confirma la franca recuperaci\u00f3n de la industria sin chimeneas en la entidad y dio a conocer que el a\u00f1o pasado el puerto de Acapulco alcanz\u00f3 un promedio anual de 48% en su ocupaci\u00f3n hotelera, 4.3 puntos arriba de la meta lograda en el 2011. Ixtapa se ubic\u00f3 en 53.8%, 3% m\u00e1s que en el a\u00f1o inmediato anterior; Zihuatanejo pas\u00f3 de 32 a 36.5%, y Taxco, con una ocupaci\u00f3n promedio de 31% super\u00f3 en 1.4% la cifra.\u00a0Tambi\u00e9n se\u00f1al\u00f3 que los destinos integrados al Tri\u00e1ngulo del Sol tienen una\u00a0 destacada oferta hotelera, en Acapulco es de 17 mil 612 cuartos; en Ixtapa-Zihuatanejo son 7 mil 155 habitaciones; y en Taxco, mil 78. <b>Aluni<\/b> resalt\u00f3 que la recuperaci\u00f3n de la industria tur\u00edstica, tambi\u00e9n se ve reflejada en la afluencia de paseantes, e inform\u00f3 que el Triangulo del Sol recibi\u00f3 en el 2012 un total de 12 millones 75 mil 109 visitantes, lo que representa un incremento de 2.3 puntos porcentuales.<\/p>\n<p>\u2730\u2730\u2730\u2730\u2730\u00a0Para satisfacer la demanda de los pasajeros LANChile<b>, <\/b>decidi\u00f3 aumentar la frecuencia de vuelos diarios desde Lima a Canc\u00fan, vuelos que se complementan con todas sus conexiones regionales y se mantienen, adem\u00e1s, dos operaciones diarias desde Santiago de Chile a Canc\u00fan. Por varios a\u00f1os,\u00a0LAN\u00a0ha sido elegida como la Mejor Aerol\u00ednea de Sudam\u00e9rica y en \u00e9sta ocasi\u00f3n la revista inglesa <i>Business Traveller,<\/i> seleccion\u00f3\u00a0 su clase ejecutiva como la segunda mejor del mundo. La <i>Premium Business<\/i> cuenta con asientos-cama <i>\u201cFullFlat\u201d<\/i> reclinables a 180 grados, separadores de asientos, la mejor gastronom\u00eda y su amplia oferta de vinos. La compa\u00f1\u00eda no se olvida de su clase Turista, y ofrece el mejor entretenimiento con pantallas individuales de alta resoluci\u00f3n y formato cine en cada uno de los asientos con sistema <i>touch screen<\/i> o con control remoto, que dan acceso a pel\u00edculas de estrenos y cl\u00e1sicas, canales de series\u00a0 y documentales y juegos interactivos con la modalidad <i>multiplayer<\/i> que permite jugar con otro pasajero. Este a\u00f1o, en la ceremonia de premiaci\u00f3n internacional <i>World Travel Awards,<\/i>\u00a0<i>LANAirlines<\/i> recibi\u00f3 la presea en la categor\u00eda \u201cAerol\u00ednea L\u00edder en Sudam\u00e9rica\u201d por tercera vez.\u00a0 El 2007 fue en la misma categor\u00eda: \u201cAerol\u00ednea L\u00edder en Sudam\u00e9rica\u201d y el 2005 como \u201cAerol\u00ednea L\u00edder en Sudam\u00e9rica por la Clase <i>Business\u201d.<\/i> Adicionalmente, la compa\u00f1\u00eda fue reconocida en la categor\u00eda, \u201cMejor Aerol\u00ednea para volar en Latinoam\u00e9rica\u201d por la revista de negocios\u00a0 <i>Latin Trade.<\/i>\u00a0<b> <\/b>Grupo <i>LATAM Airlines\u00a0<\/i>ha elegido a <i>oneworld <\/i>como su alianza global, as\u00ed TAM L\u00edneas A\u00e9reas formar\u00e1 parte de esta alianza con una fuerte presencia en oferta de vuelos entre Latinoam\u00e9rica, Estados Unidos y Europa, adem\u00e1s de Asia-Pac\u00edfico. La compa\u00f1\u00eca dejar\u00e1 <i>Star Alliance<\/i> durante el segundo trimestre del 2014, en una fecha que se informar\u00e1 posteriormente. Hasta entonces, sus clientes podr\u00e1n seguir usando los beneficios de esa alianza con normalidad.<br \/>\n<i>\u00a0<\/i><i><em><a href=\"mailto:victoriagprado@gmail.com\" target=\"_blank\">victoriagprado@gmail.com<\/a><\/em><\/i><\/p>\n<p>&nbsp;<\/p>\n","protected":false},"excerpt":{"rendered":"<p>M\u00e9xico no puede postergar por m\u00e1s tiempo el despegue del turismo, dijo <b>Claudia Ruiz Massieu<\/b>, secretaria de Turismo, al encabezar los trabajos del Panel sobre Turismo, en el marco del Foro Nacional de Consulta para un M\u00e9xico Pr\u00f3spero. <\/p>\n","protected":false},"author":3,"featured_media":131596,"comment_status":"open","ping_status":"open","sticky":false,"template":"","format":"standard","meta":{"_monsterinsights_skip_tracking":false,"_monsterinsights_sitenote_active":false,"_monsterinsights_sitenote_note":"","_monsterinsights_sitenote_category":0,"footnotes":""},"categories":[11],"tags":[107,3244,440,43681,106],"class_list":["post-131491","post","type-post","status-publish","format-standard","has-post-thumbnail","hentry","category-turismo","tag-de-cinco-estrellas","tag-guerrero","tag-secretaria-de-turismo","tag-turismo","tag-victoria-gonzalez-prado"],"_links":{"self":[{"href":"https:\/\/www.diarioimagen.net\/index.php?rest_route=\/wp\/v2\/posts\/131491","targetHints":{"allow":["GET"]}}],"collection":[{"href":"https:\/\/www.diarioimagen.net\/index.php?rest_route=\/wp\/v2\/posts"}],"about":[{"href":"https:\/\/www.diarioimagen.net\/index.php?rest_route=\/wp\/v2\/types\/post"}],"author":[{"embeddable":true,"href":"https:\/\/www.diarioimagen.net\/index.php?rest_route=\/wp\/v2\/users\/3"}],"replies":[{"embeddable":true,"href":"https:\/\/www.diarioimagen.net\/index.php?rest_route=%2Fwp%2Fv2%2Fcomments&post=131491"}],"version-history":[{"count":0,"href":"https:\/\/www.diarioimagen.net\/index.php?rest_route=\/wp\/v2\/posts\/131491\/revisions"}],"wp:featuredmedia":[{"embeddable":true,"href":"https:\/\/www.diarioimagen.net\/index.php?rest_route=\/wp\/v2\/media\/131596"}],"wp:attachment":[{"href":"https:\/\/www.diarioimagen.net\/index.php?rest_route=%2Fwp%2Fv2%2Fmedia&parent=131491"}],"wp:term":[{"taxonomy":"category","embeddable":true,"href":"https:\/\/www.diarioimagen.net\/index.php?rest_route=%2Fwp%2Fv2%2Fcategories&post=131491"},{"taxonomy":"post_tag","embeddable":true,"href":"https:\/\/www.diarioimagen.net\/index.php?rest_route=%2Fwp%2Fv2%2Ftags&post=131491"}],"curies":[{"name":"wp","href":"https:\/\/api.w.org\/{rel}","templated":true}]}}