{"id":131613,"date":"2013-05-13T00:09:18","date_gmt":"2013-05-13T05:09:18","guid":{"rendered":"http:\/\/www.diarioimagen.net\/?p=131613"},"modified":"2013-05-13T02:30:11","modified_gmt":"2013-05-13T07:30:11","slug":"gem-rehabilito-kinder-danado-por-la-explosion-en-ecatepec","status":"publish","type":"post","link":"https:\/\/www.diarioimagen.net\/?p=131613","title":{"rendered":"GEM rehabilit\u00f3 k\u00ednder da\u00f1ado por la explosi\u00f3n en Ecatepec"},"content":{"rendered":"<ul>\n<li><strong><em>El titular de la Secretar\u00eda de Educaci\u00f3n P\u00fablica del Estado de M\u00e9xico, Raymundo Mart\u00ednez Carbajal, supervis\u00f3 las obras de restauraci\u00f3n<\/em><\/strong><\/li>\n<\/ul>\n<div id=\"attachment_131721\" style=\"width: 250px\" class=\"wp-caption alignleft\"><a href=\"http:\/\/www.diarioimagen.net\/wp-content\/uploads\/2013\/05\/kinder-2096.jpg\"><img loading=\"lazy\" decoding=\"async\" aria-describedby=\"caption-attachment-131721\" class=\"size-medium wp-image-131721\" alt=\"Con una inversi\u00f3n superior al mill\u00f3n de pesos, la Secretar\u00eda de Educaci\u00f3n estatal rehabilit\u00f3 y dot\u00f3 de nuevo mobiliario al jard\u00edn de ni\u00f1os Rosaura Zapata, luego de los da\u00f1os sufridos por la explosi\u00f3n de una pipa de gas el pasado martes 7 de mayo, sobre la autopista M\u00e9xico-Pachuca.\" src=\"http:\/\/www.diarioimagen.net\/wp-content\/uploads\/2013\/05\/kinder-2096-240x135.jpg\" width=\"240\" height=\"135\" srcset=\"https:\/\/www.diarioimagen.net\/wp-content\/uploads\/2013\/05\/kinder-2096-240x135.jpg 240w, https:\/\/www.diarioimagen.net\/wp-content\/uploads\/2013\/05\/kinder-2096-420x236.jpg 420w, https:\/\/www.diarioimagen.net\/wp-content\/uploads\/2013\/05\/kinder-2096-235x132.jpg 235w, https:\/\/www.diarioimagen.net\/wp-content\/uploads\/2013\/05\/kinder-2096-202x114.jpg 202w, https:\/\/www.diarioimagen.net\/wp-content\/uploads\/2013\/05\/kinder-2096-350x196.jpg 350w, https:\/\/www.diarioimagen.net\/wp-content\/uploads\/2013\/05\/kinder-2096-220x123.jpg 220w, https:\/\/www.diarioimagen.net\/wp-content\/uploads\/2013\/05\/kinder-2096-237x132.jpg 237w, https:\/\/www.diarioimagen.net\/wp-content\/uploads\/2013\/05\/kinder-2096.jpg 480w\" sizes=\"auto, (max-width: 240px) 100vw, 240px\" \/><\/a><p id=\"caption-attachment-131721\" class=\"wp-caption-text\">Con una inversi\u00f3n superior al mill\u00f3n de pesos, la Secretar\u00eda de Educaci\u00f3n estatal rehabilit\u00f3 y dot\u00f3 de nuevo mobiliario al jard\u00edn de ni\u00f1os Rosaura Zapata, luego de los da\u00f1os sufridos por la explosi\u00f3n de una pipa de gas el pasado martes 7 de mayo, sobre la autopista M\u00e9xico-Pachuca.<\/p><\/div>\n<p><strong>Ecatepec, Estado de M\u00e9xico<\/strong>.- Con una inversi\u00f3n superior al mill\u00f3n de pesos, la Secretar\u00eda de Educaci\u00f3n del Estado de M\u00e9xico rehabilit\u00f3 y dot\u00f3 de mobiliario nuevo al jard\u00edn de ni\u00f1os Rosaura Zapata, ubicado en San Pedro Xalostoc, del municipio de Ecatepec, tras los da\u00f1os que sufri\u00f3 por la explosi\u00f3n de una pipa de gas el pasado martes 7 mayo sobre la autopista M\u00e9xico-Pachuca.<\/p>\n<p>Raymundo Mart\u00ednez Carbajal, secretario de Educaci\u00f3n, supervis\u00f3 las obras en las que participaron maestros, padres de familia y vecinos del plantel, para que los estudiantes de esta instituci\u00f3n educativa pudieran reincorporase a sus actividades este lunes 13 de mayo, como lo inform\u00f3 el gobernador Eruviel \u00c1vila Villegas, durante los recorridos que hizo en d\u00edas pasados por la zona afectada.<\/p>\n<p>Como parte de los trabajos realizados en este espacio educativo, se erigi\u00f3 una nueva barda perimetral, rehabilitaron aulas y forjaron nueva canceler\u00eda y vidrios de policarbonato, adem\u00e1s, de pintar, retirar escombros y remozar pisos, paredes y domos.<\/p>\n<p>Tras realizar los recorridos de supervisi\u00f3n de las obras, acompa\u00f1ado de Sim\u00f3n Iv\u00e1n Villar Mart\u00ednez y Jes\u00fas Ortiz Guti\u00e9rrez, directores generales de Servicios Educativos Integrados al Estado de M\u00e9xico (SEIEM) y del Instituto Mexiquense de la Infraestructura F\u00edsica Educativa, respectivamente, as\u00ed como de la comunidad estudiantil, Raymundo Mart\u00ednez consider\u00f3 que se podr\u00e1 iniciar una nueva etapa de rehabilitaci\u00f3n en esta escuela, que ser\u00e1 incluida como parte de los programas especiales para reforzar su calidad acad\u00e9mica.<\/p>\n<p>Previamente, el titular de Educaci\u00f3n inaugur\u00f3 un gimnasio de usos m\u00faltiples en Acolman, que lleva el nombre del tetracampe\u00f3n paral\u00edmpico Juan Ignacio Reyes Gonz\u00e1lez, quien estuvo presente para recibir un homenaje por parte del ayuntamiento, encabezado por el alcalde Vicente Anaya Aguilar.<\/p>\n<p>Adem\u00e1s, se realiz\u00f3 una clase masiva de yoga, con el prop\u00f3sito de estimular la pr\u00e1ctica deportiva y el cuidado de la salud, en la que participaron m\u00e1s de mil 200 personas de todas las edades.<\/p>\n","protected":false},"excerpt":{"rendered":"<p>Con una inversi\u00f3n superior al mill\u00f3n de pesos, la Secretar\u00eda de Educaci\u00f3n<\/p>\n","protected":false},"author":3,"featured_media":131721,"comment_status":"open","ping_status":"open","sticky":false,"template":"","format":"standard","meta":{"_monsterinsights_skip_tracking":false,"_monsterinsights_sitenote_active":false,"_monsterinsights_sitenote_note":"","_monsterinsights_sitenote_category":0,"footnotes":""},"categories":[5],"tags":[454,5828,43675,1720,5224],"class_list":["post-131613","post","type-post","status-publish","format-standard","has-post-thumbnail","hentry","category-estado-de-mexico","tag-ecatepec","tag-eruviel-avila-villegas","tag-estado-de-mexico","tag-gem","tag-kinder"],"_links":{"self":[{"href":"https:\/\/www.diarioimagen.net\/index.php?rest_route=\/wp\/v2\/posts\/131613","targetHints":{"allow":["GET"]}}],"collection":[{"href":"https:\/\/www.diarioimagen.net\/index.php?rest_route=\/wp\/v2\/posts"}],"about":[{"href":"https:\/\/www.diarioimagen.net\/index.php?rest_route=\/wp\/v2\/types\/post"}],"author":[{"embeddable":true,"href":"https:\/\/www.diarioimagen.net\/index.php?rest_route=\/wp\/v2\/users\/3"}],"replies":[{"embeddable":true,"href":"https:\/\/www.diarioimagen.net\/index.php?rest_route=%2Fwp%2Fv2%2Fcomments&post=131613"}],"version-history":[{"count":0,"href":"https:\/\/www.diarioimagen.net\/index.php?rest_route=\/wp\/v2\/posts\/131613\/revisions"}],"wp:featuredmedia":[{"embeddable":true,"href":"https:\/\/www.diarioimagen.net\/index.php?rest_route=\/wp\/v2\/media\/131721"}],"wp:attachment":[{"href":"https:\/\/www.diarioimagen.net\/index.php?rest_route=%2Fwp%2Fv2%2Fmedia&parent=131613"}],"wp:term":[{"taxonomy":"category","embeddable":true,"href":"https:\/\/www.diarioimagen.net\/index.php?rest_route=%2Fwp%2Fv2%2Fcategories&post=131613"},{"taxonomy":"post_tag","embeddable":true,"href":"https:\/\/www.diarioimagen.net\/index.php?rest_route=%2Fwp%2Fv2%2Ftags&post=131613"}],"curies":[{"name":"wp","href":"https:\/\/api.w.org\/{rel}","templated":true}]}}