{"id":131640,"date":"2013-05-13T00:06:05","date_gmt":"2013-05-13T05:06:05","guid":{"rendered":"http:\/\/www.diarioimagen.net\/?p=131640"},"modified":"2013-05-14T03:13:46","modified_gmt":"2013-05-14T08:13:46","slug":"morir-en-mexico","status":"publish","type":"post","link":"https:\/\/www.diarioimagen.net\/?p=131640","title":{"rendered":"Morir en M\u00e9xico"},"content":{"rendered":"<h2>\u00cdndice pol\u00edtico<\/h2>\n<h5>Francisco Rodr\u00edguez<\/h5>\n<p><span><br \/>\n\u201cM\u00e9xico es s\u00f3lo muertos, balas, sicarios, levantones, fosas y uno que otro descabezado. Al menos, esa es la imagen que se desprende de la cobertura noticiosa en medios nacionales y extranjeros. Como ha documentado Roberto Newell, los temas vinculados al delito y la frontera representaban menos de la mitad de las notas relacionadas con M\u00e9xico en el \u201cNew York Times\u201d en 2005. Para 2009, la proporci\u00f3n llegaba a 90%. Una evoluci\u00f3n similar ha registrado la cobertura de otros medios internacionales y en la prensa nacional, la seguridad p\u00fablica es la obsesi\u00f3n tem\u00e1tica permanente\u201d.<\/span><\/p>\n<p>El p\u00e1rrafo anterior es tambi\u00e9n el inicial de \u201cLa espiral infinita: c\u00f3mo M\u00e9xico se volvi\u00f3 un pa\u00eds violento y c\u00f3mo puede dejar de serlo\u201d, un trabajo de Alejandro Hope publicado en 2011 por el Instituto Mexicano de la Competitividad. Tal afirmaci\u00f3n vale lo mismo para hoy, cuando los titulares de los medios nacionales y extranjeros vuelven a dar cuenta del asesinato de visitantes extranjeros: el nieto de Malcom X, en la peligrosa Plaza de Garibaldi de la ciudad de M\u00e9xico; dos espa\u00f1oles en Culiac\u00e1n, Sinaloa.<\/p>\n<p>El asunto es delicado, pero las autoridades cierran los ojos o minimizan los hechos. Lo hac\u00eda el repudiado Felipe Calder\u00f3n, tambi\u00e9n en 2011, cuando al participar en la Cumbre Mundial sobre Viajes y Turismo en Las Vegas, Nevada, aseguraba que la violencia en M\u00e9xico no afecta el turismo.<\/p>\n<p>En tal ocasi\u00f3n, ante empresarios y directivos de este ramo a nivel global, afirm\u00f3 que los turistas asesinados en nuestro pa\u00eds son tan pocos que se pueden contar con los dedos. Incluso, subray\u00f3 que, pese a las recomendaciones del gobierno estadunidense para que los j\u00f3venes no acudieran a M\u00e9xico durante las vacaciones, el a\u00f1o pasado llegaron miles de spring breakers y, en tono de broma, dijo que los \u00fanicos disparos que recibieron fueron disparos (shots) de tequila.<\/p>\n<p>Sin discurso tragic\u00f3mico, cual el del calderonato, hoy tambi\u00e9n se minimizan o, peor, siguen los ojos cerrados ante hechos como los que ahora mismo sacuden no s\u00f3lo a la opini\u00f3n p\u00fablica mexicana, tambi\u00e9n por supuesto a la estadunidense y a la espa\u00f1ola.<\/p>\n<p>\u00bfQU\u00c9 NOS PASA?<\/p>\n<p>Plet\u00f3rico de informaci\u00f3n -por ejemplo, algo m\u00e1s de lo que debemos \u201cagradecer\u201d a Calder\u00f3n: que en los \u00faltimos a\u00f1os, en M\u00e9xico se triplic\u00f3 la posibilidad de ser asesinado y se duplic\u00f3 el riesgo de ser secuestrado- el trabajo de Alejandro Hope brinda valiosas claves en su conclusi\u00f3n: \u201cM\u00e9xico tiene un problema. Un problema serio que no es el narcotr\u00e1fico ni la delincuencia organizada ni la debilidad institucional. Es el hecho incontrovertible de que cada vez m\u00e1s gente se siente cada vez m\u00e1s insegura en cada vez m\u00e1s zonas del pa\u00eds. Y tienen raz\u00f3n para sentirse de ese modo: se pueden relativizar las cifras todo lo que se quiera, pero no se puede negar la gravedad de la situaci\u00f3n\u201d.<\/p>\n<p>Y el problema, apunta Hope, es el resultado de una \u201cconcatenaci\u00f3n desafortunada de eventos y procesos diversos, seguida por una oleada expansiva que tiene como motor a la impunidad y que se alimenta a s\u00ed misma en un ciclo que parece interminable.<\/p>\n<p>\u201cPara nuestra fortuna, la espiral parece infinita, pero no lo es. La naturaleza del fen\u00f3meno del\u00ednea la ruta de soluci\u00f3n: si la violencia ha crecido al amparo de la impunidad, reducir la impunidad puede revertir el proceso. Ese objetivo se puede lograr por dos v\u00edas: primero, transformando nuestras instituciones de seguridad y justicia, haci\u00e9ndolas m\u00e1s responsables y responsivas, aumentando su capacidad para proteger a los inocentes y castigar a los culpables.<\/p>\n<p>\u201cSegundo, actuando estrat\u00e9gicamente con los recursos que tenemos, estableciendo prioridades y fijando reglas\u201d. Y m\u00e1s adelante: \u201cEl premio no es menor: disminuir la violencia cambiar\u00eda de tajo la percepci\u00f3n que tienen de M\u00e9xico los extranjeros y los mexicanos. Nada contribuir\u00eda tanto a modificar el tono de la conversaci\u00f3n nacional\u201d.<\/p>\n<p>La oportunidad est\u00e1 ah\u00ed todav\u00eda. Las autoridades s\u00f3lo tienen que dejar de minimizar los hechos, de ocultarlos y de mantener cerrados los ojos, \u00bfno cree usted?<\/p>\n<p><b><i>\u00cdndice Flam\u00edgero:<\/i><\/b> Public\u00f3 ayer El Diario de C\u00e1diz: \u201cDos ciudadanos espa\u00f1oles fueron encontrados muertos con varios disparos en el interior de un coche que fue arrojado a un canal en el municipio de Culiac\u00e1n (noroeste de M\u00e9xico), informaron este s\u00e1bado fuentes oficiales. Las v\u00edctimas fueron identificadas como Jos\u00e9 Montoya Lozada, de 50 a\u00f1os, y Fernando Carmona Romero, de 57, ambos comerciantes y con residencia en Espa\u00f1a, inform\u00f3 la Procuradur\u00eda General de Justicia del Estado (PGJE) de Sinaloa. El veh\u00edculo en el que viajaban fue encontrado por personas que transitaban por el lugar, quienes fueron los encargados de dar parte a las autoridades. Las v\u00edctimas se encontraban en el asiento de atr\u00e1s del autom\u00f3vil, ambos estaban esposados y presentaban varios impactos de bala. Los fallecidos estaban desaparecidos desde el 4 de mayo y estaban en Sinaloa efectuando un recorrido gastron\u00f3mico en los pueblos de Culiac\u00e1n, en un viaje presuntamente relacionado con su labor de comerciantes\u2026\u201d.<\/p>\n<p><em><a href=\"http:\/\/www.indicepolitico.com\/\" target=\"_blank\"><em>www.indicepolitico.com<\/em><\/a><br \/>\n<\/em><em><a href=\"mailto:pacorodriguez@journalist.com\" target=\"_blank\">pacorodriguez@journalist.com<\/a><\/em><\/p>\n","protected":false},"excerpt":{"rendered":"<p><span style=\"color: #005497;\"><strong>Francisco Rodr\u00edguez<\/strong><\/span><\/p>\n","protected":false},"author":3,"featured_media":0,"comment_status":"open","ping_status":"open","sticky":false,"template":"","format":"standard","meta":{"_monsterinsights_skip_tracking":false,"_monsterinsights_sitenote_active":false,"_monsterinsights_sitenote_note":"","_monsterinsights_sitenote_category":0,"footnotes":""},"categories":[549],"tags":[43689,550,44,43674],"class_list":["post-131640","post","type-post","status-publish","format-standard","hentry","category-francisco-rodriguez","tag-francisco-rodriguez","tag-indice-politico","tag-mexico","tag-opinion"],"_links":{"self":[{"href":"https:\/\/www.diarioimagen.net\/index.php?rest_route=\/wp\/v2\/posts\/131640","targetHints":{"allow":["GET"]}}],"collection":[{"href":"https:\/\/www.diarioimagen.net\/index.php?rest_route=\/wp\/v2\/posts"}],"about":[{"href":"https:\/\/www.diarioimagen.net\/index.php?rest_route=\/wp\/v2\/types\/post"}],"author":[{"embeddable":true,"href":"https:\/\/www.diarioimagen.net\/index.php?rest_route=\/wp\/v2\/users\/3"}],"replies":[{"embeddable":true,"href":"https:\/\/www.diarioimagen.net\/index.php?rest_route=%2Fwp%2Fv2%2Fcomments&post=131640"}],"version-history":[{"count":0,"href":"https:\/\/www.diarioimagen.net\/index.php?rest_route=\/wp\/v2\/posts\/131640\/revisions"}],"wp:attachment":[{"href":"https:\/\/www.diarioimagen.net\/index.php?rest_route=%2Fwp%2Fv2%2Fmedia&parent=131640"}],"wp:term":[{"taxonomy":"category","embeddable":true,"href":"https:\/\/www.diarioimagen.net\/index.php?rest_route=%2Fwp%2Fv2%2Fcategories&post=131640"},{"taxonomy":"post_tag","embeddable":true,"href":"https:\/\/www.diarioimagen.net\/index.php?rest_route=%2Fwp%2Fv2%2Ftags&post=131640"}],"curies":[{"name":"wp","href":"https:\/\/api.w.org\/{rel}","templated":true}]}}