{"id":131680,"date":"2013-05-13T00:02:49","date_gmt":"2013-05-13T05:02:49","guid":{"rendered":"http:\/\/www.diarioimagen.net\/?p=131680"},"modified":"2013-05-14T03:24:02","modified_gmt":"2013-05-14T08:24:02","slug":"el-papa-canoniza-a-la-madre-lupita","status":"publish","type":"post","link":"https:\/\/www.diarioimagen.net\/?p=131680","title":{"rendered":"El Papa canoniza a la madre Lupita"},"content":{"rendered":"<ul>\n<li><strong><em>Durante una multitudinaria misa a la que asistieron 400 mexicanos, el Pont\u00edfice Francisco elev\u00f3 a los altares a la religiosa tapat\u00eda<\/em><\/strong><\/li>\n<\/ul>\n<div id=\"attachment_131700\" style=\"width: 250px\" class=\"wp-caption alignleft\"><a href=\"http:\/\/www.diarioimagen.net\/wp-content\/uploads\/2013\/05\/Santa-2096.jpg\"><img loading=\"lazy\" decoding=\"async\" aria-describedby=\"caption-attachment-131700\" class=\"size-medium wp-image-131700\" alt=\"Mar\u00eda Guadalupe Garc\u00eda Zavala, quien fue canonizada por el Santo Padre.\" src=\"http:\/\/www.diarioimagen.net\/wp-content\/uploads\/2013\/05\/Santa-2096-240x135.jpg\" width=\"240\" height=\"135\" srcset=\"https:\/\/www.diarioimagen.net\/wp-content\/uploads\/2013\/05\/Santa-2096-240x135.jpg 240w, https:\/\/www.diarioimagen.net\/wp-content\/uploads\/2013\/05\/Santa-2096-420x236.jpg 420w, https:\/\/www.diarioimagen.net\/wp-content\/uploads\/2013\/05\/Santa-2096-235x132.jpg 235w, https:\/\/www.diarioimagen.net\/wp-content\/uploads\/2013\/05\/Santa-2096-202x114.jpg 202w, https:\/\/www.diarioimagen.net\/wp-content\/uploads\/2013\/05\/Santa-2096-350x196.jpg 350w, https:\/\/www.diarioimagen.net\/wp-content\/uploads\/2013\/05\/Santa-2096-220x123.jpg 220w, https:\/\/www.diarioimagen.net\/wp-content\/uploads\/2013\/05\/Santa-2096-237x132.jpg 237w, https:\/\/www.diarioimagen.net\/wp-content\/uploads\/2013\/05\/Santa-2096.jpg 480w\" sizes=\"auto, (max-width: 240px) 100vw, 240px\" \/><\/a><p id=\"caption-attachment-131700\" class=\"wp-caption-text\">Mar\u00eda Guadalupe Garc\u00eda Zavala, quien fue canonizada por el Santo Padre.<\/p><\/div>\n<p><strong>Ciudad del Vaticano<\/strong>.- La religiosa mexicana Mar\u00eda Guadalupe Garc\u00eda Zavala, conocida popularmente como madre Lupita, fue canonizada en una multitudinaria misa celebrada por el Papa Francisco en Roma, en la que tambi\u00e9n particip\u00f3 una delegaci\u00f3n de m\u00e1s de 400 feligreses de M\u00e9xico.<\/p>\n<p>La nueva santa mexicana se convirti\u00f3 as\u00ed en la segunda mujer del pa\u00eds en obtener este reconocimiento, que implica, entre otras cosas, que ahora los feligreses la podr\u00e1n invocar oficialmente durante sus rezos.<\/p>\n<p>A la ceremonia, adem\u00e1s de los fieles y de numerosos familiares de la santa, participaron el promotor de la causa de canonizaci\u00f3n, el obispo \u00d3scar S\u00e1nchez, el representante de la Presidencia de M\u00e9xico, Roberto Herrera, y el nuevo embajador de M\u00e9xico en el Vaticano, Mariano Palacios Alcocer.<\/p>\n<p>De igual forma, asistieron al acto el cardenal Jos\u00e9 Francisco Robles Ortega, titular de la arquidi\u00f3cesis de Guadalajara, y el cardenal Juan Sandoval I\u00f1iguez, quien conoci\u00f3 personalmente a Zavala (1878-1963).<\/p>\n<p>\u201cLa conoc\u00ed con 13 a\u00f1os en 1946, siendo yo un joven seminarista y ella ya una generosa mujer que atend\u00eda los enfermos del hospital de Santa Margarita, en Guadalajara, y luego la volv\u00ed a ver en 1961, pocos a\u00f1os antes de su muerte\u201d, se\u00f1al\u00f3 el cardenal Sandoval.<\/p>\n<p>Por su lado, Elia Luz Flores, una sobrina nieta de Zavala, consider\u00f3 que es una gran responsabilidad tener una santa en su familia.<\/p>\n<p>\u201cEs una responsabilidad porque ahora me tengo que preguntar: \u2018\u00bfqu\u00e9 tengo que hacer yo para imitarla?\u2019\u201d, dijo Flores.<\/p>\n<p>\u201cHa sido y ser\u00e1 un ejemplo para todos nosotros\u201d, consider\u00f3 Raquel Zavala, de 66 a\u00f1os y quien viaj\u00f3 15 horas hasta Roma para participar en la ceremonia.<\/p>\n<p>Leticia Garc\u00eda, de 46 a\u00f1os y originaria de Distrito Federal, consider\u00f3 adem\u00e1s que, con la canonizaci\u00f3n de Zavala, un pedazo de M\u00e9xico estar\u00e1 de ahora en adelante presente en el Vaticano.\u00a0 \u201cCon esta canonizaci\u00f3n, M\u00e9xico le est\u00e1 compartiendo al mundo que la fe es muy fuerte en nuestro pa\u00eds\u201d, expres\u00f3 Garc\u00eda, con los ojos llenos de l\u00e1grimas.<\/p>\n<p>Otros fieles destacaron que hay puntos en com\u00fan entre Zavala y el nuevo Papa, entre estos la sencillez y la atenci\u00f3n de ambos para los pobres y los enfermos.<\/p>\n","protected":false},"excerpt":{"rendered":"<p>La religiosa mexicana Mar\u00eda Guadalupe Garc\u00eda Zavala, conocida popularmente como madre Lupita, fue canonizada en una multitudinaria misa celebrada por el Papa Francisco en Roma, en la que tambi\u00e9n particip\u00f3 una delegaci\u00f3n de m\u00e1s de 400 feligreses de M\u00e9xico.<\/p>\n","protected":false},"author":3,"featured_media":131700,"comment_status":"open","ping_status":"open","sticky":false,"template":"","format":"standard","meta":{"_monsterinsights_skip_tracking":false,"_monsterinsights_sitenote_active":false,"_monsterinsights_sitenote_note":"","_monsterinsights_sitenote_category":0,"footnotes":""},"categories":[17,9],"tags":[10759,43679,846,15014],"class_list":["post-131680","post","type-post","status-publish","format-standard","has-post-thumbnail","hentry","category-especiales","category-mundo","tag-ciudad-del-vaticano","tag-mundo","tag-roma","tag-santa"],"_links":{"self":[{"href":"https:\/\/www.diarioimagen.net\/index.php?rest_route=\/wp\/v2\/posts\/131680","targetHints":{"allow":["GET"]}}],"collection":[{"href":"https:\/\/www.diarioimagen.net\/index.php?rest_route=\/wp\/v2\/posts"}],"about":[{"href":"https:\/\/www.diarioimagen.net\/index.php?rest_route=\/wp\/v2\/types\/post"}],"author":[{"embeddable":true,"href":"https:\/\/www.diarioimagen.net\/index.php?rest_route=\/wp\/v2\/users\/3"}],"replies":[{"embeddable":true,"href":"https:\/\/www.diarioimagen.net\/index.php?rest_route=%2Fwp%2Fv2%2Fcomments&post=131680"}],"version-history":[{"count":0,"href":"https:\/\/www.diarioimagen.net\/index.php?rest_route=\/wp\/v2\/posts\/131680\/revisions"}],"wp:featuredmedia":[{"embeddable":true,"href":"https:\/\/www.diarioimagen.net\/index.php?rest_route=\/wp\/v2\/media\/131700"}],"wp:attachment":[{"href":"https:\/\/www.diarioimagen.net\/index.php?rest_route=%2Fwp%2Fv2%2Fmedia&parent=131680"}],"wp:term":[{"taxonomy":"category","embeddable":true,"href":"https:\/\/www.diarioimagen.net\/index.php?rest_route=%2Fwp%2Fv2%2Fcategories&post=131680"},{"taxonomy":"post_tag","embeddable":true,"href":"https:\/\/www.diarioimagen.net\/index.php?rest_route=%2Fwp%2Fv2%2Ftags&post=131680"}],"curies":[{"name":"wp","href":"https:\/\/api.w.org\/{rel}","templated":true}]}}