{"id":131797,"date":"2013-05-14T00:05:21","date_gmt":"2013-05-14T05:05:21","guid":{"rendered":"http:\/\/www.diarioimagen.net\/?p=131797"},"modified":"2013-05-15T01:04:05","modified_gmt":"2013-05-15T06:04:05","slug":"pena-nieto-anuncia-apoyos-a-las-pymes","status":"publish","type":"post","link":"https:\/\/www.diarioimagen.net\/?p=131797","title":{"rendered":"Pe\u00f1a Nieto anuncia apoyos a las Pymes"},"content":{"rendered":"<ul>\n<li><strong><em>El Presidente promueve que el gobierno federal adquiera sus productos para detonar el crecimiento econ\u00f3mico del pa\u00eds<\/em><\/strong><\/li>\n<\/ul>\n<h6>Roberto Vizca\u00edno<\/h6>\n<div id=\"attachment_131858\" style=\"width: 250px\" class=\"wp-caption alignleft\"><a href=\"http:\/\/www.diarioimagen.net\/wp-content\/uploads\/2013\/05\/epn-2097.jpg\"><img loading=\"lazy\" decoding=\"async\" aria-describedby=\"caption-attachment-131858\" class=\"size-medium wp-image-131858\" alt=\"El presidente Enrique Pe\u00f1a inaugur\u00f3 ayer la \u201cExpo Compras de Gobierno 2013\u201d y pidi\u00f3 democratizar las adquisiciones.\" src=\"http:\/\/www.diarioimagen.net\/wp-content\/uploads\/2013\/05\/epn-2097-240x135.jpg\" width=\"240\" height=\"135\" srcset=\"https:\/\/www.diarioimagen.net\/wp-content\/uploads\/2013\/05\/epn-2097-240x135.jpg 240w, https:\/\/www.diarioimagen.net\/wp-content\/uploads\/2013\/05\/epn-2097-420x236.jpg 420w, https:\/\/www.diarioimagen.net\/wp-content\/uploads\/2013\/05\/epn-2097-235x132.jpg 235w, https:\/\/www.diarioimagen.net\/wp-content\/uploads\/2013\/05\/epn-2097-202x114.jpg 202w, https:\/\/www.diarioimagen.net\/wp-content\/uploads\/2013\/05\/epn-2097-350x196.jpg 350w, https:\/\/www.diarioimagen.net\/wp-content\/uploads\/2013\/05\/epn-2097-220x123.jpg 220w, https:\/\/www.diarioimagen.net\/wp-content\/uploads\/2013\/05\/epn-2097-237x132.jpg 237w, https:\/\/www.diarioimagen.net\/wp-content\/uploads\/2013\/05\/epn-2097.jpg 480w\" sizes=\"auto, (max-width: 240px) 100vw, 240px\" \/><\/a><p id=\"caption-attachment-131858\" class=\"wp-caption-text\">El presidente Enrique Pe\u00f1a inaugur\u00f3 ayer la \u201cExpo Compras de Gobierno 2013\u201d y pidi\u00f3 democratizar las adquisiciones.<\/p><\/div>\n<p>El presidente Enrique Pe\u00f1a Nieto afirm\u00f3 ayer que como M\u00e9xico necesita seguir dando pasos hacia la modernidad y prosperidad de sus habitantes, una de sus preocupaciones es que su gobierno gaste mejor a trav\u00e9s de adquirir equipos, productos y servicios de las miles y miles de micro, peque\u00f1as y medianas empresas con lo cual, al democratizar las adquisiciones gubernamentales, se genera un efecto multiplicador.<\/p>\n<p>As\u00ed, al inaugurar ayer la Expo Compras de Gobierno 2013 que se presenta en el Centro de Convenciones Banamex con la participaci\u00f3n de unas 25 mil peque\u00f1as y medianas empresas nacionales, dijo que su gobierno est\u00e1 decidido a mejorar e innovar la administraci\u00f3n p\u00fablica, a trav\u00e9s de mantener lo que ha dado resultados.<\/p>\n<p>Indic\u00f3 que seg\u00fan datos de la Secretar\u00eda de Econom\u00eda, \u201cen 2010 se adquirieron del orden de 61 mil 500 millones de pesos del sector Pyme. Para 2012, este monto creci\u00f3 en 52 por ciento, y ascendi\u00f3 a casi 94 mil millones de pesos, lo que represent\u00f3 28 por ciento del total de las adquisiciones del gobierno de la Rep\u00fablica. Si bien estas cifras son alentadoras, para nosotros resultan todav\u00eda insuficientes\u201d.<\/p>\n<p>En todo el mundo, dijo, las compras gubernamentales son un factor de desarrollo e impulso a las peque\u00f1as y medianas industrias nacionales y en raz\u00f3n de eso, y para avanzar, \u201cinstruyo que las dependencias que integran la Comisi\u00f3n Intersecretarial de Compras y Obras de la Administraci\u00f3n P\u00fablica, sigan estas medidas\u201d, dijo:<\/p>\n<p>&#8211; Primera. Dise\u00f1ar un esquema de desarrollo de proveedores, que brinde capacitaci\u00f3n a las micro, peque\u00f1as y medianas empresas con potencial para suministrar bienes y servicios al Gobierno.<\/p>\n<p>&#8211; Segundo. Otorgar apoyo a las micro, peque\u00f1as y medianas empresas para la obtenci\u00f3n de fianzas que requieren los procesos de contrataci\u00f3n gubernamental.<\/p>\n<p>&#8211; Tercero. Implementar una l\u00ednea 01 800, para atender a las micro, peque\u00f1as y medianas empresas que ya son proveedoras del gobierno, o que potencialmente lo puedan ser.<\/p>\n<p>&#8211; Cuarto. Revisar el marco normativo, a fin de reducir las barreras de entrada que tienen hoy las Pymes a la contrataci\u00f3n p\u00fablica y, en su caso, proponer las iniciativas de reforma correspondientes.<\/p>\n<p>&#8211; Y quinto. Fomentar los procesos de innovaci\u00f3n en el sector empresarial, a trav\u00e9s de las compras de gobierno.<\/p>\n<p>En este punto agradeci\u00f3 a los organismos empresariales que se dieron cita en el encuentro, as\u00ed como a quienes representan a empresario e industriales del pa\u00eds, a legisladores, servidores p\u00fablicos del gobierno de la Rep\u00fablica y a representantes de las micro, peque\u00f1as y medianas empresas del pa\u00eds porque ello significa que existe un importante inter\u00e9s en el fortalecimiento de este mecanismo.<\/p>\n<p>A ellos y a los medios informativos que acudieron al evento, les record\u00f3 que su gobierno es un firme aliado de las micro, peque\u00f1as y medianas empresas del pa\u00eds, que son las grandes generadoras del empleo de nuestra econom\u00eda.<\/p>\n<p>Indic\u00f3 que la primera Expo Compras Gobierno, hoy organizada por la Secretar\u00eda de Econom\u00eda y el reci\u00e9n creado Instituto Nacional del Emprendedor tuvo su primera edici\u00f3n en 2009 y que \u00e9l decidi\u00f3 mantener su realizaci\u00f3n.<\/p>\n<p>\u201cEste espacio alienta el desarrollo de los emprendedores mexicanos, necesidades de compras y adquisiciones de la Administraci\u00f3n P\u00fablica Federal\u2026 por su magnitud diversidad de requerimientos este tipo de eventos es esencial. En todos los pa\u00edses el sector p\u00fablico es un importante agente econ\u00f3mico, para el desarrollo del mercado interno.<\/p>\n<p>\u201cLas pol\u00edticas p\u00fablicas innovadoras, establecidas a trav\u00e9s de mecanismos como la Expo Compras, hacen posible impulsar el crecimiento de las micro, peque\u00f1as y medianas empresas del pa\u00eds, manteniendo plena disciplina fiscal.<\/p>\n<p>\u201cCon este intercambio comercial, el gobierno se beneficia\u2026 ampl\u00eda el n\u00famero de proveedores, accede a m\u00e1s productos y servicios de mayor calidad y de mejores precios, lo que favorece, sin duda, a la sociedad en general.<\/p>\n<p>\u201cEsta Expo en cumplimiento de uno de los acuerdos del Pacto por M\u00e9xico, que es revisar permanentemente la forma en que el sector p\u00fablico gasta para mejorar su eficiencia y alcanzar mejores indicadores de desempe\u00f1o.<\/p>\n<p>\u201cLos talleres, conferencias y asesor\u00edas que aqu\u00ed se habr\u00e1n de impartir, ser\u00e1n de gran utilidad para nuestros peque\u00f1os y medianos empresarios, a fin de que puedan ofrecer y vender sus productos y servicios a todas las dependencias del Gobierno de la Rep\u00fablica\u201d, enumer\u00f3.<\/p>\n<p>Dijo que la \u00faltima Encuesta Nacional de Micronegocios dej\u00f3 en claro que s\u00f3lo cuatro por ciento de este sector le vende a alguna instituci\u00f3n p\u00fablica, y \u00e9sta es una m\u00e1s de las razones por las que el gobierno de la Rep\u00fablica est\u00e1 trabajando para fortalecerlas y fomentar su desarrollo, precis\u00f3.<\/p>\n<p>\u201cEsto es porque lo que deseamos es que las micro, peque\u00f1as y medianas empresas, sean m\u00e1s competitivas y no por el hecho de ser proveedoras de la administraci\u00f3n p\u00fablica les lleve a una condici\u00f3n de pasividad o de no iniciar proceso, mantener procesos innovares en su producci\u00f3n.<\/p>\n<p>\u201cQueremos que provean al gobierno, pero tambi\u00e9n a otros sectores de la econom\u00eda altamente competitivas. Ese es el gran reto. Porque quiero traer ante ustedes, lo que significa una de las premisas y prioridades para esta Administraci\u00f3n, que es impulsar la productividad.<\/p>\n<p>\u201cY esto significa que micro, peque\u00f1as, medianas y grandes empresas, sean m\u00e1s competitivas y m\u00e1s productivas. Y que esto ocurra no s\u00f3lo en un espacio determinado, no s\u00f3lo en algunas regiones del pa\u00eds que se vean beneficiadas por el desarrollo que est\u00e1n teniendo, sino en todo el pa\u00eds.<\/p>\n<p>\u201cY eso comprometo al gobierno de la Rep\u00fablica para que, en las pol\u00edticas industriales, de reconversi\u00f3n industrial, de apoyo a las PyMES sea focalizado, sea espec\u00edfico y nos permita instrumentar pol\u00edticas diferenciadas entre s\u00ed, pero que permita, realmente, poner al d\u00eda todas las regiones del pa\u00eds, en este prop\u00f3sito de alentar la productividad.<\/p>\n<p>\u201cHace unos d\u00edas, cuando estuvimos en el \u00faltimo foro para la realizaci\u00f3n del Plan Nacional de Desarrollo, claramente ah\u00ed establecimos que un gran reto de esta administraci\u00f3n, insisto, es la democratizaci\u00f3n de la productividad, que llegue a todos los rincones y regiones del pa\u00eds.<\/p>\n<p>Y que eso permita, no s\u00f3lo que el pa\u00eds crezca m\u00e1s, sino que haga posible que las familias mexicanas se beneficien de este proceso y de la producci\u00f3n, y de la productividad; tengan mejores ingresos; alcance de mejor forma el ingreso a las familias para comprar bienes y servicios de los que requiera, pero que esto ser\u00e1 posible si realmente somos m\u00e1s productivos.<\/p>\n<p>\u201cY, por eso, en todas las pol\u00edticas que estamos organizando desde la administraci\u00f3n p\u00fablica federal, de las distintas dependencias, tienen una clara sincronizaci\u00f3n y una clara alineaci\u00f3n para impulsar la productividad en todo el pa\u00eds.<\/p>\n<p>\u201cComo complemento a estas medidas que he compartido con ustedes, tambi\u00e9n instruyo a ampliar el uso de mecanismos innovadores, como las llamadas subastas de reversa en todo los casos donde se asegure mayor eficiencia y mejores costos para la adquisici\u00f3n que haga la administraci\u00f3n p\u00fablica.<\/p>\n<p>\u201cAl mejorar los procesos de compras gubernamentales estaremos apoyando a las micro, peque\u00f1as y medianas empresas; y, con ello, estaremos vigorizando el mercado interno y detonando el crecimiento de nuestra econom\u00eda.<\/p>\n<p>\u201cEn la misma direcci\u00f3n, con el prop\u00f3sito de crear m\u00e1s empresas y lograr que las existentes crezcan y se consoliden, no s\u00f3lo estamos emprendiendo medidas administrativas, como las que hoy he instruido, sino, tambi\u00e9n, medidas legislativas.<\/p>\n<p>\u201cJustamente, la semana pasada, en el marco del Pacto por M\u00e9xico, presentamos 13 iniciativas que integran la reforma financiera, y cuyo prop\u00f3sito fundamental es que haya m\u00e1s cr\u00e9dito y m\u00e1s barato, y que a este beneficio se puedan acoger las peque\u00f1as empresas\u201d.<\/p>\n<p>&nbsp;<\/p>\n","protected":false},"excerpt":{"rendered":"<p><span style=\"color: #005497;\"><strong>Roberto Vizca\u00edno<\/strong><\/span><br \/>\n<br \/>\nEl presidente Enrique Pe\u00f1a Nieto afirm\u00f3 ayer que como M\u00e9xico necesita seguir dando pasos hacia la modernidad y prosperidad de sus habitantes, una de sus preocupaciones es que su gobierno gaste mejor a trav\u00e9s de adquirir equipos, productos y servicios de las miles y miles de micro, peque\u00f1as y medianas empresas con lo cual, al democratizar las adquisiciones gubernamentales, se genera un efecto multiplicador.<\/p>\n","protected":false},"author":3,"featured_media":131858,"comment_status":"open","ping_status":"open","sticky":false,"template":"","format":"standard","meta":{"_monsterinsights_skip_tracking":false,"_monsterinsights_sitenote_active":false,"_monsterinsights_sitenote_note":"","_monsterinsights_sitenote_category":0,"footnotes":""},"categories":[17,3],"tags":[18,43673,93],"class_list":["post-131797","post","type-post","status-publish","format-standard","has-post-thumbnail","hentry","category-especiales","category-nacional","tag-enrique-pena-nieto","tag-nacional","tag-roberto-vizcaino"],"_links":{"self":[{"href":"https:\/\/www.diarioimagen.net\/index.php?rest_route=\/wp\/v2\/posts\/131797","targetHints":{"allow":["GET"]}}],"collection":[{"href":"https:\/\/www.diarioimagen.net\/index.php?rest_route=\/wp\/v2\/posts"}],"about":[{"href":"https:\/\/www.diarioimagen.net\/index.php?rest_route=\/wp\/v2\/types\/post"}],"author":[{"embeddable":true,"href":"https:\/\/www.diarioimagen.net\/index.php?rest_route=\/wp\/v2\/users\/3"}],"replies":[{"embeddable":true,"href":"https:\/\/www.diarioimagen.net\/index.php?rest_route=%2Fwp%2Fv2%2Fcomments&post=131797"}],"version-history":[{"count":0,"href":"https:\/\/www.diarioimagen.net\/index.php?rest_route=\/wp\/v2\/posts\/131797\/revisions"}],"wp:featuredmedia":[{"embeddable":true,"href":"https:\/\/www.diarioimagen.net\/index.php?rest_route=\/wp\/v2\/media\/131858"}],"wp:attachment":[{"href":"https:\/\/www.diarioimagen.net\/index.php?rest_route=%2Fwp%2Fv2%2Fmedia&parent=131797"}],"wp:term":[{"taxonomy":"category","embeddable":true,"href":"https:\/\/www.diarioimagen.net\/index.php?rest_route=%2Fwp%2Fv2%2Fcategories&post=131797"},{"taxonomy":"post_tag","embeddable":true,"href":"https:\/\/www.diarioimagen.net\/index.php?rest_route=%2Fwp%2Fv2%2Ftags&post=131797"}],"curies":[{"name":"wp","href":"https:\/\/api.w.org\/{rel}","templated":true}]}}