{"id":131814,"date":"2013-05-14T00:09:23","date_gmt":"2013-05-14T05:09:23","guid":{"rendered":"http:\/\/www.diarioimagen.net\/?p=131814"},"modified":"2013-05-14T03:26:19","modified_gmt":"2013-05-14T08:26:19","slug":"inauguran-instalaciones-de-la-uaem-en-atizapan-de-zaragoza","status":"publish","type":"post","link":"https:\/\/www.diarioimagen.net\/?p=131814","title":{"rendered":"Inauguran instalaciones de la UAEM en Atizap\u00e1n de Zaragoza"},"content":{"rendered":"<ul>\n<li><strong><em>La instituci\u00f3n ya tiene un Auditorio Libro Abierto\u00a0y el\u00a0Edificio E\u00a0para laboratorios y talleres del Centro Universitario del Valle de M\u00e9xico<\/em><\/strong><\/li>\n<\/ul>\n<div id=\"attachment_131902\" style=\"width: 250px\" class=\"wp-caption alignleft\"><a href=\"http:\/\/www.diarioimagen.net\/wp-content\/uploads\/2013\/05\/uaem-2097.jpg\"><img loading=\"lazy\" decoding=\"async\" aria-describedby=\"caption-attachment-131902\" class=\"size-medium wp-image-131902\" alt=\"El gobernador Eruviel \u00c1vila Villegas y el rector de la Universidad Aut\u00f3noma del Estado de M\u00e9xico (UAEM), Eduardo Gasca Pliego, develaron la placa de inauguraci\u00f3n del Auditorio Libro Abierto y el Edificio E para laboratorios y talleres, del Centro Universitario UAEM Valle de M\u00e9xico.\" src=\"http:\/\/www.diarioimagen.net\/wp-content\/uploads\/2013\/05\/uaem-2097-240x135.jpg\" width=\"240\" height=\"135\" srcset=\"https:\/\/www.diarioimagen.net\/wp-content\/uploads\/2013\/05\/uaem-2097-240x135.jpg 240w, https:\/\/www.diarioimagen.net\/wp-content\/uploads\/2013\/05\/uaem-2097-420x236.jpg 420w, https:\/\/www.diarioimagen.net\/wp-content\/uploads\/2013\/05\/uaem-2097-235x132.jpg 235w, https:\/\/www.diarioimagen.net\/wp-content\/uploads\/2013\/05\/uaem-2097-202x114.jpg 202w, https:\/\/www.diarioimagen.net\/wp-content\/uploads\/2013\/05\/uaem-2097-350x196.jpg 350w, https:\/\/www.diarioimagen.net\/wp-content\/uploads\/2013\/05\/uaem-2097-220x123.jpg 220w, https:\/\/www.diarioimagen.net\/wp-content\/uploads\/2013\/05\/uaem-2097-237x132.jpg 237w, https:\/\/www.diarioimagen.net\/wp-content\/uploads\/2013\/05\/uaem-2097.jpg 480w\" sizes=\"auto, (max-width: 240px) 100vw, 240px\" \/><\/a><p id=\"caption-attachment-131902\" class=\"wp-caption-text\">El gobernador Eruviel \u00c1vila Villegas y el rector de la Universidad Aut\u00f3noma del Estado de M\u00e9xico (UAEM), Eduardo Gasca Pliego, develaron la placa de inauguraci\u00f3n del Auditorio Libro Abierto y el Edificio E para laboratorios y talleres, del Centro Universitario UAEM Valle de M\u00e9xico.<\/p><\/div>\n<p><strong>Atizap\u00e1n de Zaragoza, Estado de M\u00e9xico<\/strong>.-\u00a0El gobernador Eruviel \u00c1vila Villegas y el rector de la Universidad Aut\u00f3noma del Estado de M\u00e9xico (UAEM), Eduardo Gasca Pliego, inauguraron el\u00a0Auditorio Libro Abierto\u00a0y el\u00a0Edificio E\u00a0para laboratorios y talleres del Centro Universitario UAEM Valle de M\u00e9xico; donde el titular del Ejecutivo ofreci\u00f3 a las autoridades municipales y universitarias, colaborar de manera conjunta para el saneamiento de los terrenos aleda\u00f1os al plantel.<\/p>\n<p>\u201cSe habr\u00e1n de tomar una serie de acciones y tareas medibles por dependencia, para que ustedes tengan la certeza de que, en un futuro, y vamos a tomar acciones r\u00e1pido, tengan mejores condiciones como se lo merecen; no pedimos menos, es lo que merecen y simplemente lo estamos haciendo con entusiasmo y mucho gusto\u201d, precis\u00f3.<\/p>\n<p>Eruviel \u00c1vila anunci\u00f3 que por medio de la instalaci\u00f3n de una mesa de trabajo en la que participen las secretar\u00edas de Educaci\u00f3n, de Medio Ambiente y de Seguridad Ciudadana, as\u00ed como de Protecci\u00f3n Civil, autoridades municipales y universitarias, se prev\u00e9 implementar un plan de trabajo para mantener en condiciones saludables los terrenos aleda\u00f1os al centro escolar, donde eventualmente se tira basura, as\u00ed como el retiro de los veh\u00edculos abandonados para chatarrizarlos y reciclarlos.<\/p>\n<p>\u201cYo ser\u00e9 respetuoso de la autonom\u00eda municipal, de la autonom\u00eda de nuestra universidad, pero eso s\u00ed, voy a velar y voy a hacer todo lo necesario para que tengan mejores condiciones en el entorno, los alumnos, los maestros y la comunidad universitaria\u201d, afirm\u00f3.<\/p>\n<p>Acompa\u00f1ado por el ex gobernador C\u00e9sar Camacho Quiroz, presidente de la Fundaci\u00f3n UAEMEX, Eruviel \u00c1vila reconoci\u00f3 que la universidad cuenta con prestigio nacional e internacional por sus planes de estudio, y destac\u00f3 que alumnos y maestros, acad\u00e9micos y docentes son los que lo han hecho posible.<\/p>\n<p>Junto con el alcalde Pedro Rodr\u00edguez Villegas; el presidente del Patronato de la UAEM en Atizap\u00e1n de Zaragoza, Francisco Javier Barona Mariscal, y el director del Centro Universitario UAEM Valle de M\u00e9xico, Alfonso C\u00e1rdenas Zepeda, el titular del Ejecutivo estatal devel\u00f3 la placa inaugural y realiz\u00f3 un recorrido por las nuevas instalaciones. <b><\/b><\/p>\n<p>&nbsp;<\/p>\n","protected":false},"excerpt":{"rendered":"<p>El gobernador Eruviel \u00c1vila Villegas y el rector de la Universidad Aut\u00f3noma del Estado de M\u00e9xico (UAEM), Eduardo Gasca Pliego, inauguraron el Auditorio Libro Abierto y el Edificio E para laboratorios y talleres del Centro Universitario UAEM Valle de M\u00e9xico; donde el titular del Ejecutivo ofreci\u00f3 a las autoridades municipales y universitarias, colaborar de manera conjunta para el saneamiento de los terrenos aleda\u00f1os al plantel.<\/p>\n","protected":false},"author":3,"featured_media":131902,"comment_status":"open","ping_status":"open","sticky":false,"template":"","format":"standard","meta":{"_monsterinsights_skip_tracking":false,"_monsterinsights_sitenote_active":false,"_monsterinsights_sitenote_note":"","_monsterinsights_sitenote_category":0,"footnotes":""},"categories":[5],"tags":[3561,5828,43675,1490],"class_list":["post-131814","post","type-post","status-publish","format-standard","has-post-thumbnail","hentry","category-estado-de-mexico","tag-atizapan-de-zaragoza","tag-eruviel-avila-villegas","tag-estado-de-mexico","tag-universidad-autonoma-del-estado-de-mexico"],"_links":{"self":[{"href":"https:\/\/www.diarioimagen.net\/index.php?rest_route=\/wp\/v2\/posts\/131814","targetHints":{"allow":["GET"]}}],"collection":[{"href":"https:\/\/www.diarioimagen.net\/index.php?rest_route=\/wp\/v2\/posts"}],"about":[{"href":"https:\/\/www.diarioimagen.net\/index.php?rest_route=\/wp\/v2\/types\/post"}],"author":[{"embeddable":true,"href":"https:\/\/www.diarioimagen.net\/index.php?rest_route=\/wp\/v2\/users\/3"}],"replies":[{"embeddable":true,"href":"https:\/\/www.diarioimagen.net\/index.php?rest_route=%2Fwp%2Fv2%2Fcomments&post=131814"}],"version-history":[{"count":0,"href":"https:\/\/www.diarioimagen.net\/index.php?rest_route=\/wp\/v2\/posts\/131814\/revisions"}],"wp:featuredmedia":[{"embeddable":true,"href":"https:\/\/www.diarioimagen.net\/index.php?rest_route=\/wp\/v2\/media\/131902"}],"wp:attachment":[{"href":"https:\/\/www.diarioimagen.net\/index.php?rest_route=%2Fwp%2Fv2%2Fmedia&parent=131814"}],"wp:term":[{"taxonomy":"category","embeddable":true,"href":"https:\/\/www.diarioimagen.net\/index.php?rest_route=%2Fwp%2Fv2%2Fcategories&post=131814"},{"taxonomy":"post_tag","embeddable":true,"href":"https:\/\/www.diarioimagen.net\/index.php?rest_route=%2Fwp%2Fv2%2Ftags&post=131814"}],"curies":[{"name":"wp","href":"https:\/\/api.w.org\/{rel}","templated":true}]}}