{"id":131818,"date":"2013-05-14T00:02:50","date_gmt":"2013-05-14T05:02:50","guid":{"rendered":"http:\/\/www.diarioimagen.net\/?p=131818"},"modified":"2013-05-15T01:03:46","modified_gmt":"2013-05-15T06:03:46","slug":"obama-seguira-con-la-reforma-migratoria","status":"publish","type":"post","link":"https:\/\/www.diarioimagen.net\/?p=131818","title":{"rendered":"Obama seguir\u00e1 con la reforma migratoria"},"content":{"rendered":"<ul>\n<li><strong><em>Obama seguir\u00e1 con la reforma migratoria<\/em><\/strong><\/li>\n<\/ul>\n<p><span style=\"text-decoration: underline;\">\u00a0<\/span><\/p>\n<div id=\"attachment_131874\" style=\"width: 250px\" class=\"wp-caption alignleft\"><a href=\"http:\/\/www.diarioimagen.net\/wp-content\/uploads\/2013\/05\/Obama-2097.jpg\"><img loading=\"lazy\" decoding=\"async\" aria-describedby=\"caption-attachment-131874\" class=\"size-medium wp-image-131874\" alt=\"El presidente de los Estados Unidos, Barack Obama, anunci\u00f3 que continuar\u00e1 insistiendo en la reforma migratoria,\" src=\"http:\/\/www.diarioimagen.net\/wp-content\/uploads\/2013\/05\/Obama-2097-240x135.jpg\" width=\"240\" height=\"135\" srcset=\"https:\/\/www.diarioimagen.net\/wp-content\/uploads\/2013\/05\/Obama-2097-240x135.jpg 240w, https:\/\/www.diarioimagen.net\/wp-content\/uploads\/2013\/05\/Obama-2097-420x236.jpg 420w, https:\/\/www.diarioimagen.net\/wp-content\/uploads\/2013\/05\/Obama-2097-235x132.jpg 235w, https:\/\/www.diarioimagen.net\/wp-content\/uploads\/2013\/05\/Obama-2097-202x114.jpg 202w, https:\/\/www.diarioimagen.net\/wp-content\/uploads\/2013\/05\/Obama-2097-350x196.jpg 350w, https:\/\/www.diarioimagen.net\/wp-content\/uploads\/2013\/05\/Obama-2097-220x123.jpg 220w, https:\/\/www.diarioimagen.net\/wp-content\/uploads\/2013\/05\/Obama-2097-237x132.jpg 237w, https:\/\/www.diarioimagen.net\/wp-content\/uploads\/2013\/05\/Obama-2097.jpg 480w\" sizes=\"auto, (max-width: 240px) 100vw, 240px\" \/><\/a><p id=\"caption-attachment-131874\" class=\"wp-caption-text\">El presidente de los Estados Unidos, Barack Obama, anunci\u00f3 que continuar\u00e1 insistiendo en la reforma migratoria,<\/p><\/div>\n<p><strong>Washington, DC.<\/strong>&#8211; El presidente de Estados Unidos, Barack Obama, \u201ccontinuar\u00e1 centr\u00e1ndose\u201d en las prioridades de su segundo mandato, como la reforma migratoria y el fortalecimiento de la clase media, pese a nuevos ataques de los republicanos que han puesto a su gobierno a la defensiva, indic\u00f3 ayer la Casa Blanca.<\/p>\n<p>\u201cEl pueblo estadounidense quiere que Washington se centre en los asuntos que m\u00e1s les importa y, en general, eso significa centrarse en hacer crecer la econom\u00eda para que se creen empleos, el fortalecimiento de la clase media\u201d y la expansi\u00f3n de oportunidades, dijo el portavoz de la Casa Blanca, Jay Carney.<\/p>\n<p>\u201cEso es en lo que el presidente (Obama) continuar\u00e1 centr\u00e1ndose\u201d, agreg\u00f3 Carney, en declaraciones a los periodistas que acompa\u00f1an al mandatario en una breve visita a Nueva York para tres actos de recaudaci\u00f3n de fondos.<\/p>\n<p>Obama \u201ccontinuar\u00e1 centr\u00e1ndose en aquellas cosas en las que est\u00e1 trabajando con el Congreso, como una reforma migratoria integral. Y continuar\u00e1 centr\u00e1ndose en las acciones que pueda tomar, usando su autoridad ejecutiva para presionar por una amplia gama de asuntos que apuntan a esa estrella polar, que es una creciente y vibrante clase media\u201d, enfatiz\u00f3 Carney.<\/p>\n<p>&nbsp;<\/p>\n","protected":false},"excerpt":{"rendered":"<p>El presidente de Estados Unidos, Barack Obama, \u201ccontinuar\u00e1 centr\u00e1ndose\u201d en las prioridades de su segundo mandato, como la reforma migratoria y el fortalecimiento de la clase media, pese a nuevos ataques de los republicanos que han puesto a su gobierno a la defensiva, indic\u00f3 ayer la Casa Blanca.<\/p>\n","protected":false},"author":3,"featured_media":131874,"comment_status":"open","ping_status":"open","sticky":false,"template":"","format":"standard","meta":{"_monsterinsights_skip_tracking":false,"_monsterinsights_sitenote_active":false,"_monsterinsights_sitenote_note":"","_monsterinsights_sitenote_category":0,"footnotes":""},"categories":[17,9],"tags":[1754,909,10999,43679,336],"class_list":["post-131818","post","type-post","status-publish","format-standard","has-post-thumbnail","hentry","category-especiales","category-mundo","tag-barack-obama","tag-casa-blanca","tag-dc","tag-mundo","tag-washington"],"_links":{"self":[{"href":"https:\/\/www.diarioimagen.net\/index.php?rest_route=\/wp\/v2\/posts\/131818","targetHints":{"allow":["GET"]}}],"collection":[{"href":"https:\/\/www.diarioimagen.net\/index.php?rest_route=\/wp\/v2\/posts"}],"about":[{"href":"https:\/\/www.diarioimagen.net\/index.php?rest_route=\/wp\/v2\/types\/post"}],"author":[{"embeddable":true,"href":"https:\/\/www.diarioimagen.net\/index.php?rest_route=\/wp\/v2\/users\/3"}],"replies":[{"embeddable":true,"href":"https:\/\/www.diarioimagen.net\/index.php?rest_route=%2Fwp%2Fv2%2Fcomments&post=131818"}],"version-history":[{"count":0,"href":"https:\/\/www.diarioimagen.net\/index.php?rest_route=\/wp\/v2\/posts\/131818\/revisions"}],"wp:featuredmedia":[{"embeddable":true,"href":"https:\/\/www.diarioimagen.net\/index.php?rest_route=\/wp\/v2\/media\/131874"}],"wp:attachment":[{"href":"https:\/\/www.diarioimagen.net\/index.php?rest_route=%2Fwp%2Fv2%2Fmedia&parent=131818"}],"wp:term":[{"taxonomy":"category","embeddable":true,"href":"https:\/\/www.diarioimagen.net\/index.php?rest_route=%2Fwp%2Fv2%2Fcategories&post=131818"},{"taxonomy":"post_tag","embeddable":true,"href":"https:\/\/www.diarioimagen.net\/index.php?rest_route=%2Fwp%2Fv2%2Ftags&post=131818"}],"curies":[{"name":"wp","href":"https:\/\/api.w.org\/{rel}","templated":true}]}}