{"id":131823,"date":"2013-05-14T00:08:14","date_gmt":"2013-05-14T05:08:14","guid":{"rendered":"http:\/\/www.diarioimagen.net\/?p=131823"},"modified":"2013-05-14T03:28:13","modified_gmt":"2013-05-14T08:28:13","slug":"cesar-gomez-inicia-la-semana-nacional-de-salud-en-edomex","status":"publish","type":"post","link":"https:\/\/www.diarioimagen.net\/?p=131823","title":{"rendered":"C\u00e9sar G\u00f3mez inicia la Semana Nacional de Salud en Edomex"},"content":{"rendered":"<ul>\n<li><strong><em>El titular de la Secretar\u00eda de Salud mexiquense se\u00f1ala que el objetivo es reducir el \u00edndice de enfermedades entre la ciudadan\u00eda<\/em><\/strong><\/li>\n<\/ul>\n<div id=\"attachment_131906\" style=\"width: 250px\" class=\"wp-caption alignleft\"><a href=\"http:\/\/www.diarioimagen.net\/wp-content\/uploads\/2013\/05\/salud-edomex-2097.jpg\"><img loading=\"lazy\" decoding=\"async\" aria-describedby=\"caption-attachment-131906\" class=\"size-medium wp-image-131906\" alt=\"El secretario mexiquense de Salud, C\u00e9sar G\u00f3mez Monge, arranc\u00f3 la Segunda Semana Nacionalde Salud.\" src=\"http:\/\/www.diarioimagen.net\/wp-content\/uploads\/2013\/05\/salud-edomex-2097-240x135.jpg\" width=\"240\" height=\"135\" srcset=\"https:\/\/www.diarioimagen.net\/wp-content\/uploads\/2013\/05\/salud-edomex-2097-240x135.jpg 240w, https:\/\/www.diarioimagen.net\/wp-content\/uploads\/2013\/05\/salud-edomex-2097-420x236.jpg 420w, https:\/\/www.diarioimagen.net\/wp-content\/uploads\/2013\/05\/salud-edomex-2097-235x132.jpg 235w, https:\/\/www.diarioimagen.net\/wp-content\/uploads\/2013\/05\/salud-edomex-2097-202x114.jpg 202w, https:\/\/www.diarioimagen.net\/wp-content\/uploads\/2013\/05\/salud-edomex-2097-350x196.jpg 350w, https:\/\/www.diarioimagen.net\/wp-content\/uploads\/2013\/05\/salud-edomex-2097-220x123.jpg 220w, https:\/\/www.diarioimagen.net\/wp-content\/uploads\/2013\/05\/salud-edomex-2097-237x132.jpg 237w, https:\/\/www.diarioimagen.net\/wp-content\/uploads\/2013\/05\/salud-edomex-2097.jpg 480w\" sizes=\"auto, (max-width: 240px) 100vw, 240px\" \/><\/a><p id=\"caption-attachment-131906\" class=\"wp-caption-text\">El secretario mexiquense de Salud, C\u00e9sar G\u00f3mez Monge, arranc\u00f3 la Segunda Semana Nacionalde Salud.<\/p><\/div>\n<p><strong>San Jos\u00e9 del Rinc\u00f3n, Estado de M\u00e9xico<\/strong>.- Mantener el control y la eliminaci\u00f3n de la poliomielitis en territorio estatal, \u00a0as\u00ed como reducir de manera significativa los \u00edndices de mortalidad infantil en menores de 5 a\u00f1os por enfermedades diarreicas y respiratorias agudas y la mortandad en mayores de 65 a\u00f1os, es el objetivo de la Segunda Semana Nacional de Salud, as\u00ed lo manifest\u00f3 el secretario del ramo, C\u00e9sar G\u00f3mez Monge, al poner en marcha las acciones correspondientes.<\/p>\n<p>Al reunirse con habitantes de San Jos\u00e9 del Rinc\u00f3n, cuna de la cultura mazahua, el funcionario estatal -quien aplic\u00f3 una dosis de manera simb\u00f3lica-, explic\u00f3 que durante la Jornada de Salud se suministrar\u00e1n, en los 125 municipios de la entidad, refuerzos de todas las vacunas para complementar los esquemas de inmunizaci\u00f3n en los menores de 5 a\u00f1os, mujeres en edad f\u00e9rtil y grupos poblacionales espec\u00edficos.<\/p>\n<p>\u201cDurante esta Semana Nacional de Salud se aplicar\u00e1 la segunda dosis de la vacuna del Virus del Papiloma Humano a todas las ni\u00f1as que ya recibieron una inmunizaci\u00f3n previa, de igual forma se promueve la desparasitaci\u00f3n con albendazol, la administraci\u00f3n de vitamina A, distribuci\u00f3n de sales hidratantes y se proporciona informaci\u00f3n a las madres o responsables de ni\u00f1os menores para la prevenci\u00f3n de enfermedades infecciosas\u201d, expres\u00f3.<\/p>\n<p>De esta manera se llevar\u00e1n a cabo un total de 9 millones 700 mil 259 acciones de salud p\u00fablica en todo el Estado de M\u00e9xico, de las cuales: 2 millones 34 mil 659 corresponden a la aplicaci\u00f3n de vacunas y 7 millones 665 mil 600 a tareas como administraci\u00f3n de \u00e1cido f\u00f3lico, vitaminas y minerales, distribuci\u00f3n de sobres vida suero oral y mensajes sobre infecciones respiratorias aguadas, enfermedades diarreicas y t\u00e9tanos neonatal.<\/p>\n<p>En Santa Cruz del Rinc\u00f3n, C\u00e9sar G\u00f3mez Monge inaugur\u00f3 la Magna Feria Interinstitucional de Salud y Asistencia Social en la que se instalaron m\u00f3dulos de atenci\u00f3n y asesor\u00edas de nutrici\u00f3n, prevenci\u00f3n de las adiciones, salud bucal, odontolog\u00eda, ultrasonidos, mastograf\u00edas, cuidados del embarazo, vacunaci\u00f3n, oftalmolog\u00eda, Seguro Popular, atenci\u00f3n a la mujer, registro civil, talleres infantiles y detecci\u00f3n de enfermedades, adem\u00e1s de entregar diversos apoyos consistentes en sillas de ruedas, auxiliares auditivos, lentes, bastones y andaderas.<\/p>\n<p>Ah\u00ed, a petici\u00f3n del alcalde Sergio Alonso Velasco Gonz\u00e1lez, el funcionario estatal adelant\u00f3 que se agilizar\u00e1n los tr\u00e1mites para que 10 Centros de Salud obtengan a la brevedad su clave CLUE (Clave \u00danica de Establecimientos de Salud) y se sumen a los 33 ya existen en San Jos\u00e9 del Rinc\u00f3n. Asimismo, dijo, se realizar\u00e1n trabajos de rehabilitaci\u00f3n en las cl\u00ednicas y donde sea necesario se contratar\u00e1n m\u00e9dicos de 24 horas y especialistas para atender la demanda de la poblaci\u00f3n.<\/p>\n<p>&nbsp;<\/p>\n","protected":false},"excerpt":{"rendered":"<p>Mantener el control y la eliminaci\u00f3n de la poliomielitis en territorio estatal,  as\u00ed como reducir de manera significativa los \u00edndices de mortalidad infantil en menores de 5 a\u00f1os por enfermedades diarreicas y respiratorias agudas y la mortandad en mayores de 65 a\u00f1os, es el objetivo de la Segunda Semana Nacional de Salud, as\u00ed lo manifest\u00f3 el secretario del ramo, C\u00e9sar G\u00f3mez Monge, al poner en marcha las acciones correspondientes.<\/p>\n","protected":false},"author":3,"featured_media":131906,"comment_status":"open","ping_status":"open","sticky":false,"template":"","format":"standard","meta":{"_monsterinsights_skip_tracking":false,"_monsterinsights_sitenote_active":false,"_monsterinsights_sitenote_note":"","_monsterinsights_sitenote_category":0,"footnotes":""},"categories":[5],"tags":[43675,10308,26255],"class_list":["post-131823","post","type-post","status-publish","format-standard","has-post-thumbnail","hentry","category-estado-de-mexico","tag-estado-de-mexico","tag-san-jose-del-rincon","tag-semana-nacional-de-salud"],"_links":{"self":[{"href":"https:\/\/www.diarioimagen.net\/index.php?rest_route=\/wp\/v2\/posts\/131823","targetHints":{"allow":["GET"]}}],"collection":[{"href":"https:\/\/www.diarioimagen.net\/index.php?rest_route=\/wp\/v2\/posts"}],"about":[{"href":"https:\/\/www.diarioimagen.net\/index.php?rest_route=\/wp\/v2\/types\/post"}],"author":[{"embeddable":true,"href":"https:\/\/www.diarioimagen.net\/index.php?rest_route=\/wp\/v2\/users\/3"}],"replies":[{"embeddable":true,"href":"https:\/\/www.diarioimagen.net\/index.php?rest_route=%2Fwp%2Fv2%2Fcomments&post=131823"}],"version-history":[{"count":0,"href":"https:\/\/www.diarioimagen.net\/index.php?rest_route=\/wp\/v2\/posts\/131823\/revisions"}],"wp:featuredmedia":[{"embeddable":true,"href":"https:\/\/www.diarioimagen.net\/index.php?rest_route=\/wp\/v2\/media\/131906"}],"wp:attachment":[{"href":"https:\/\/www.diarioimagen.net\/index.php?rest_route=%2Fwp%2Fv2%2Fmedia&parent=131823"}],"wp:term":[{"taxonomy":"category","embeddable":true,"href":"https:\/\/www.diarioimagen.net\/index.php?rest_route=%2Fwp%2Fv2%2Fcategories&post=131823"},{"taxonomy":"post_tag","embeddable":true,"href":"https:\/\/www.diarioimagen.net\/index.php?rest_route=%2Fwp%2Fv2%2Ftags&post=131823"}],"curies":[{"name":"wp","href":"https:\/\/api.w.org\/{rel}","templated":true}]}}