{"id":131866,"date":"2013-05-14T00:05:42","date_gmt":"2013-05-14T05:05:42","guid":{"rendered":"http:\/\/www.diarioimagen.net\/?p=131866"},"modified":"2013-05-14T23:51:10","modified_gmt":"2013-05-15T04:51:10","slug":"magisterio-amenazante","status":"publish","type":"post","link":"https:\/\/www.diarioimagen.net\/?p=131866","title":{"rendered":"Magisterio amenazante"},"content":{"rendered":"<h2>De frente y de perfil<\/h2>\n<h5>Ram\u00f3n Zurita Sahag\u00fan<\/h5>\n<p><span><br \/>\nConforme se acerca el D\u00eda del Maestro (15 de mayo) crecen las presiones por parte de los dirigentes de la Coordinadora Nacional de Trabajadores de la Educaci\u00f3n y amagan con una megamarcha en la capital del pa\u00eds.<\/span><\/p>\n<p>Los militantes de la CNTE saben que sus presiones s\u00ed funcionan y que un manto de impunidad los cubre sobre sus actos vand\u00e1licos y porriles no les acarrean consecuencias de ninguna clase.<\/p>\n<p>Tradicionalmente, el D\u00eda del Maestro, el gobierno federal anuncia un incremento salarial, que se aplica, indistintamente, a los miembros del Sindicato Nacional de Trabajadores de la Educaci\u00f3n y a los que forman parte de la Coordinadora Nacional de Trabajadores de la Educaci\u00f3n. Los dos reciben por igual ese aumento, as\u00ed como el incremento en prestaciones y otros est\u00edmulos m\u00e1s.<\/p>\n<p>Durante muchos a\u00f1os, principalmente a finales de la d\u00e9cada de los ochenta y principios de los noventa, el magisterio presionaba mediante marchas y plantones de varios d\u00edas, previo al D\u00eda del Maestro, para que el aumento fuese satisfactorio o cuando menos sustancioso. Las calles de la capital del pa\u00eds se volv\u00edan un caos por las marchas, mientras que las secretar\u00edas de Educaci\u00f3n P\u00fablica y de Gobernaci\u00f3n eran bloqueadas por los manifestantes.<\/p>\n<p>Ese tipo de acciones siempre obten\u00edan buenas recompensas, principalmente para los dirigentes que cumpl\u00edan con su cometido en forma diligente. Sin embargo, en esta ocasi\u00f3n, las presiones son de otro tipo, aunque sin dejar de lado la del incremento salarial.<\/p>\n<p>Los miembros de la CNTE planean una megamarcha para conmemorar su d\u00eda, el pr\u00f3ximo mi\u00e9rcoles y dejar constancia de que siguen en pie de lucha para bloquear la aprobada reforma educativa o cuando menos, modificar algunos de sus contenidos. En plant\u00f3n permanente en el Z\u00f3calo de la ciudad de M\u00e9xico, los maestros traer\u00edan refuerzos de los estados en los que son mayor\u00eda y donde se han dado una serie de hechos violentos que dejan muestra de su proceder.<\/p>\n<p>Los maestros de la CNTE con mayor\u00eda en los estados de Guerrero, Oaxaca, Michoac\u00e1n y Chiapas que, por coincidencia, son de las entidades m\u00e1s atrasadas del pa\u00eds en cuestiones educativas y donde el rezago en todos los aspectos es sorprendente.<\/p>\n<p>Pero los maestros de la CNTE no se restringir\u00e1n a su manifestaci\u00f3n y marcha en el Distrito Federal, aunque concentrar\u00e1n unos 20 mil miembros de su grupo en la capital del pa\u00eds, ya que tambi\u00e9n lo har\u00e1n en las capitales de los distintos estados en que tienen presencia. El amago de la megamanifestaci\u00f3n est\u00e1 presente, aunque dejan abierta la puerta para sostener conversaciones con autoridades de las secretar\u00edas de Gobernaci\u00f3n y de Educaci\u00f3n P\u00fablica.<\/p>\n<p>Para los habitantes de la capital del pa\u00eds, el riesgo es grande, ya que los destrozos, lapidaciones, incendios y otras situaciones absurdas provocados por algunos miembros de la CNTE en su lugar de origen se mantiene latente y amenaza con propagarse en la ciudad de M\u00e9xico.<\/p>\n<p>Y es que los maestros de la CNTE se han convertido en los villanos de la historia que conlleva la reforma educativa, ya que sus hom\u00f3logos del SNTE se mantienen al margen de estos eventos.<\/p>\n<p>Ser\u00e1 la primera ocasi\u00f3n en m\u00e1s de dos d\u00e9cadas que los festejos del 15 de mayo no ser\u00e1n encabezados por la que fuese su lideresa eterna, Elba Esther Gordillo Morales, quien se encuentra en prisi\u00f3n, a la espera de ser juzgada por diversos delitos. Los tiempos han cambiado y de la prepotencia y soberbia de su anterior dirigente nacional que hab\u00eda tomado el cariz de vitalicia, el actual dirigente del SNTE muestra una posici\u00f3n diferente, manteni\u00e9ndose alejado de los medios y de los reflectores.<\/p>\n<p>Por estos antecedentes, el D\u00eda del Maestro adquiere notoriedad y habr\u00e1 que estar pendientes de lo que suceda en esa fecha.<\/p>\n<p align=\"center\"><b>PROBLEMAS PARA GALI<\/b><\/p>\n<p>\u00a0Antonio (Tony) Gali Fayad salt\u00f3 como candidato del PAN y de la coalici\u00f3n conformada con Nueva Alianza y el Partido de la Revoluci\u00f3n Democr\u00e1tica, como un aspirante s\u00f3lido a la presidencia municipal de Puebla.<\/p>\n<p>Siendo un pr\u00f3spero empresario perteneciente a la comunidad libanesa, boyante econ\u00f3micamente y situado como uno de los principales funcionarios de la administraci\u00f3n p\u00fablica estatal (secretario de Infraestructura), se posicion\u00f3 de inmediato en el \u00e1nimo ciudadano.<\/p>\n<p>Gali Fayad es reconocido como el propietario de una de las mejores y m\u00e1s ostentosas casas del estado, misma que ha merecido reconocimiento a nivel internacional. Pero con lo que no se contaba es que el desconocimiento de la actividad pol\u00edtica, aunado a una gran \u00a0soberbia, le traer\u00eda un pronto desencuentro con los potenciales votantes. La prepotencia que mostr\u00f3 en su encuentro con universitarios ya le provoc\u00f3 problemas entre los electores. Por eso, la ex diputada federal panista Violeta Lagunes Viveros, pidi\u00f3 al candidato de su partido ofrecer una disculpa p\u00fablica a los alumnos de la UDLA por el suceso de la semana pasada. La panista aprovech\u00f3 tambi\u00e9n para pedirle a Gali Fayad asesorarse de verdaderos panistas para evitar futuros altercados.<\/p>\n<p>Y es que el candidato de la alianza integrada por PAN, PRD, Panal, al ayuntamiento de Puebla no trae conforme a la militancia panista en su campa\u00f1a, muchos de los cuales mostraron molestia por su designaci\u00f3n como candidato, por considerarlo ajeno.<\/p>\n<p align=\"center\"><b>\u00a0\u00bfY APOLO ALFA?<\/b><\/p>\n<p>\u00a0Varios d\u00edas despu\u00e9s de ocurrido el accidente del Porsche que conduc\u00eda Dalia Ortega de la Vega, se sabe que est\u00e1 detenida, que la persona atropellada por ella tiene muerte cerebral, pero del llamado Apolo Alfa no se sabe nada.<\/p>\n<p>La clave s\u00ed existe dentro de la corporaci\u00f3n polic\u00edaca, aunque se desconoce el porqu\u00e9 Dalia sab\u00eda de ella. Tampoco se conoce el nombre del due\u00f1o del auto, del que dijo era un alto funcionario de la Comisi\u00f3n Federal de Electricidad.<\/p>\n<p>\u00bfSe mantendr\u00e1 el misterio para cubrir esos nombres y su relaci\u00f3n con la conductora?<\/p>\n<p><em><a href=\"mailto:ramonzurita44@hotmail.com\" target=\"_blank\"><em>ramonzurita44@hotmail.com<br \/>\n<\/em><\/a><\/em><em><a href=\"mailto:zurita_sahagun@hotmail.com\" target=\"_blank\">zurita_sahagun@hotmail.com<\/a><\/em><\/p>\n","protected":false},"excerpt":{"rendered":"<p><span style=\"color: #005497;\"><strong>Ram\u00f3n Zurita Sahag\u00fan<\/strong><\/span><\/p>\n","protected":false},"author":3,"featured_media":0,"comment_status":"open","ping_status":"open","sticky":false,"template":"","format":"standard","meta":{"_monsterinsights_skip_tracking":false,"_monsterinsights_sitenote_active":false,"_monsterinsights_sitenote_note":"","_monsterinsights_sitenote_category":0,"footnotes":""},"categories":[234],"tags":[7473,7472,304,6920,43674,43687],"class_list":["post-131866","post","type-post","status-publish","format-standard","hentry","category-ramon-zurita-sahagun","tag-cnte","tag-coordinadora-nacional-de-trabajadores-de-la-educacion","tag-de-frente-y-de-perfil","tag-dia-del-maestro","tag-opinion","tag-ramon-zurita-sahagun"],"_links":{"self":[{"href":"https:\/\/www.diarioimagen.net\/index.php?rest_route=\/wp\/v2\/posts\/131866","targetHints":{"allow":["GET"]}}],"collection":[{"href":"https:\/\/www.diarioimagen.net\/index.php?rest_route=\/wp\/v2\/posts"}],"about":[{"href":"https:\/\/www.diarioimagen.net\/index.php?rest_route=\/wp\/v2\/types\/post"}],"author":[{"embeddable":true,"href":"https:\/\/www.diarioimagen.net\/index.php?rest_route=\/wp\/v2\/users\/3"}],"replies":[{"embeddable":true,"href":"https:\/\/www.diarioimagen.net\/index.php?rest_route=%2Fwp%2Fv2%2Fcomments&post=131866"}],"version-history":[{"count":0,"href":"https:\/\/www.diarioimagen.net\/index.php?rest_route=\/wp\/v2\/posts\/131866\/revisions"}],"wp:attachment":[{"href":"https:\/\/www.diarioimagen.net\/index.php?rest_route=%2Fwp%2Fv2%2Fmedia&parent=131866"}],"wp:term":[{"taxonomy":"category","embeddable":true,"href":"https:\/\/www.diarioimagen.net\/index.php?rest_route=%2Fwp%2Fv2%2Fcategories&post=131866"},{"taxonomy":"post_tag","embeddable":true,"href":"https:\/\/www.diarioimagen.net\/index.php?rest_route=%2Fwp%2Fv2%2Ftags&post=131866"}],"curies":[{"name":"wp","href":"https:\/\/api.w.org\/{rel}","templated":true}]}}