{"id":131965,"date":"2013-05-15T00:13:52","date_gmt":"2013-05-15T05:13:52","guid":{"rendered":"http:\/\/www.diarioimagen.net\/?p=131965"},"modified":"2013-05-16T05:13:22","modified_gmt":"2013-05-16T10:13:22","slug":"edomex-combatira-con-rigor-a-gaseras-pirata-anuncia-eruviel-avila","status":"publish","type":"post","link":"https:\/\/www.diarioimagen.net\/?p=131965","title":{"rendered":"Edomex combatir\u00e1 con rigor a gaseras pirata, anuncia Eruviel \u00c1vila"},"content":{"rendered":"<h2>Arco Norte<\/h2>\n<h5>Jos\u00e9 Luis Monta\u00f1ez Aguilar<\/h5>\n<p><span>\u00a0<\/span><\/p>\n<div id=\"attachment_132078\" style=\"width: 250px\" class=\"wp-caption alignleft\"><a href=\"http:\/\/www.diarioimagen.net\/wp-content\/uploads\/2013\/05\/eruviel-1-2098.jpg\"><img loading=\"lazy\" decoding=\"async\" aria-describedby=\"caption-attachment-132078\" class=\"size-medium wp-image-132078\" alt=\"El gobernador mexiquense, Eruviel \u00c1vila Villegas.\" src=\"http:\/\/www.diarioimagen.net\/wp-content\/uploads\/2013\/05\/eruviel-1-2098-240x135.jpg\" width=\"240\" height=\"135\" srcset=\"https:\/\/www.diarioimagen.net\/wp-content\/uploads\/2013\/05\/eruviel-1-2098-240x135.jpg 240w, https:\/\/www.diarioimagen.net\/wp-content\/uploads\/2013\/05\/eruviel-1-2098-420x236.jpg 420w, https:\/\/www.diarioimagen.net\/wp-content\/uploads\/2013\/05\/eruviel-1-2098-235x132.jpg 235w, https:\/\/www.diarioimagen.net\/wp-content\/uploads\/2013\/05\/eruviel-1-2098-202x114.jpg 202w, https:\/\/www.diarioimagen.net\/wp-content\/uploads\/2013\/05\/eruviel-1-2098-350x196.jpg 350w, https:\/\/www.diarioimagen.net\/wp-content\/uploads\/2013\/05\/eruviel-1-2098-220x123.jpg 220w, https:\/\/www.diarioimagen.net\/wp-content\/uploads\/2013\/05\/eruviel-1-2098-237x132.jpg 237w, https:\/\/www.diarioimagen.net\/wp-content\/uploads\/2013\/05\/eruviel-1-2098.jpg 480w\" sizes=\"auto, (max-width: 240px) 100vw, 240px\" \/><\/a><p id=\"caption-attachment-132078\" class=\"wp-caption-text\">El gobernador mexiquense, Eruviel \u00c1vila Villegas.<\/p><\/div>\n<p><span>Para velar por la seguridad de los mexiquenses, el gobierno del Estado de M\u00e9xico combatir\u00e1 con todo el peso de la ley a las gaseras <i>pirata<\/i> y se realizar\u00e1n auditor\u00edas a las distribuidoras del combustible, para evitar tragedias como la ocurrida en San pedro Xalostoc, en el municipio de Ecatepec, afirm\u00f3 el gobernador Eruviel \u00c1vila Villegas. \u201cHabl\u00e9 con el secretario de Energ\u00eda, Pedro Joaqu\u00edn Coldwell y ya nos pusimos de acuerdo para fortalecer\u00a0 los operativos e identificar a distribuidores de gas que no cumplen con las normas y que existen en diferentes regiones, por lo que con el concurso de las autoridades municipales, estatales y federales, habremos de combatirlos\u201d expres\u00f3. El mandatario mexiquense se\u00f1ala que la dependencia federal ha ofrecido todo el apoyo para combatir a los malos distribuidores del energ\u00e9tico. Afirma que as\u00ed como hay empresas gaseras muy serias y profesionales, hay otras que act\u00faan irresponsablemente, por lo que se proceder\u00e1 con ellas con todo el rigor de la ley.<\/span><\/p>\n<p align=\"center\"><b>Edomex, DF y Conagua firman protocolo contra inundaciones<\/b><\/p>\n<p>Con el objetivo de prevenir inundaciones que afectan el patrimonio de las familias que viven en el Estado de M\u00e9xico y en el Distrito Federal, el gobernador Eruviel \u00c1vila Villegas junto con David Korenfeld Federman, director general de la Comisi\u00f3n Nacional del Agua (Conagua) y Miguel \u00c1ngel Mancera Espinosa, jefe de gobierno del Distrito Federal, atestiguaron la firma del Protocolo de Operaci\u00f3n Conjunta para la Temporada de Lluvia 2013 del Sistema Hidrol\u00f3gico del Valle de M\u00e9xico, que rubicaron los titulares del Agua de ambas entidades y del Organismo de Cuenca Aguas del Valle de M\u00e9xico. \u201cEste es un d\u00eda muy importante, porque estamos sentando las bases estos dos niveles de gobierno y estamos haciendo compromisos muy espec\u00edficos, a trav\u00e9s de este protocolo para proteger a la ciudadan\u00eda, evitar inundaciones que puedan, eventualmente, afectar su patrimonio, su persona, su integridad\u201d, indic\u00f3 el gobernador Eruviel \u00c1vila Villegas.<\/p>\n<p><em><a href=\"mailto:montanezaguilar@gmail.com\" target=\"_blank\">montanezaguilar@gmail.com<\/a><\/em><\/p>\n","protected":false},"excerpt":{"rendered":"<p><span style=\"color: #005497;\"><strong>Jos\u00e9 Luis Monta\u00f1ez Aguilar<\/strong><\/span><br \/>\n<br \/>\nPara velar por la seguridad de los mexiquenses, el gobierno del Estado<\/p>\n","protected":false},"author":3,"featured_media":132078,"comment_status":"open","ping_status":"open","sticky":false,"template":"","format":"standard","meta":{"_monsterinsights_skip_tracking":false,"_monsterinsights_sitenote_active":false,"_monsterinsights_sitenote_note":"","_monsterinsights_sitenote_category":0,"footnotes":""},"categories":[5],"tags":[13284,5828,43675,43704,43674],"class_list":["post-131965","post","type-post","status-publish","format-standard","has-post-thumbnail","hentry","category-estado-de-mexico","tag-arco-norte","tag-eruviel-avila-villegas","tag-estado-de-mexico","tag-jose-luis-montanez-aguilar","tag-opinion"],"_links":{"self":[{"href":"https:\/\/www.diarioimagen.net\/index.php?rest_route=\/wp\/v2\/posts\/131965","targetHints":{"allow":["GET"]}}],"collection":[{"href":"https:\/\/www.diarioimagen.net\/index.php?rest_route=\/wp\/v2\/posts"}],"about":[{"href":"https:\/\/www.diarioimagen.net\/index.php?rest_route=\/wp\/v2\/types\/post"}],"author":[{"embeddable":true,"href":"https:\/\/www.diarioimagen.net\/index.php?rest_route=\/wp\/v2\/users\/3"}],"replies":[{"embeddable":true,"href":"https:\/\/www.diarioimagen.net\/index.php?rest_route=%2Fwp%2Fv2%2Fcomments&post=131965"}],"version-history":[{"count":0,"href":"https:\/\/www.diarioimagen.net\/index.php?rest_route=\/wp\/v2\/posts\/131965\/revisions"}],"wp:featuredmedia":[{"embeddable":true,"href":"https:\/\/www.diarioimagen.net\/index.php?rest_route=\/wp\/v2\/media\/132078"}],"wp:attachment":[{"href":"https:\/\/www.diarioimagen.net\/index.php?rest_route=%2Fwp%2Fv2%2Fmedia&parent=131965"}],"wp:term":[{"taxonomy":"category","embeddable":true,"href":"https:\/\/www.diarioimagen.net\/index.php?rest_route=%2Fwp%2Fv2%2Fcategories&post=131965"},{"taxonomy":"post_tag","embeddable":true,"href":"https:\/\/www.diarioimagen.net\/index.php?rest_route=%2Fwp%2Fv2%2Ftags&post=131965"}],"curies":[{"name":"wp","href":"https:\/\/api.w.org\/{rel}","templated":true}]}}