{"id":132137,"date":"2013-05-16T00:08:29","date_gmt":"2013-05-16T05:08:29","guid":{"rendered":"http:\/\/www.diarioimagen.net\/?p=132137"},"modified":"2013-05-16T02:59:35","modified_gmt":"2013-05-16T07:59:35","slug":"rector-de-la-uaem-festeja-a-los-docentes","status":"publish","type":"post","link":"https:\/\/www.diarioimagen.net\/?p=132137","title":{"rendered":"Rector de la UAEM festeja a los docentes"},"content":{"rendered":"<ul>\n<li><strong><em>Jorge Olvera Garc\u00eda afirma que los profesores son detonadores de la redenci\u00f3n colectiva, al formar hombres con valores humanistas<\/em><\/strong><\/li>\n<\/ul>\n<div id=\"attachment_132182\" style=\"width: 250px\" class=\"wp-caption alignleft\"><a href=\"http:\/\/www.diarioimagen.net\/wp-content\/uploads\/2013\/05\/UAEM-2099.jpg\"><img loading=\"lazy\" decoding=\"async\" aria-describedby=\"caption-attachment-132182\" class=\"size-medium wp-image-132182\" alt=\"El rector de la UAEM, Jorge Olvera Garc\u00eda, encabez\u00f3 la tradicional ceremonia conmemorativa del D\u00eda del Maestro.\" src=\"http:\/\/www.diarioimagen.net\/wp-content\/uploads\/2013\/05\/UAEM-2099-240x135.jpg\" width=\"240\" height=\"135\" srcset=\"https:\/\/www.diarioimagen.net\/wp-content\/uploads\/2013\/05\/UAEM-2099-240x135.jpg 240w, https:\/\/www.diarioimagen.net\/wp-content\/uploads\/2013\/05\/UAEM-2099-420x236.jpg 420w, https:\/\/www.diarioimagen.net\/wp-content\/uploads\/2013\/05\/UAEM-2099-235x132.jpg 235w, https:\/\/www.diarioimagen.net\/wp-content\/uploads\/2013\/05\/UAEM-2099-202x114.jpg 202w, https:\/\/www.diarioimagen.net\/wp-content\/uploads\/2013\/05\/UAEM-2099-350x196.jpg 350w, https:\/\/www.diarioimagen.net\/wp-content\/uploads\/2013\/05\/UAEM-2099-220x123.jpg 220w, https:\/\/www.diarioimagen.net\/wp-content\/uploads\/2013\/05\/UAEM-2099-237x132.jpg 237w, https:\/\/www.diarioimagen.net\/wp-content\/uploads\/2013\/05\/UAEM-2099.jpg 480w\" sizes=\"auto, (max-width: 240px) 100vw, 240px\" \/><\/a><p id=\"caption-attachment-132182\" class=\"wp-caption-text\">El rector de la UAEM, Jorge Olvera Garc\u00eda, encabez\u00f3 la tradicional ceremonia conmemorativa del D\u00eda del Maestro.<\/p><\/div>\n<p><strong>Toluca, Estado de M\u00e9xico<\/strong>.- Los docentes son detonadores de la redenci\u00f3n colectiva, pues en sus manos est\u00e1 crear patria, desarrollar ciencia y generar trabajo, mediante el cumplimiento de la responsabilidad de formar, antes que profesionales, hombres con altos valores humanistas, capaces de transformar a la sociedad, indic\u00f3 el rector de la Universidad Aut\u00f3noma del Estado de M\u00e9xico, Jorge Olvera Garc\u00eda, al encabezar la tradicional Ceremonia Conmemorativa al D\u00eda del Maestro.<\/p>\n<p>Acompa\u00f1ado por el secretario general de la Federaci\u00f3n de Asociaciones Aut\u00f3nomas de Personal Acad\u00e9mico de la UAEM (FAAPAUAEM), V\u00edctor Manuel\u00a0 Pineda Guti\u00e9rrez, y el vicepresidente de la Universidad del Norte de Texas (UNT) y rector Honoris Causa por la instituci\u00f3n, Warren Burggren, Olvera Garc\u00eda asever\u00f3 que los profesores, en conjunto con alumnos y trabajadores administrativos, fortalecen el concepto de Universidad.<\/p>\n<p>Luego de montar guardia de honor en el monumento al Maestro, acompa\u00f1ado por su equipo de trabajo, el rector de la Aut\u00f3noma mexiquense llam\u00f3 a los acad\u00e9micos universitarios a fortalecer su papel de agentes transformadores de la sociedad y refrend\u00f3 el compromiso de la administraci\u00f3n 2013-2017 para alcanzar objetivos comunes, en beneficio de los m\u00e1s de seis mil acad\u00e9micos que realizan actividades en la instituci\u00f3n.<\/p>\n<p>En esta solemne ceremonia, a la que asistieron rectores que en su momento dirigieron a la UAEM: Jorge Hern\u00e1ndez Garc\u00eda, Jes\u00fas Barrera Legorreta, Tom\u00e1s Ruiz P\u00e9rez, Jorge Guadarrama L\u00f3pez, Uriel Galicia Hern\u00e1ndez, Marco Antonio Morales G\u00f3mez, Agust\u00edn Gasca Pliego y Jos\u00e9 Mart\u00ednez Vilchis, as\u00ed como el artista mexiquense Leopoldo Flores, Olvera Garc\u00eda subray\u00f3 la responsabilidad que tienen los acad\u00e9micos en el fortalecimiento de la cultura y la superaci\u00f3n moral, la educaci\u00f3n.<\/p>\n<p>En el Aula Magna \u201cLic. Adolfo L\u00f3pez Mateos\u201d, el rector reafirm\u00f3 su compromiso con todos los integrantes de la comunidad universitaria; se dijo \u201ccomprometido a escuchar para resolver, transformar, construir acuerdos y mejorar\u201d; refrend\u00f3 tambi\u00e9n las alianzas de la UAEM con las instancias estatales, para hacer de esta casa de estudios una instituci\u00f3n m\u00e1s promisoria y pertinente con el entorno social.<\/p>\n<p>&nbsp;<\/p>\n","protected":false},"excerpt":{"rendered":"<p>Los docentes son detonadores de la redenci\u00f3n colectiva, pues en sus manos est\u00e1 crear patria, desarrollar ciencia y generar trabajo, mediante el cumplimiento de la responsabilidad de formar, antes que profesionales, hombres con altos valores humanistas, capaces de transformar a la sociedad, indic\u00f3 el rector de la Universidad Aut\u00f3noma del Estado de M\u00e9xico, Jorge Olvera Garc\u00eda, al encabezar la tradicional Ceremonia Conmemorativa al D\u00eda del Maestro.<\/p>\n","protected":false},"author":3,"featured_media":132182,"comment_status":"open","ping_status":"open","sticky":false,"template":"","format":"standard","meta":{"_monsterinsights_skip_tracking":false,"_monsterinsights_sitenote_active":false,"_monsterinsights_sitenote_note":"","_monsterinsights_sitenote_category":0,"footnotes":""},"categories":[5],"tags":[43675,20602,452,1491],"class_list":["post-132137","post","type-post","status-publish","format-standard","has-post-thumbnail","hentry","category-estado-de-mexico","tag-estado-de-mexico","tag-festejo","tag-toluca","tag-uaem"],"_links":{"self":[{"href":"https:\/\/www.diarioimagen.net\/index.php?rest_route=\/wp\/v2\/posts\/132137","targetHints":{"allow":["GET"]}}],"collection":[{"href":"https:\/\/www.diarioimagen.net\/index.php?rest_route=\/wp\/v2\/posts"}],"about":[{"href":"https:\/\/www.diarioimagen.net\/index.php?rest_route=\/wp\/v2\/types\/post"}],"author":[{"embeddable":true,"href":"https:\/\/www.diarioimagen.net\/index.php?rest_route=\/wp\/v2\/users\/3"}],"replies":[{"embeddable":true,"href":"https:\/\/www.diarioimagen.net\/index.php?rest_route=%2Fwp%2Fv2%2Fcomments&post=132137"}],"version-history":[{"count":0,"href":"https:\/\/www.diarioimagen.net\/index.php?rest_route=\/wp\/v2\/posts\/132137\/revisions"}],"wp:featuredmedia":[{"embeddable":true,"href":"https:\/\/www.diarioimagen.net\/index.php?rest_route=\/wp\/v2\/media\/132182"}],"wp:attachment":[{"href":"https:\/\/www.diarioimagen.net\/index.php?rest_route=%2Fwp%2Fv2%2Fmedia&parent=132137"}],"wp:term":[{"taxonomy":"category","embeddable":true,"href":"https:\/\/www.diarioimagen.net\/index.php?rest_route=%2Fwp%2Fv2%2Fcategories&post=132137"},{"taxonomy":"post_tag","embeddable":true,"href":"https:\/\/www.diarioimagen.net\/index.php?rest_route=%2Fwp%2Fv2%2Ftags&post=132137"}],"curies":[{"name":"wp","href":"https:\/\/api.w.org\/{rel}","templated":true}]}}