{"id":132220,"date":"2013-05-16T00:06:28","date_gmt":"2013-05-16T05:06:28","guid":{"rendered":"http:\/\/www.diarioimagen.net\/?p=132220"},"modified":"2013-05-16T23:57:26","modified_gmt":"2013-05-17T04:57:26","slug":"subir-impuestos-frenar-gasto","status":"publish","type":"post","link":"https:\/\/www.diarioimagen.net\/?p=132220","title":{"rendered":"Subir impuestos, frenar gasto"},"content":{"rendered":"<h2>\u00cdndice pol\u00edtico<\/h2>\n<h5>Francisco Rodr\u00edguez<\/h5>\n<div id=\"attachment_132267\" style=\"width: 250px\" class=\"wp-caption alignleft\"><a href=\"http:\/\/www.diarioimagen.net\/wp-content\/uploads\/2013\/05\/AGUACERO-trizas-2099.jpg\"><img loading=\"lazy\" decoding=\"async\" aria-describedby=\"caption-attachment-132267\" class=\"size-medium wp-image-132267\" alt=\"Aguacero... | Trizas\" src=\"http:\/\/www.diarioimagen.net\/wp-content\/uploads\/2013\/05\/AGUACERO-trizas-2099-240x174.jpg\" width=\"240\" height=\"174\" srcset=\"https:\/\/www.diarioimagen.net\/wp-content\/uploads\/2013\/05\/AGUACERO-trizas-2099-240x174.jpg 240w, https:\/\/www.diarioimagen.net\/wp-content\/uploads\/2013\/05\/AGUACERO-trizas-2099-420x305.jpg 420w, https:\/\/www.diarioimagen.net\/wp-content\/uploads\/2013\/05\/AGUACERO-trizas-2099-90x65.jpg 90w, https:\/\/www.diarioimagen.net\/wp-content\/uploads\/2013\/05\/AGUACERO-trizas-2099.jpg 700w\" sizes=\"auto, (max-width: 240px) 100vw, 240px\" \/><\/a><p id=\"caption-attachment-132267\" class=\"wp-caption-text\">Aguacero&#8230; | Trizas<\/p><\/div>\n<p><span>Ahora resulta que, adem\u00e1s de todo, el mal recordado Felipe Calder\u00f3n dej\u00f3 las cajas del erario vac\u00edas.<\/span><\/p>\n<p>\u201cNo hay dinero\u201d, nos dijo ayer un reconocido fiscalista a quien, en una breve charla de pasillo, le preguntamos un amigo y este escribidor su opini\u00f3n en torno a la ausencia de gasto e inversi\u00f3n p\u00fablica, cuando ya ha transcurrido m\u00e1s de un cuatrimestre del a\u00f1o fiscal.<\/p>\n<p>Y para ejemplificar su aserto, agreg\u00f3: \u201cNada m\u00e1s hay que ver la bronca en la que se metieron con el (nuevo) esc\u00e1ndalo de la condonaci\u00f3n de multas y recargos, con el descuento de hasta el diez por ciento a los cr\u00e9ditos fiscales, particularmente con el caso Televisa, y s\u00f3lo para recaudar algo as\u00ed como 11 mil millones de pesos\u2026 claro, que 11 mil millones no son una cantidad despreciable\u201d.<\/p>\n<p>\u2014 El cl\u00e1sico \u201cde lo perdido, lo que aparezca\u201d \u2013a\u00f1adi\u00f3.<\/p>\n<p>\u2014 \u00bfY c\u00f3mo ves, c\u00f3mo viene la reforma fiscal?<\/p>\n<p>\u2014 Recaudatoria \u2013respondi\u00f3\u2014. S\u00f3lo para cobrar m\u00e1s impuestos. Se van a meter (los funcionarios del gobierno, los legisladores) en una bronca de dimensiones apocal\u00edpticas con el IVA a medicinas y alimentos y s\u00f3lo para recaudar algo as\u00ed como 3 puntos del PIB\u2026<\/p>\n<p>\u2014 Y eso \u00bfa cu\u00e1nto equivale? \u00bf300 mil millones de pesos? \u2013le inquirimos.<\/p>\n<p>\u2014 Mmmm. Algo as\u00ed \u2013contest\u00f3 tras hacer un r\u00e1pido c\u00e1lculo mental.<\/p>\n<p>Y tras intercambiar compromisos de reunirnos pronto, nos despedimos con un mal sabor de boca por la informaci\u00f3n recibida.<\/p>\n<p>No hay dinero en las arcas p\u00fablicas, pues. De nada sirve que haya genios al cargo de las finanzas del pa\u00eds, si no tienen margen alguno de maniobra, si no tienen dinero.<\/p>\n<p>Y lo peor es que el gasto p\u00fablico crece y crece.<\/p>\n<p>Tan s\u00f3lo en estos primeros meses de nuevo gobierno, ya se han creado cuando menos cuatro nuevas y, por supuesto, costosas estructuras burocr\u00e1ticas que dizque dotadas de autonom\u00eda y bla, bla, bla.<\/p>\n<p>Gasta la administraci\u00f3n mucho dinero. Cada vez m\u00e1s.<\/p>\n<p>Y para hacer frente a sus muchos y muchos gastos, deja de invertir y, claro, hurga todav\u00eda m\u00e1s en los bolsillos de los contribuyentes.<\/p>\n<p>As\u00ed, el real problema no es la baja captaci\u00f3n fiscal, sino el desmedido y pr\u00e1cticamente desenfrenado gasto gubernamental.<\/p>\n<p align=\"center\"><b>INGRESOS = EGRESOS<\/b><\/p>\n<p>Felipe Calder\u00f3n despilfarr\u00f3 el dinero de los contribuyentes. Hizo crecer desproporcionadamente las n\u00f3minas gubernamentales, creando puestos de altos bur\u00f3cratas que, sin funci\u00f3n, se dedicaron a medrar y a llevarse lo que pod\u00edan.<\/p>\n<p>La inversi\u00f3n decreci\u00f3. Presum\u00eda, por ejemplo, la construcci\u00f3n de m\u00e1s y m\u00e1s carreteras\u2026 pero lo que no dec\u00eda es que \u00e9stas fueron concesionadas a empresas privadas, en su mayor\u00eda espa\u00f1olas.<\/p>\n<p>Y el erario se diluy\u00f3 en pago de comidas, de facturas de telefon\u00eda celular, \u00a0vi\u00e1ticos y un sinf\u00edn de prestaciones para los amigos de quien en ese momento ocupaba Los Pinos.<\/p>\n<p>Hoy hay que abordar el tema con seriedad.<\/p>\n<p>La reforma fiscal en ciernes no debe restringirse nada m\u00e1s en sacar m\u00e1s dinero del ya muy adelgazado bolsillo de los contribuyentes, sino tambi\u00e9n cambios profundos en los esquemas del gasto p\u00fablico.<\/p>\n<p>Dicen los especialistas, adem\u00e1s, que la experiencia de gasto p\u00fablico en el pa\u00eds es poco exitosa, habida cuenta de que al analizar su aplicaci\u00f3n en las \u00faltimas d\u00e9cadas y sin ser muy diferente al de otros pa\u00edses con desarrollo similar, los resultados son menos favorables.<\/p>\n<p>Con los actuales esquemas de gasto p\u00fablico, lo peor, no s\u00f3lo no ha favorecido sino que, por el contrario, ha inducido una menor responsabilidad fiscal \u2013accountability, le llaman los sajones\u2014 del gasto p\u00fablico<\/p>\n<p>As\u00ed, el problema reside no s\u00f3lo en la necesidad de incrementar significativamente la recaudaci\u00f3n no petrolera sino tambi\u00e9n se requiere una reingenier\u00eda del gasto p\u00fablico que, entre otras cosas, pase por una reforma del esquema actual de relaciones fiscales intergubernamentales, modific\u00e1ndolo para transferir a los gobiernos estatales y municipales una mayor participaci\u00f3n activa, si bien parcial, en la recaudaci\u00f3n de ingresos propios.<\/p>\n<p>Hoy, en el gobierno federal subsisten programas regresivos y la mayor parte del gasto p\u00fablico no es suficientemente progresivo, los impuestos tampoco son progresivos, la desigualdad de oportunidades no se ha eliminado y la pol\u00edtica p\u00fablica s\u00f3lo ha contribuido a la generaci\u00f3n de monopolios que han alimentado una fuerte concentraci\u00f3n de riqueza y, por consiguiente, una inmensa cantidad de pobres, la mayor\u00eda de los habitantes del pa\u00eds.<\/p>\n<p>Las arcas est\u00e1n vac\u00edas\u2026 As\u00ed las dej\u00f3 el mal recordado Calder\u00f3n.<\/p>\n<p><b><em>\u00cdndice Flam\u00edgero<\/em>:<\/b> La muy aplaudida reforma financiera \u2013no confundir con la fiscal\u2014 podr\u00eda tener un impacto de hasta medio punto \u201450 mil millones de pesos\u2014 en el crecimiento del PIB, pero s\u00f3lo hasta dos o tres a\u00f1os despu\u00e9s de que sea aprobada por las c\u00e1maras legislativas, expuso el Banco de M\u00e9xico.<\/p>\n<p><em><a href=\"http:\/\/www.indicepolitico.com\/\" target=\"_blank\"><em>www.indicepolitico.com<\/em><\/a><br \/>\n<\/em><em><a href=\"mailto:pacorodriguez@journalist.com\" target=\"_blank\">pacorodriguez@journalist.com<\/a><\/em><\/p>\n","protected":false},"excerpt":{"rendered":"<p><span style=\"color: #005497;\"><strong>Francisco Rodr\u00edguez<\/strong><\/span><\/p>\n","protected":false},"author":3,"featured_media":0,"comment_status":"open","ping_status":"open","sticky":false,"template":"","format":"standard","meta":{"_monsterinsights_skip_tracking":false,"_monsterinsights_sitenote_active":false,"_monsterinsights_sitenote_note":"","_monsterinsights_sitenote_category":0,"footnotes":""},"categories":[549],"tags":[43689,550,43674,604],"class_list":["post-132220","post","type-post","status-publish","format-standard","hentry","category-francisco-rodriguez","tag-francisco-rodriguez","tag-indice-politico","tag-opinion","tag-televisa"],"_links":{"self":[{"href":"https:\/\/www.diarioimagen.net\/index.php?rest_route=\/wp\/v2\/posts\/132220","targetHints":{"allow":["GET"]}}],"collection":[{"href":"https:\/\/www.diarioimagen.net\/index.php?rest_route=\/wp\/v2\/posts"}],"about":[{"href":"https:\/\/www.diarioimagen.net\/index.php?rest_route=\/wp\/v2\/types\/post"}],"author":[{"embeddable":true,"href":"https:\/\/www.diarioimagen.net\/index.php?rest_route=\/wp\/v2\/users\/3"}],"replies":[{"embeddable":true,"href":"https:\/\/www.diarioimagen.net\/index.php?rest_route=%2Fwp%2Fv2%2Fcomments&post=132220"}],"version-history":[{"count":0,"href":"https:\/\/www.diarioimagen.net\/index.php?rest_route=\/wp\/v2\/posts\/132220\/revisions"}],"wp:attachment":[{"href":"https:\/\/www.diarioimagen.net\/index.php?rest_route=%2Fwp%2Fv2%2Fmedia&parent=132220"}],"wp:term":[{"taxonomy":"category","embeddable":true,"href":"https:\/\/www.diarioimagen.net\/index.php?rest_route=%2Fwp%2Fv2%2Fcategories&post=132220"},{"taxonomy":"post_tag","embeddable":true,"href":"https:\/\/www.diarioimagen.net\/index.php?rest_route=%2Fwp%2Fv2%2Ftags&post=132220"}],"curies":[{"name":"wp","href":"https:\/\/api.w.org\/{rel}","templated":true}]}}