{"id":132237,"date":"2013-05-16T00:04:43","date_gmt":"2013-05-16T05:04:43","guid":{"rendered":"http:\/\/www.diarioimagen.net\/?p=132237"},"modified":"2013-05-17T00:05:10","modified_gmt":"2013-05-17T05:05:10","slug":"el-socio-de-calderon","status":"publish","type":"post","link":"https:\/\/www.diarioimagen.net\/?p=132237","title":{"rendered":"El socio de Calder\u00f3n"},"content":{"rendered":"<h2>Punto por punto<\/h2>\n<h5>Augusto Corro<\/h5>\n<p><span><br \/>\nEl abogado C\u00e9sar Nava, uno de los hombres m\u00e1s cercanos a Calder\u00f3n, fue demandado por Petr\u00f3leos Mexicanos pues particip\u00f3 en un fraude de millones de d\u00f3lares, en las obras de reconfiguraci\u00f3n de la refiner\u00eda de Cadereyta.<\/span><\/p>\n<p>La acusaci\u00f3n fue presentada en una corte de Nueva York y en la conspiraci\u00f3n criminal se encuentran implicadas las compa\u00f1\u00edas Siemens y SK Engineering.<\/p>\n<p>El acusado, un verdadero pez gordo, tiene una amplia carrera pol\u00edtica y burocr\u00e1tica en Acci\u00f3n Nacional (PAN) y en el gobierno blanquiazul.<\/p>\n<p>El hecho que llev\u00f3 a las autoridades de Pemex a demandarlo, se refiere a cuando Nava era director jur\u00eddico de la paraestatal y orden\u00f3 a una subordinada no cobrar dos cartas de cr\u00e9dito por 102.8 millones de d\u00f3lares, que ten\u00eda por fin compensar violaciones contractuales.<\/p>\n<p>La relaci\u00f3n de Nava con Calder\u00f3n es muy estrecha, tanta que fue secretario particular del michoacano cuando este se desempe\u00f1\u00f3 como Presidente de M\u00e9xico. Desde luego, el ex mandatario resentir\u00e1 ese golpe a uno de sus hombres m\u00e1s cercanos.<\/p>\n<p>Con esa demanda, el clan de Calder\u00f3n empezar\u00e1 a desmoronarse, porque es casi seguro que Nava pisar\u00e1 la c\u00e1rcel.<\/p>\n<p>El ex colaborador de Calder\u00f3n ya fue se\u00f1alado por su enriquecimiento inexplicable, esto a ra\u00edz de la compra de un inmueble en la colonia Polanco, zona residencial exclusiva de gente adinerada. Disponer de esos millones de pesos manifestados, no coincid\u00eda con los sueldos del pol\u00edtico.<\/p>\n<p>Peter Paul Muller, ex director jur\u00eddico de Siemens en M\u00e9xico, se\u00f1al\u00f3 que la multinacional alemana soborn\u00f3 a personal de Pemex para cubrir sobrecostos en la refiner\u00eda de Cadereyta y que \u201cel empresario Jaime Camil Garza colabor\u00f3 en una simulaci\u00f3n para ocultar un pago de 2.6 millones de d\u00f3lares a funcionarios de la paraestatal, entre ellos uno que en la actualidad es senador\u201d.<\/p>\n<p>El caso Nava podr\u00eda ser, por ahora, la punta del iceberg de un esc\u00e1ndalo may\u00fasculo, pues no es posible que decisiones tan importantes sobre el manejo de dinero se limitaran a las decisiones de un jefecillo en la paraestatal. \u00bfC\u00f3mo se repartieron ese bot\u00edn multimillonario?<\/p>\n<p align=\"center\"><b>UNA COLA MUY LARGA<\/b><\/p>\n<p>La reciente acusaci\u00f3n contra Nava forma parte de la ampliaci\u00f3n de una demanda que Pemex interpuso en diciembre pasado en una corte de Nueva York contra Siemens y SK Engineering, ambas empresas acusadas de cometer un fraude por 182 millones de d\u00f3lares, mediante la empresa Corproca, encargada de la modernizaci\u00f3n de la refiner\u00eda de Cadereyta, Nuevo Le\u00f3n.<\/p>\n<p>En otras transacciones oscuras, el multicitado Nava contrat\u00f3 un despacho de abogados, Wynne &amp; Maney LLP, para que lo ayudara en caso de complicarse una venta de residuos de hidrocarburos por parte del Sindicato Petrolero a la empresa Arriba Limited. El costo de la contrataci\u00f3n del bufete jur\u00eddico fue de 100 mil d\u00f3lares.\u00a0 Esa acci\u00f3n fue criticada\u00a0 por los diputados de izquierda.\u00a0 Tambi\u00e9n se dijo que Nava aval\u00f3 los contratos entre Pemex y la empresa de Juan Camilo Mouri\u00f1o, Ivancar Transportes Especializados. Se registr\u00f3 un esc\u00e1ndalo por lo ventajoso de los convenios que beneficiaban al espa\u00f1ol.<\/p>\n<p>De la trayectoria pol\u00edtica del amigo de Calder\u00f3n, se podr\u00eda decir que fue instrascendente. Como diputado por el blanquiazul solo asisti\u00f3 a unas cuantas sesiones. En la dirigencia del PAN, \u00fanicamente atend\u00eda la l\u00ednea del michoacano.\u00a0 En el 2010, Nava se cas\u00f3 por segunda vez con la cantante Patricia Sirvent, Paty L\u00fa, a quien le compr\u00f3 un departamento en Polanco, valuado en 15 millones de pesos.<\/p>\n<p>Como se ve, el caso del ex jefe del jur\u00eddico de Pemex se encuentra lleno de irregularidades, por decir lo menos, y de aplicarse la ley, tendr\u00e1 que pasar muchos a\u00f1os en la c\u00e1rcel.<\/p>\n<p>No es mala idea que la escoba empiece por los panistas que tanto da\u00f1o le hicieron al pa\u00eds.<\/p>\n<p><em><a href=\"mailto:aco2742@hotmail.com\" target=\"_blank\">aco2742@hotmail.com<\/a><\/em><\/p>\n","protected":false},"excerpt":{"rendered":"<p><span style=\"color: #005497;\"><strong>Augusto Corro<\/strong><\/span><\/p>\n","protected":false},"author":3,"featured_media":0,"comment_status":"open","ping_status":"open","sticky":false,"template":"","format":"standard","meta":{"_monsterinsights_skip_tracking":false,"_monsterinsights_sitenote_active":false,"_monsterinsights_sitenote_note":"","_monsterinsights_sitenote_category":0,"footnotes":""},"categories":[157],"tags":[43686,3430,43674,11515],"class_list":["post-132237","post","type-post","status-publish","format-standard","hentry","category-augusto-corro","tag-augusto-corro","tag-cesar-nava-vazquez","tag-opinion","tag-punto-por-punto"],"_links":{"self":[{"href":"https:\/\/www.diarioimagen.net\/index.php?rest_route=\/wp\/v2\/posts\/132237","targetHints":{"allow":["GET"]}}],"collection":[{"href":"https:\/\/www.diarioimagen.net\/index.php?rest_route=\/wp\/v2\/posts"}],"about":[{"href":"https:\/\/www.diarioimagen.net\/index.php?rest_route=\/wp\/v2\/types\/post"}],"author":[{"embeddable":true,"href":"https:\/\/www.diarioimagen.net\/index.php?rest_route=\/wp\/v2\/users\/3"}],"replies":[{"embeddable":true,"href":"https:\/\/www.diarioimagen.net\/index.php?rest_route=%2Fwp%2Fv2%2Fcomments&post=132237"}],"version-history":[{"count":0,"href":"https:\/\/www.diarioimagen.net\/index.php?rest_route=\/wp\/v2\/posts\/132237\/revisions"}],"wp:attachment":[{"href":"https:\/\/www.diarioimagen.net\/index.php?rest_route=%2Fwp%2Fv2%2Fmedia&parent=132237"}],"wp:term":[{"taxonomy":"category","embeddable":true,"href":"https:\/\/www.diarioimagen.net\/index.php?rest_route=%2Fwp%2Fv2%2Fcategories&post=132237"},{"taxonomy":"post_tag","embeddable":true,"href":"https:\/\/www.diarioimagen.net\/index.php?rest_route=%2Fwp%2Fv2%2Ftags&post=132237"}],"curies":[{"name":"wp","href":"https:\/\/api.w.org\/{rel}","templated":true}]}}