{"id":132282,"date":"2013-05-17T00:05:54","date_gmt":"2013-05-17T05:05:54","guid":{"rendered":"http:\/\/www.diarioimagen.net\/?p=132282"},"modified":"2013-05-20T01:00:40","modified_gmt":"2013-05-20T06:00:40","slug":"eruviel-avila-presenta-plan-para-mejorar-el-transporte","status":"publish","type":"post","link":"https:\/\/www.diarioimagen.net\/?p=132282","title":{"rendered":"Eruviel \u00c1vila presenta plan para mejorar el transporte"},"content":{"rendered":"<h2>Arco Norte<\/h2>\n<h5>Jos\u00e9 Luis Monta\u00f1ez Aguilar<\/h5>\n<p><span>\u00a0<\/span><\/p>\n<div id=\"attachment_132386\" style=\"width: 250px\" class=\"wp-caption alignleft\"><a href=\"http:\/\/www.diarioimagen.net\/wp-content\/uploads\/2013\/05\/eruviel-2100.jpg\"><img loading=\"lazy\" decoding=\"async\" aria-describedby=\"caption-attachment-132386\" class=\"size-medium wp-image-132386\" alt=\"El gobernador Eruviel \u00c1vila Villegas inform\u00f3 que el Programa de Modernizaci\u00f3n del Transporte P\u00fablico, que impulsa el Gobierno del Estado de M\u00e9xico, est\u00e1 basado en 10 acciones para brindar un servicio eficiente, seguro y de calidad a la ciudadan\u00eda, entre las que destaca elevar la edad m\u00ednima para conducir este tipo de veh\u00edculos a 21 a\u00f1os, aplicando una pena severa a quienes incumplan con esta norma; mejorar la seguridad, a trav\u00e9s de la instalaci\u00f3n de c\u00e1maras de videovigilancia y centros de emergencia que est\u00e9n incorporados al 066, entre otras medidas.\" src=\"http:\/\/www.diarioimagen.net\/wp-content\/uploads\/2013\/05\/eruviel-2100-240x135.jpg\" width=\"240\" height=\"135\" srcset=\"https:\/\/www.diarioimagen.net\/wp-content\/uploads\/2013\/05\/eruviel-2100-240x135.jpg 240w, https:\/\/www.diarioimagen.net\/wp-content\/uploads\/2013\/05\/eruviel-2100-420x236.jpg 420w, https:\/\/www.diarioimagen.net\/wp-content\/uploads\/2013\/05\/eruviel-2100-235x132.jpg 235w, https:\/\/www.diarioimagen.net\/wp-content\/uploads\/2013\/05\/eruviel-2100-202x114.jpg 202w, https:\/\/www.diarioimagen.net\/wp-content\/uploads\/2013\/05\/eruviel-2100-350x196.jpg 350w, https:\/\/www.diarioimagen.net\/wp-content\/uploads\/2013\/05\/eruviel-2100-220x123.jpg 220w, https:\/\/www.diarioimagen.net\/wp-content\/uploads\/2013\/05\/eruviel-2100-237x132.jpg 237w, https:\/\/www.diarioimagen.net\/wp-content\/uploads\/2013\/05\/eruviel-2100.jpg 480w\" sizes=\"auto, (max-width: 240px) 100vw, 240px\" \/><\/a><p id=\"caption-attachment-132386\" class=\"wp-caption-text\">El gobernador Eruviel \u00c1vila Villegas inform\u00f3 que el Programa de Modernizaci\u00f3n del Transporte P\u00fablico, que impulsa el Gobierno del Estado de M\u00e9xico, est\u00e1 basado en 10 acciones para brindar un servicio eficiente, seguro y de calidad a la ciudadan\u00eda.<\/p><\/div>\n<p><span>El gobernador del Estado de M\u00e9xico present\u00f3 ayer en Toluca el programa para mejorar el transporte p\u00fablico de la entidad, en el que se establece que la edad m\u00ednima para ser conductor en una de estas unidades debe ser de 21 a\u00f1os.<\/span><\/p>\n<p>El objetivo primordial de este plan es dar a los mexiquenses mayor seguridad cuando viajen a bordo de alguna de las unidades que prestan el servicio en el territorio estatal; por ello, el programa establece que los veh\u00edculos deben ser sometidos a revisiones peri\u00f3dicas y se instalar\u00e1 mobiliario urbano multifuncional, se ampliar\u00e1 el transporte masivo y se reordenar\u00e1n rutas en el Valle de Toluca.<\/p>\n<p>Todo ello es parte de las 10 acciones contempladas en el Programa de Modernizci\u00f3n que impulsa el gobierno mexiquense, se\u00f1ala el mandatario estatal.<\/p>\n<p>\u201cCon esta serie de medidas estoy seguro que vamos a consolidar una nueva etapa que nos permita transitar del transporte p\u00fablico tradicional, a un esquema de movilidad urbana, y que en el Estado de M\u00e9xico se incentive el uso de transporte masivo sobre el privado, que sea un transporte seguro, eficiente, amigable con el medio ambiente.<\/p>\n<p>Estamos en deuda con la gente, estamos en deuda con la sociedad, necesitamos darle el servicio que la gente merece\u201d, expres\u00f3.<\/p>\n<p>Para ello, dijo, es necesaria la participaci\u00f3n conjunta de las autoridades de los tres niveles de gobierno, empresarios del ramo y la propia sociedad, que tiene como una de sus mayores demandas el contar con un servicio de transporte p\u00fablico seguro, de calidad y eficiente, que permita tener una mejor movilidad y con ello una mejor calidad de vida.<\/p>\n<p><em><a href=\"mailto:montanezaguilar@gmail.com\" target=\"_blank\">montanezaguilar@gmail.com<\/a><\/em><\/p>\n","protected":false},"excerpt":{"rendered":"<p><span style=\"color: #005497;\"><strong>Jos\u00e9 Luis Monta\u00f1ez Aguilar<\/strong><\/span><br \/>\n<br \/>\nEl gobernador del Estado de M\u00e9xico present\u00f3 ayer en Toluca el programa para mejorar el transporte p\u00fablico de la entidad, en el que se establece que la edad m\u00ednima para ser conductor en una de estas unidades debe ser de 21 a\u00f1os.<\/p>\n","protected":false},"author":3,"featured_media":132386,"comment_status":"open","ping_status":"open","sticky":false,"template":"","format":"standard","meta":{"_monsterinsights_skip_tracking":false,"_monsterinsights_sitenote_active":false,"_monsterinsights_sitenote_note":"","_monsterinsights_sitenote_category":0,"footnotes":""},"categories":[17,5],"tags":[13284,5828,43704,43674,452,17814],"class_list":["post-132282","post","type-post","status-publish","format-standard","has-post-thumbnail","hentry","category-especiales","category-estado-de-mexico","tag-arco-norte","tag-eruviel-avila-villegas","tag-jose-luis-montanez-aguilar","tag-opinion","tag-toluca","tag-transporte"],"_links":{"self":[{"href":"https:\/\/www.diarioimagen.net\/index.php?rest_route=\/wp\/v2\/posts\/132282","targetHints":{"allow":["GET"]}}],"collection":[{"href":"https:\/\/www.diarioimagen.net\/index.php?rest_route=\/wp\/v2\/posts"}],"about":[{"href":"https:\/\/www.diarioimagen.net\/index.php?rest_route=\/wp\/v2\/types\/post"}],"author":[{"embeddable":true,"href":"https:\/\/www.diarioimagen.net\/index.php?rest_route=\/wp\/v2\/users\/3"}],"replies":[{"embeddable":true,"href":"https:\/\/www.diarioimagen.net\/index.php?rest_route=%2Fwp%2Fv2%2Fcomments&post=132282"}],"version-history":[{"count":0,"href":"https:\/\/www.diarioimagen.net\/index.php?rest_route=\/wp\/v2\/posts\/132282\/revisions"}],"wp:featuredmedia":[{"embeddable":true,"href":"https:\/\/www.diarioimagen.net\/index.php?rest_route=\/wp\/v2\/media\/132386"}],"wp:attachment":[{"href":"https:\/\/www.diarioimagen.net\/index.php?rest_route=%2Fwp%2Fv2%2Fmedia&parent=132282"}],"wp:term":[{"taxonomy":"category","embeddable":true,"href":"https:\/\/www.diarioimagen.net\/index.php?rest_route=%2Fwp%2Fv2%2Fcategories&post=132282"},{"taxonomy":"post_tag","embeddable":true,"href":"https:\/\/www.diarioimagen.net\/index.php?rest_route=%2Fwp%2Fv2%2Ftags&post=132282"}],"curies":[{"name":"wp","href":"https:\/\/api.w.org\/{rel}","templated":true}]}}