{"id":132287,"date":"2013-05-17T00:09:25","date_gmt":"2013-05-17T05:09:25","guid":{"rendered":"http:\/\/www.diarioimagen.net\/?p=132287"},"modified":"2013-05-17T02:33:18","modified_gmt":"2013-05-17T07:33:18","slug":"gasca-pliego-nuevo-secretario-de-desarrollo-agropecuario","status":"publish","type":"post","link":"https:\/\/www.diarioimagen.net\/?p=132287","title":{"rendered":"Gasca Pliego, nuevo secretario de Desarrollo Agropecuario"},"content":{"rendered":"<p><a href=\"http:\/\/www.diarioimagen.net\/wp-content\/uploads\/2013\/05\/gasca-2100.jpg\"><img loading=\"lazy\" decoding=\"async\" class=\"aligncenter size-large wp-image-132411\" alt=\"gasca-2100\" src=\"http:\/\/www.diarioimagen.net\/wp-content\/uploads\/2013\/05\/gasca-2100-420x236.jpg\" width=\"420\" height=\"236\" srcset=\"https:\/\/www.diarioimagen.net\/wp-content\/uploads\/2013\/05\/gasca-2100-420x236.jpg 420w, https:\/\/www.diarioimagen.net\/wp-content\/uploads\/2013\/05\/gasca-2100-240x135.jpg 240w, https:\/\/www.diarioimagen.net\/wp-content\/uploads\/2013\/05\/gasca-2100-235x132.jpg 235w, https:\/\/www.diarioimagen.net\/wp-content\/uploads\/2013\/05\/gasca-2100-202x114.jpg 202w, https:\/\/www.diarioimagen.net\/wp-content\/uploads\/2013\/05\/gasca-2100-350x196.jpg 350w, https:\/\/www.diarioimagen.net\/wp-content\/uploads\/2013\/05\/gasca-2100-220x123.jpg 220w, https:\/\/www.diarioimagen.net\/wp-content\/uploads\/2013\/05\/gasca-2100-237x132.jpg 237w, https:\/\/www.diarioimagen.net\/wp-content\/uploads\/2013\/05\/gasca-2100.jpg 480w\" sizes=\"auto, (max-width: 420px) 100vw, 420px\" \/><\/a><\/p>\n<p><strong>Toluca, Estado de M\u00e9xico<\/strong>.- El gobernador Eruviel \u00c1vila Villegas tom\u00f3 protesta como secretario de Desarrollo Agropecuario a Eduardo Gasca Pliego, a quien exhort\u00f3 a trabajar por el bien de este sector en la entidad, adem\u00e1s expres\u00f3 su confianza de que conocedor de su entusiasmo y compromiso con el Estado de M\u00e9xico, habr\u00e1 de entregar buenos resultados, ya que cuenta con una vasta experiencia y la formaci\u00f3n para estar al frente de esta dependencia.<\/p>\n","protected":false},"excerpt":{"rendered":"<p>El gobernador Eruviel \u00c1vila Villegas tom\u00f3 protesta como secretario de Desarrollo Agropecuario a Eduardo Gasca Pliego, a quien exhort\u00f3 a trabajar por el bien de este sector en la entidad, adem\u00e1s expres\u00f3 su confianza de que conocedor de su entusiasmo y compromiso con el Estado de M\u00e9xico, habr\u00e1 de entregar buenos resultados, ya que cuenta con una vasta experiencia y la formaci\u00f3n para estar al frente de esta dependencia.<\/p>\n","protected":false},"author":3,"featured_media":132411,"comment_status":"open","ping_status":"open","sticky":false,"template":"","format":"standard","meta":{"_monsterinsights_skip_tracking":false,"_monsterinsights_sitenote_active":false,"_monsterinsights_sitenote_note":"","_monsterinsights_sitenote_category":0,"footnotes":""},"categories":[5],"tags":[1109,1492,5828,43675,452],"class_list":["post-132287","post","type-post","status-publish","format-standard","has-post-thumbnail","hentry","category-estado-de-mexico","tag-desarrollo-agropecuario","tag-eduardo-gasca-pliego","tag-eruviel-avila-villegas","tag-estado-de-mexico","tag-toluca"],"_links":{"self":[{"href":"https:\/\/www.diarioimagen.net\/index.php?rest_route=\/wp\/v2\/posts\/132287","targetHints":{"allow":["GET"]}}],"collection":[{"href":"https:\/\/www.diarioimagen.net\/index.php?rest_route=\/wp\/v2\/posts"}],"about":[{"href":"https:\/\/www.diarioimagen.net\/index.php?rest_route=\/wp\/v2\/types\/post"}],"author":[{"embeddable":true,"href":"https:\/\/www.diarioimagen.net\/index.php?rest_route=\/wp\/v2\/users\/3"}],"replies":[{"embeddable":true,"href":"https:\/\/www.diarioimagen.net\/index.php?rest_route=%2Fwp%2Fv2%2Fcomments&post=132287"}],"version-history":[{"count":0,"href":"https:\/\/www.diarioimagen.net\/index.php?rest_route=\/wp\/v2\/posts\/132287\/revisions"}],"wp:featuredmedia":[{"embeddable":true,"href":"https:\/\/www.diarioimagen.net\/index.php?rest_route=\/wp\/v2\/media\/132411"}],"wp:attachment":[{"href":"https:\/\/www.diarioimagen.net\/index.php?rest_route=%2Fwp%2Fv2%2Fmedia&parent=132287"}],"wp:term":[{"taxonomy":"category","embeddable":true,"href":"https:\/\/www.diarioimagen.net\/index.php?rest_route=%2Fwp%2Fv2%2Fcategories&post=132287"},{"taxonomy":"post_tag","embeddable":true,"href":"https:\/\/www.diarioimagen.net\/index.php?rest_route=%2Fwp%2Fv2%2Ftags&post=132287"}],"curies":[{"name":"wp","href":"https:\/\/api.w.org\/{rel}","templated":true}]}}