{"id":132290,"date":"2013-05-17T00:04:43","date_gmt":"2013-05-17T05:04:43","guid":{"rendered":"http:\/\/www.diarioimagen.net\/?p=132290"},"modified":"2013-05-22T02:05:02","modified_gmt":"2013-05-22T07:05:02","slug":"pena-nieto-afirma-que-estados-y-municipios-seran-escuchados","status":"publish","type":"post","link":"https:\/\/www.diarioimagen.net\/?p=132290","title":{"rendered":"Pe\u00f1a Nieto afirma que estados y municipios ser\u00e1n escuchados"},"content":{"rendered":"<ul>\n<li><strong><em>El Presidente del\u00ednea las cinco acciones que se tomar\u00e1n en el \u00e1mbito local y demanda a ediles asumir responsabilidades para fortalecer sus finanzas<\/em><\/strong><\/li>\n<\/ul>\n<h6>Roberto Vizca\u00edno<\/h6>\n<div id=\"attachment_132389\" style=\"width: 250px\" class=\"wp-caption alignleft\"><a href=\"http:\/\/www.diarioimagen.net\/wp-content\/uploads\/2013\/05\/epn-2100.jpg\"><img loading=\"lazy\" decoding=\"async\" aria-describedby=\"caption-attachment-132389\" class=\"size-medium wp-image-132389\" alt=\"El presidente Enrique Pe\u00f1a Nieto se reuni\u00f3 ayer con las tres organizaciones municipales que agrupan a 2 mil 400 alcaldes del pa\u00eds, que dar\u00e1n su aporte para el Plan Nacional de Desarrollo.\" src=\"http:\/\/www.diarioimagen.net\/wp-content\/uploads\/2013\/05\/epn-2100-240x135.jpg\" width=\"240\" height=\"135\" srcset=\"https:\/\/www.diarioimagen.net\/wp-content\/uploads\/2013\/05\/epn-2100-240x135.jpg 240w, https:\/\/www.diarioimagen.net\/wp-content\/uploads\/2013\/05\/epn-2100-420x236.jpg 420w, https:\/\/www.diarioimagen.net\/wp-content\/uploads\/2013\/05\/epn-2100-235x132.jpg 235w, https:\/\/www.diarioimagen.net\/wp-content\/uploads\/2013\/05\/epn-2100-202x114.jpg 202w, https:\/\/www.diarioimagen.net\/wp-content\/uploads\/2013\/05\/epn-2100-350x196.jpg 350w, https:\/\/www.diarioimagen.net\/wp-content\/uploads\/2013\/05\/epn-2100-220x123.jpg 220w, https:\/\/www.diarioimagen.net\/wp-content\/uploads\/2013\/05\/epn-2100-237x132.jpg 237w, https:\/\/www.diarioimagen.net\/wp-content\/uploads\/2013\/05\/epn-2100.jpg 480w\" sizes=\"auto, (max-width: 240px) 100vw, 240px\" \/><\/a><p id=\"caption-attachment-132389\" class=\"wp-caption-text\">El presidente Enrique Pe\u00f1a Nieto se reuni\u00f3 ayer con las tres organizaciones municipales que agrupan a 2 mil 400 alcaldes del pa\u00eds, que dar\u00e1n su aporte para el Plan Nacional de Desarrollo.<\/p><\/div>\n<p><strong>Le\u00f3n, Guanajuato<\/strong>.- El presidente Enrique Pe\u00f1a Nieto borr\u00f3 ayer aqu\u00ed las diferencias que separaban a los alcaldes del PRI con los del PRD y los del PAN, y en un encuentro con todos ellos los convoc\u00f3 a mostrar \u201cya (que) no s\u00f3lo somos parte de un modelo democr\u00e1tico, sino de un modelo eficaz, en el que cada uno de nosotros cumple a satisfacci\u00f3n y cabalidad con los servicios que debe dar a la ciudadan\u00eda\u201d.<\/p>\n<p>Hasta ayer, durante a\u00f1os actuaron por separado los alcaldes provenientes de cada partido.<\/p>\n<p>Por ello, el evento efectuado ayer en esta ciudad fue un fiel reflejo de la pluralidad pol\u00edtica y social del pa\u00eds donde lo mismo hubo presidentes municipales de todos los partidos, que delegados del DF de todas las corrientes.<\/p>\n<p>As\u00ed los miembros de la Federaci\u00f3n Nacional de Municipios de M\u00e9xico, la Asociaci\u00f3n Nacional de Alcaldes, y la Asociaci\u00f3n de Autoridades Locales de M\u00e9xico terminaron siendo s\u00f3lo un grupo reunido con el presidente Pe\u00f1a Nieto quien se congratul\u00f3 y los felicit\u00f3 por el clima de civilidad y de \u00e1nimo que se ha propiciado entre las autoridades locales \u201cpara que juntos encontremos soluciones a los problemas que aquejan a los gobiernos municipales\u201d.<\/p>\n<p>De igual forma, agradeci\u00f3 la presencia de \u00a0las autoridades municipales \u201cm\u00e1s all\u00e1 de su origen partidario, ideol\u00f3gico, en un solo prop\u00f3sito: deponer cualquier inter\u00e9s o cualquier bandera para sumarse en lo que haga posible que la autoridad municipal pueda actuar con mayor eficacia\u2026<\/p>\n<p>\u201cQuiero comprometer ante ustedes la total y plena disposici\u00f3n del gobierno de la Rep\u00fablica para trabajar de manera sincronizada y para tener un di\u00e1logo franco y abierto que redunde en mayores resultados a la poblaci\u00f3n\u201d, expres\u00f3 el primer mandatario. Es as\u00ed como nos aprestamos a trabajar desde el gobierno federal con los otros \u00f3rdenes \u201cpara que seamos parte promotora de una sinergia que haga posible y acredite que la democracia puede dar mejores resultados\u201d, indic\u00f3.<\/p>\n<p>Reconoci\u00f3 a su vez la asistencia del ex presidente Vicente Fox y su esposa Marta Sahag\u00fan, porque, dijo, todos queremos que M\u00e9xico est\u00e9 mejor y realmente pueda aprovechar todo su potencial en beneficio de todos los mexicanos.<\/p>\n<p>\u201cCreo que \u00e9sta es la constante y es el objetivo que hoy nos convoca y nos re\u00fane, y nos lleva a trabajar de manera conjunta y coordinada\u201d.<\/p>\n<p>Adelant\u00f3 que en la planeaci\u00f3n y estructuraci\u00f3n del Plan Nacional de Desarrollo 2013-2018, que ser\u00e1 presentado la pr\u00f3xima semana, se establecen cinco l\u00edneas de acci\u00f3n en materia municipal que buscan que este orden de gobierno cuente con mayores capacidades e insumos para ofrecer a la poblaci\u00f3n los servicios que la Constituci\u00f3n prev\u00e9.<\/p>\n<p>La primera de ellas es impulsar la inclusi\u00f3n y participaci\u00f3n efectiva de los gobiernos estatales y municipales para el acuerdo y toma de decisiones de las pol\u00edticas p\u00fablicas nacionales.<\/p>\n<p>La segunda es promover convenios \u00fanicos de coordinaci\u00f3n para el desarrollo que definan con claridad la articulaci\u00f3n de esfuerzos entre los tres \u00f3rdenes de gobierno.<\/p>\n<p>La tercera l\u00ednea de acci\u00f3n es implementar un programa que busque nuevas \u00e1reas de oportunidad para una efectiva descentralizaci\u00f3n.<\/p>\n<p>La cuarta es impulsar estrategia e iniciativas de ley que clarifiquen los \u00e1mbitos de competencia y de responsabilidad de cada orden de gobierno.<\/p>\n<p>Y finalmente, la quinta ser\u00e1 la de promover el desarrollo de capacidades institucionales y modelos de gesti\u00f3n para lograr administraciones p\u00fablicas estatales y municipales m\u00e1s eficaces.<\/p>\n<p>El presidente Pe\u00f1a Nieto subray\u00f3 la gran oportunidad de hacer posible \u201cque en democracia podamos imprimirle mayor vitalidad y eficacia al actuar y responsabilidad que tenemos todas las autoridades p\u00fablicas, sin importar el orden de gobierno y sin importar a qu\u00e9 poder pertenezcamos\u201d. Lo importante, continu\u00f3, \u201ces que podamos dar buenos resultados a la sociedad mexicana.<\/p>\n<p>Enfatiz\u00f3 que en el \u00e1mbito federal \u201cestamos logrando, con la participaci\u00f3n de las distintas fuerzas pol\u00edticas del pa\u00eds y el gobierno de la Rep\u00fablica, generar un clima de normalidad democr\u00e1tica, de civilidad, de entendimiento, de conciliaci\u00f3n de intereses, y sobre todo, darle impulso a distintas iniciativas que est\u00e1n enriquecidas con las distintas y diferentes visiones que tiene esta rica pluralidad de nuestro pa\u00eds\u201d.<\/p>\n<p>Indic\u00f3 que en el federalismo que hoy vive el pa\u00eds \u201cahora se trata de que le podamos imprimir al menos tres caracter\u00edsticas importantes: Primero, un federalismo con una visi\u00f3n compartida del desarrollo, con metas y pol\u00edticas p\u00fablicas conjuntas; segundo, un federalismo coordinado donde haya certidumbre y claridad sobre responsabilidades, atribuciones y recursos que cada nivel tendr\u00e1 a disposici\u00f3n; y tercero, un federalismo corresponsable en el que existan mecanismos eficientes de comunicaci\u00f3n, colaboraci\u00f3n y actuaci\u00f3n entre gobiernos\u201d.<\/p>\n<p>El titular del Ejecutivo federal mencion\u00f3 que el orden municipal en M\u00e9xico es el nivel de gobierno con m\u00e1s baja recaudaci\u00f3n de recursos propios, y de los m\u00e1s bajos de Am\u00e9rica Latina y el mundo, por lo que en la reforma hacendaria, que en su momento ser\u00e1 presentada y que est\u00e1 acordada en el Pacto por M\u00e9xico, uno de los alcances que se espera tenga \u201ces el fortalecimiento a las finanzas p\u00fablicas municipales, pero tambi\u00e9n se espera que los gobiernos municipales asuman responsabilidad\u201d.<\/p>\n<p>\u201cSi de verdad queremos estar a la altura de tener una mayor capacidad de respuesta y de fortalecimiento financiero, ser\u00e1 fundamental asumir corresponsabilidad en las tareas y obligaciones que cada orden de gobierno tiene, y que eso nos permita imprimirle vitalidad, eficiencia y capacidad de dar resultados a la poblaci\u00f3n en nuestro pa\u00eds\u201d.<\/p>\n<p>Instruy\u00f3 al secretario de Gobernaci\u00f3n, Miguel \u00c1ngel Osorio Chong, que establezca y mantenga el di\u00e1logo y una cercana interlocuci\u00f3n entre el gobierno de la Rep\u00fablica y el orden municipal. En ese sentido, ofreci\u00f3 al menos una vez al a\u00f1o reunirse con la Conferencia Nacional de Municipios de M\u00e9xico y su \u00f3rgano rector.<\/p>\n<p>En el evento, el presidente Pe\u00f1a Nieto tom\u00f3 la protesta a la dirigencia colegiada de la Conferencia Nacional de Municipios de M\u00e9xico -que congrega a autoridades locales de distinto origen partidario-, integrada por tres copresidentes: B\u00e1rbara Botello Santib\u00e1\u00f1ez, alcaldesa de Le\u00f3n, Guanajuato, y presidenta de la Federaci\u00f3n Nacional de Municipios de M\u00e9xico; Eduardo Rivera P\u00e9rez, presidente municipal de Puebla, Puebla, y presidente de la Conferencia Nacional de Municipios de M\u00e9xico y de la Asociaci\u00f3n Nacional de Alcaldes, y Leticia Quezada Contreras, jefa delegacional en Magdalena Contreras, Distrito Federal, y presidenta de la Asociaci\u00f3n de Autoridades Locales de M\u00e9xico.<\/p>\n<p align=\"center\">\u00a0<b>PRIVILEGIAR EL DI\u00c1LOGO<\/b><\/p>\n<p>Durante su intervenci\u00f3n, Alfredo del Mazo Maza, director general del Banco Nacional de Obras y Servicios P\u00fablicos y ex alcalde de Huixquilucan, se\u00f1al\u00f3 que \u201cdesde el inicio de esta administraci\u00f3n, el presidente Enrique Pe\u00f1a Nieto ha puesto el ejemplo de privilegiar el di\u00e1logo, el consenso y la suma de ideas para poder poner, por encima de cualquier inter\u00e9s, el bienestar de la poblaci\u00f3n\u201d.<\/p>\n<p>Sobre la reforma financiera, presentada recientemente por el Ejecutivo federal, asegur\u00f3 que Banobras asume esta responsabilidad y la principal premisa que tiene \u00e9sta: prestar m\u00e1s, m\u00e1s barato y m\u00e1s r\u00e1pido a los municipios y a los proyectos de infraestructura que requiere nuestro pa\u00eds.<\/p>\n<p>Inform\u00f3 que Banobras se quiere convertir en el aliado de los estados y los municipios, por lo que indic\u00f3 que a partir de este momento y en adelante estar\u00e1n trabajando de la mano con los presidentes municipales y con los gobernadores para poder llevar a cabo los proyectos de infraestructura b\u00e1sica y de gran impacto que se requieren.<\/p>\n<p align=\"center\">\u00a0<b>FORTALECER EL FEDERALISMO<\/b><\/p>\n<p>Finalmente, B\u00e1rbara Botello Santib\u00e1\u00f1ez, alcaldesa de Le\u00f3n, Guanajuato; Eduardo Rivera P\u00e9rez, presidente municipal de Puebla, Puebla; Leticia Quezada Contreras, jefa delegacional en Magdalena Contreras, Distrito Federal, y Sergio Arredondo Olvera, secretario general de la Federaci\u00f3n Nacional de Municipios de M\u00e9xico, coincidieron en la necesidad de fortalecer a los municipios para que las autoridades puedan gobernar y servir mejor.<\/p>\n<p>Tambi\u00e9n, coincidieron en que es necesario fortalecer el federalismo en el pa\u00eds, y que los municipios reciban parte de la riqueza que se genera en sus comunidades.<b><\/b><\/p>\n<p>&nbsp;<\/p>\n","protected":false},"excerpt":{"rendered":"<p><span style=\"color: #005497;\"><strong>Roberto Vizca\u00edno<\/strong><\/span><br \/>\n<br \/>\n El presidente Enrique Pe\u00f1a Nieto borr\u00f3 ayer aqu\u00ed las diferencias que separaban a los alcaldes del PRI con los del PRD y los del PAN, y en un encuentro con todos ellos los convoc\u00f3 a mostrar \u201cya (que) no s\u00f3lo somos parte de un modelo democr\u00e1tico, sino de un modelo eficaz, en el que cada uno de nosotros cumple a satisfacci\u00f3n y cabalidad con los servicios que debe dar a la ciudadan\u00eda\u201d.<\/p>\n","protected":false},"author":3,"featured_media":132389,"comment_status":"open","ping_status":"open","sticky":false,"template":"","format":"standard","meta":{"_monsterinsights_skip_tracking":false,"_monsterinsights_sitenote_active":false,"_monsterinsights_sitenote_note":"","_monsterinsights_sitenote_category":0,"footnotes":""},"categories":[17,3],"tags":[18,41,10617,43673,91,93],"class_list":["post-132290","post","type-post","status-publish","format-standard","has-post-thumbnail","hentry","category-especiales","category-nacional","tag-enrique-pena-nieto","tag-guanajuato","tag-leon","tag-nacional","tag-pan","tag-roberto-vizcaino"],"_links":{"self":[{"href":"https:\/\/www.diarioimagen.net\/index.php?rest_route=\/wp\/v2\/posts\/132290","targetHints":{"allow":["GET"]}}],"collection":[{"href":"https:\/\/www.diarioimagen.net\/index.php?rest_route=\/wp\/v2\/posts"}],"about":[{"href":"https:\/\/www.diarioimagen.net\/index.php?rest_route=\/wp\/v2\/types\/post"}],"author":[{"embeddable":true,"href":"https:\/\/www.diarioimagen.net\/index.php?rest_route=\/wp\/v2\/users\/3"}],"replies":[{"embeddable":true,"href":"https:\/\/www.diarioimagen.net\/index.php?rest_route=%2Fwp%2Fv2%2Fcomments&post=132290"}],"version-history":[{"count":0,"href":"https:\/\/www.diarioimagen.net\/index.php?rest_route=\/wp\/v2\/posts\/132290\/revisions"}],"wp:featuredmedia":[{"embeddable":true,"href":"https:\/\/www.diarioimagen.net\/index.php?rest_route=\/wp\/v2\/media\/132389"}],"wp:attachment":[{"href":"https:\/\/www.diarioimagen.net\/index.php?rest_route=%2Fwp%2Fv2%2Fmedia&parent=132290"}],"wp:term":[{"taxonomy":"category","embeddable":true,"href":"https:\/\/www.diarioimagen.net\/index.php?rest_route=%2Fwp%2Fv2%2Fcategories&post=132290"},{"taxonomy":"post_tag","embeddable":true,"href":"https:\/\/www.diarioimagen.net\/index.php?rest_route=%2Fwp%2Fv2%2Ftags&post=132290"}],"curies":[{"name":"wp","href":"https:\/\/api.w.org\/{rel}","templated":true}]}}