{"id":132295,"date":"2013-05-17T00:02:43","date_gmt":"2013-05-17T05:02:43","guid":{"rendered":"http:\/\/www.diarioimagen.net\/?p=132295"},"modified":"2013-05-20T01:00:19","modified_gmt":"2013-05-20T06:00:19","slug":"el-gdf-retoma-el-control-de-santa-fe-2","status":"publish","type":"post","link":"https:\/\/www.diarioimagen.net\/?p=132295","title":{"rendered":"Mancera pone en marcha el operativo \u201cTormenta 2013\u201d"},"content":{"rendered":"<ul>\n<li><em><strong>El objetivo es evitar inundaciones en la capital, mediante 90 puestos de atenci\u00f3n que funcionar\u00e1n permanentemente<\/strong><\/em><\/li>\n<\/ul>\n<p>&nbsp;<\/p>\n<div id=\"attachment_132394\" style=\"width: 250px\" class=\"wp-caption alignleft\"><a href=\"http:\/\/www.diarioimagen.net\/wp-content\/uploads\/2013\/05\/Mancera-2100.jpg\"><img loading=\"lazy\" decoding=\"async\" aria-describedby=\"caption-attachment-132394\" class=\"size-medium wp-image-132394\" alt=\"El jefe de gobierno del DF, Miguel \u00c1ngel Mancera, dio a conocer pormenores del operativo \u201cTormenta 2013\u201d, que incluye 90 puestos de atenci\u00f3n con personal y maquinaria.\" src=\"http:\/\/www.diarioimagen.net\/wp-content\/uploads\/2013\/05\/Mancera-2100-240x135.jpg\" width=\"240\" height=\"135\" srcset=\"https:\/\/www.diarioimagen.net\/wp-content\/uploads\/2013\/05\/Mancera-2100-240x135.jpg 240w, https:\/\/www.diarioimagen.net\/wp-content\/uploads\/2013\/05\/Mancera-2100-420x236.jpg 420w, https:\/\/www.diarioimagen.net\/wp-content\/uploads\/2013\/05\/Mancera-2100-235x132.jpg 235w, https:\/\/www.diarioimagen.net\/wp-content\/uploads\/2013\/05\/Mancera-2100-202x114.jpg 202w, https:\/\/www.diarioimagen.net\/wp-content\/uploads\/2013\/05\/Mancera-2100-350x196.jpg 350w, https:\/\/www.diarioimagen.net\/wp-content\/uploads\/2013\/05\/Mancera-2100-220x123.jpg 220w, https:\/\/www.diarioimagen.net\/wp-content\/uploads\/2013\/05\/Mancera-2100-237x132.jpg 237w, https:\/\/www.diarioimagen.net\/wp-content\/uploads\/2013\/05\/Mancera-2100.jpg 480w\" sizes=\"auto, (max-width: 240px) 100vw, 240px\" \/><\/a><p id=\"caption-attachment-132394\" class=\"wp-caption-text\">El jefe de gobierno del DF, Miguel \u00c1ngel Mancera, dio a conocer pormenores del operativo \u201cTormenta 2013\u201d, que incluye 90 puestos de atenci\u00f3n con personal y maquinaria.<\/p><\/div>\n<p>Para atender los problemas que se registren en la capital del pa\u00eds durante la temporada de lluvias, el gobierno del Distrito Federal puso en marcha el operativo \u201cTormenta 2013\u201d en el que participan 3 mil servidores p\u00fablicos.<\/p>\n<p>En el c\u00e1rcamo de Dolores, en el Bosque de Chapultepec, el jefe de gobierno del Distrito Federal, Miguel \u00c1ngel Mancera, explic\u00f3 que trabajar\u00e1n intensamente con los 90 puestos permanentes para atender alguna situaci\u00f3n de emergencia adem\u00e1s que en el operativo habr\u00e1 novedades como es la\u00a0operaci\u00f3n de las c\u00e1maras de vigilancia de la ciudad de M\u00e9xico.<\/p>\n<p>Despu\u00e9s de dar el banderazo de salida, a dos equipos vactors, el mandatario capitalino indic\u00f3 que las acciones van encaminadas a que el gobierno capitalino est\u00e9 preparado pues, con el cambio clim\u00e1tico, puede presentar una lluvia \u201cinusual\u201d.<\/p>\n<p>Record\u00f3 que para esta temporada, habr\u00e1 dos novedades que ayudar\u00e1n a las acciones gubernamentales: la entrada en operaci\u00f3n de los primeros 10 kil\u00f3metros del T\u00fanel Emisor Oriente (TEO) -para finales de mayo- con lo que, reiter\u00f3, se descarta el riesgo de una gran inundaci\u00f3n.<\/p>\n<p>Adem\u00e1s, una plataforma digital que permitir\u00e1 tomar decisiones, en tiempo real, a las autoridades del DF, estado de M\u00e9xico y Comisi\u00f3n Nacional del (Conagua) para operar la infraestructura hidr\u00e1ulica del Valle de M\u00e9xico.<\/p>\n<p>Anteriormente, al participar en la instalaci\u00f3n del Consejo Acad\u00e9mico del Instituto de Especializaci\u00f3n de Justicia Administrativa y Fiscal del Tribunal de lo Contencioso Administrativo del DF, el jefe del gobierno capitalino refrend\u00f3 su compromiso en la conformaci\u00f3n de cuerpos judiciales que optimicen la impartici\u00f3n de justicia en la ciudad de M\u00e9xico.<\/p>\n<p>En las instalaciones del organismo, sostuvo que la implementaci\u00f3n\u00a0 de este consejo coadyuvar\u00e1 significativamente en la resoluci\u00f3n de las controversias que pudieran generarse entre los ciudadanos y las instituciones gubernamentales.<\/p>\n<p>\u201cEstamos trabajando hacia el mismo rumbo para que la ciudad de M\u00e9xico cada vez tenga mejores instituciones, cada vez sea m\u00e1s s\u00f3lida, cada vez sea m\u00e1s moderna y cada vez encuentre hombres y mujeres mejor preparados\u201d, indic\u00f3 Mancera Espinosa.<\/p>\n<p>Luego de la toma de protesta a cargo de la presidenta del Tribunal de lo Contencioso Administrativo del DF, Yasm\u00edn Esquivel Mossa, el mandatario capitalino asegur\u00f3 que las acciones que emprende el organismo responden a las peticiones de la ciudadan\u00eda de contar con una justicia mejor orientada y preparada.<\/p>\n<p>&nbsp;<\/p>\n","protected":false},"excerpt":{"rendered":"<p>Para atender los problemas que se registren en la capital del pa\u00eds durante la temporada de lluvias, el gobierno del Distrito Federal puso en marcha el operativo \u201cTormenta 2013\u201d en el que participan 3 mil servidores p\u00fablicos.<\/p>\n","protected":false},"author":3,"featured_media":132394,"comment_status":"open","ping_status":"open","sticky":false,"template":"","format":"standard","meta":{"_monsterinsights_skip_tracking":false,"_monsterinsights_sitenote_active":false,"_monsterinsights_sitenote_note":"","_monsterinsights_sitenote_category":0,"footnotes":""},"categories":[17,6],"tags":[43691],"class_list":["post-132295","post","type-post","status-publish","format-standard","has-post-thumbnail","hentry","category-especiales","category-cd-de-mexico","tag-gdf"],"_links":{"self":[{"href":"https:\/\/www.diarioimagen.net\/index.php?rest_route=\/wp\/v2\/posts\/132295","targetHints":{"allow":["GET"]}}],"collection":[{"href":"https:\/\/www.diarioimagen.net\/index.php?rest_route=\/wp\/v2\/posts"}],"about":[{"href":"https:\/\/www.diarioimagen.net\/index.php?rest_route=\/wp\/v2\/types\/post"}],"author":[{"embeddable":true,"href":"https:\/\/www.diarioimagen.net\/index.php?rest_route=\/wp\/v2\/users\/3"}],"replies":[{"embeddable":true,"href":"https:\/\/www.diarioimagen.net\/index.php?rest_route=%2Fwp%2Fv2%2Fcomments&post=132295"}],"version-history":[{"count":0,"href":"https:\/\/www.diarioimagen.net\/index.php?rest_route=\/wp\/v2\/posts\/132295\/revisions"}],"wp:featuredmedia":[{"embeddable":true,"href":"https:\/\/www.diarioimagen.net\/index.php?rest_route=\/wp\/v2\/media\/132394"}],"wp:attachment":[{"href":"https:\/\/www.diarioimagen.net\/index.php?rest_route=%2Fwp%2Fv2%2Fmedia&parent=132295"}],"wp:term":[{"taxonomy":"category","embeddable":true,"href":"https:\/\/www.diarioimagen.net\/index.php?rest_route=%2Fwp%2Fv2%2Fcategories&post=132295"},{"taxonomy":"post_tag","embeddable":true,"href":"https:\/\/www.diarioimagen.net\/index.php?rest_route=%2Fwp%2Fv2%2Ftags&post=132295"}],"curies":[{"name":"wp","href":"https:\/\/api.w.org\/{rel}","templated":true}]}}