{"id":132299,"date":"2013-05-17T00:08:02","date_gmt":"2013-05-17T05:08:02","guid":{"rendered":"http:\/\/www.diarioimagen.net\/?p=132299"},"modified":"2013-05-17T02:48:42","modified_gmt":"2013-05-17T07:48:42","slug":"resulta-exitosa-campana-sobre-cultura-del-agua","status":"publish","type":"post","link":"https:\/\/www.diarioimagen.net\/?p=132299","title":{"rendered":"Resulta exitosa campa\u00f1a sobre cultura del agua"},"content":{"rendered":"<div id=\"attachment_132407\" style=\"width: 250px\" class=\"wp-caption alignleft\"><a href=\"http:\/\/www.diarioimagen.net\/wp-content\/uploads\/2013\/05\/CUAUTITLAN-2100.jpg\"><img loading=\"lazy\" decoding=\"async\" aria-describedby=\"caption-attachment-132407\" class=\"size-medium wp-image-132407\" alt=\"Estos ni\u00f1os de Cuautitl\u00e1n Izcalli ser\u00e1n inspectores para frenar el desperdicio del agua y son patrocinados por el organismo municipal operador del vital l\u00edquido.\" src=\"http:\/\/www.diarioimagen.net\/wp-content\/uploads\/2013\/05\/CUAUTITLAN-2100-240x135.jpg\" width=\"240\" height=\"135\" srcset=\"https:\/\/www.diarioimagen.net\/wp-content\/uploads\/2013\/05\/CUAUTITLAN-2100-240x135.jpg 240w, https:\/\/www.diarioimagen.net\/wp-content\/uploads\/2013\/05\/CUAUTITLAN-2100-420x236.jpg 420w, https:\/\/www.diarioimagen.net\/wp-content\/uploads\/2013\/05\/CUAUTITLAN-2100-235x132.jpg 235w, https:\/\/www.diarioimagen.net\/wp-content\/uploads\/2013\/05\/CUAUTITLAN-2100-202x114.jpg 202w, https:\/\/www.diarioimagen.net\/wp-content\/uploads\/2013\/05\/CUAUTITLAN-2100-350x196.jpg 350w, https:\/\/www.diarioimagen.net\/wp-content\/uploads\/2013\/05\/CUAUTITLAN-2100-220x123.jpg 220w, https:\/\/www.diarioimagen.net\/wp-content\/uploads\/2013\/05\/CUAUTITLAN-2100-237x132.jpg 237w, https:\/\/www.diarioimagen.net\/wp-content\/uploads\/2013\/05\/CUAUTITLAN-2100.jpg 480w\" sizes=\"auto, (max-width: 240px) 100vw, 240px\" \/><\/a><p id=\"caption-attachment-132407\" class=\"wp-caption-text\">Estos ni\u00f1os de Cuautitl\u00e1n Izcalli ser\u00e1n inspectores para frenar el desperdicio del agua y son patrocinados por el organismo municipal operador del vital l\u00edquido.<\/p><\/div>\n<p><strong>Cuautitl\u00e1n Izcalli<\/strong>.- A dos meses de poner en marcha la campa\u00f1a \u201cYo Soy Cultura del Agua\u201d, el Organismo Operador del Agua (Operagua) imparti\u00f3 ya\u00a0 m\u00e1s de 160 pl\u00e1ticas, a instituciones educativas, empresas y comunidades, por lo que 5 mil 800 izcallenses ya se han capacitado en la materia de ahorro del recurso.<\/p>\n<p>El titular de Operagua, Erik Mart\u00ednez Dom\u00ednguez, destac\u00f3 el \u00e9xito que ha tenido la campa\u00f1a, ya que diversas escuelas de la localidad se han acercado a solicitar las pl\u00e1ticas, obras de teatro y exposiciones encaminadas a generar consciencia\u00a0sobre el cuidado y ahorro del agua.<\/p>\n<p>Inform\u00f3 que a la fecha se han visitado 19 escuelas, tantos jardines de ni\u00f1os, como primarias y secundarias, adem\u00e1s de cuatro comunidades y una empresa, independientemente de las pl\u00e1ticas que ya se tienen contempladas para el presente mes.<\/p>\n<p>Detall\u00f3 que las actividades que se realizan en las instituciones educativas, var\u00edan dependiendo el nivel acad\u00e9mico, es decir, en los jard\u00edn de ni\u00f1os se imparte una pl\u00e1tica, se presenta el teatro gui\u00f1ol y las botargas conviven con los peque\u00f1os.<\/p>\n<p>En las primarias se realizan las mismas actividades, pero la pl\u00e1tica va ilustrada con diapositivas; en tanto, en las secundarias se monta la exposici\u00f3n fotogr\u00e1fica \u201cCiudades con Sed\u201d y el mini museo \u201cAgua pasa por mi casa\u201d, donde se ejemplifican distintas recomendaciones que permiten moderar el uso del l\u00edquido.<\/p>\n<p>La campa\u00f1a \u201cYo Soy Cultura del Agua\u201d se lleva tanto a escuelas p\u00fablicas como particulares. Mart\u00ednez Dom\u00ednguez\u00a0 resalt\u00f3 que de igual forma, el organismo inici\u00f3 ya el programa mediante el cual se va a\u00a0 certificar a las empresas del municipio en materia de cultura del agua, proceso en el que las interesadas deber\u00e1n cumplir ciertos requisitos.<\/p>\n<p>&nbsp;<\/p>\n","protected":false},"excerpt":{"rendered":"<p>A dos meses de poner en marcha la campa\u00f1a \u201cYo Soy Cultura del Agua\u201d, el Organismo Operador del Agua<\/p>\n","protected":false},"author":3,"featured_media":132407,"comment_status":"open","ping_status":"open","sticky":false,"template":"","format":"standard","meta":{"_monsterinsights_skip_tracking":false,"_monsterinsights_sitenote_active":false,"_monsterinsights_sitenote_note":"","_monsterinsights_sitenote_category":0,"footnotes":""},"categories":[5],"tags":[162,971,43675],"class_list":["post-132299","post","type-post","status-publish","format-standard","has-post-thumbnail","hentry","category-estado-de-mexico","tag-agua","tag-cuautitlan-izcalli","tag-estado-de-mexico"],"_links":{"self":[{"href":"https:\/\/www.diarioimagen.net\/index.php?rest_route=\/wp\/v2\/posts\/132299","targetHints":{"allow":["GET"]}}],"collection":[{"href":"https:\/\/www.diarioimagen.net\/index.php?rest_route=\/wp\/v2\/posts"}],"about":[{"href":"https:\/\/www.diarioimagen.net\/index.php?rest_route=\/wp\/v2\/types\/post"}],"author":[{"embeddable":true,"href":"https:\/\/www.diarioimagen.net\/index.php?rest_route=\/wp\/v2\/users\/3"}],"replies":[{"embeddable":true,"href":"https:\/\/www.diarioimagen.net\/index.php?rest_route=%2Fwp%2Fv2%2Fcomments&post=132299"}],"version-history":[{"count":0,"href":"https:\/\/www.diarioimagen.net\/index.php?rest_route=\/wp\/v2\/posts\/132299\/revisions"}],"wp:featuredmedia":[{"embeddable":true,"href":"https:\/\/www.diarioimagen.net\/index.php?rest_route=\/wp\/v2\/media\/132407"}],"wp:attachment":[{"href":"https:\/\/www.diarioimagen.net\/index.php?rest_route=%2Fwp%2Fv2%2Fmedia&parent=132299"}],"wp:term":[{"taxonomy":"category","embeddable":true,"href":"https:\/\/www.diarioimagen.net\/index.php?rest_route=%2Fwp%2Fv2%2Fcategories&post=132299"},{"taxonomy":"post_tag","embeddable":true,"href":"https:\/\/www.diarioimagen.net\/index.php?rest_route=%2Fwp%2Fv2%2Ftags&post=132299"}],"curies":[{"name":"wp","href":"https:\/\/api.w.org\/{rel}","templated":true}]}}