{"id":132304,"date":"2013-05-17T00:06:10","date_gmt":"2013-05-17T05:06:10","guid":{"rendered":"http:\/\/www.diarioimagen.net\/?p=132304"},"modified":"2013-05-17T02:46:46","modified_gmt":"2013-05-17T07:46:46","slug":"dos-aerolineas-suspenden-sus-operaciones-en-puebla","status":"publish","type":"post","link":"https:\/\/www.diarioimagen.net\/?p=132304","title":{"rendered":"Dos aerol\u00edneas suspenden sus operaciones en Puebla"},"content":{"rendered":"<ul>\n<li><strong><em>Aerom\u00e9xico y United Airlines decidieron cancelar sus vuelos como medida de precauci\u00f3n ante la posible ca\u00edda de ceniza<\/em><\/strong><\/li>\n<li><em><strong>Alerta por <\/strong><\/em><strong>Don Goyo<\/strong><em><strong> sigue en Amarillo Fase III<\/strong><\/em><\/li>\n<\/ul>\n<div id=\"attachment_132417\" style=\"width: 250px\" class=\"wp-caption alignleft\"><a href=\"http:\/\/www.diarioimagen.net\/wp-content\/uploads\/2013\/05\/Popocatepetl-2100.jpg\"><img loading=\"lazy\" decoding=\"async\" aria-describedby=\"caption-attachment-132417\" class=\"size-medium wp-image-132417\" alt=\"El Popocat\u00e9petl contin\u00faa con su actividad, lo que propici\u00f3 que dos l\u00edneas a\u00e9reas importantes cancelaran algunos de sus vuelos como medida de apremio por la ca\u00edda de ceniza que afecta los motores.\" src=\"http:\/\/www.diarioimagen.net\/wp-content\/uploads\/2013\/05\/Popocatepetl-2100-240x135.jpg\" width=\"240\" height=\"135\" srcset=\"https:\/\/www.diarioimagen.net\/wp-content\/uploads\/2013\/05\/Popocatepetl-2100-240x135.jpg 240w, https:\/\/www.diarioimagen.net\/wp-content\/uploads\/2013\/05\/Popocatepetl-2100-420x236.jpg 420w, https:\/\/www.diarioimagen.net\/wp-content\/uploads\/2013\/05\/Popocatepetl-2100-235x132.jpg 235w, https:\/\/www.diarioimagen.net\/wp-content\/uploads\/2013\/05\/Popocatepetl-2100-202x114.jpg 202w, https:\/\/www.diarioimagen.net\/wp-content\/uploads\/2013\/05\/Popocatepetl-2100-350x196.jpg 350w, https:\/\/www.diarioimagen.net\/wp-content\/uploads\/2013\/05\/Popocatepetl-2100-220x123.jpg 220w, https:\/\/www.diarioimagen.net\/wp-content\/uploads\/2013\/05\/Popocatepetl-2100-237x132.jpg 237w, https:\/\/www.diarioimagen.net\/wp-content\/uploads\/2013\/05\/Popocatepetl-2100.jpg 480w\" sizes=\"auto, (max-width: 240px) 100vw, 240px\" \/><\/a><p id=\"caption-attachment-132417\" class=\"wp-caption-text\">El Popocat\u00e9petl contin\u00faa con su actividad, lo que propici\u00f3 que dos l\u00edneas a\u00e9reas importantes cancelaran algunos de sus vuelos como medida de apremio por la ca\u00edda de ceniza que afecta los motores.<\/p><\/div>\n<p>Las aerol\u00edneas Aerom\u00e9xico y United Airlines cancelaron sus vuelos en el Aeropuerto Internacional de Puebla \u201cHermanos Serd\u00e1n\u201d ubicado en el municipio de Huejotzingo, inform\u00f3 Jes\u00fas Morales Rodr\u00edguez, director estatal de Protecci\u00f3n Civil.<\/p>\n<p>Esto ante la reciente actividad del volc\u00e1n Popocat\u00e9petl, las empresas aeron\u00e1uticas suspendieron parcialmente operaciones, sin embargo, el Aeropuerto Internacional \u201cHermanos Serd\u00e1n\u201d contin\u00faa con el resto de los vuelos.<\/p>\n<p>La direcci\u00f3n estatal de Protecci\u00f3n Civil se\u00f1al\u00f3 que en d\u00edas recientes no ha ca\u00eddo ceniza en los municipios aleda\u00f1os al coloso.<\/p>\n<p>Incluso, a trav\u00e9s de la red social Twitter, el gobernador poblano Rafael Moreno Valle Rosas notific\u00f3 que a\u00fan con el incremento en la alerta volc\u00e1nica que el domingo pas\u00f3 de Amarillo Fase 2 a 3, las operaciones en el aeropuerto pocrecimiento de domos y posible expulsi\u00f3n de lavablano continuar\u00edan con normalidad.<\/p>\n<p>La semana pasada, una intensa lluvia de ceniza ocasion\u00f3 el cese parcial de operaciones en el aer\u00f3dromo local.<\/p>\n<p>Durante la tarde y noche de ayer el volc\u00e1n Popocat\u00e9petl registr\u00f3 12 exhalaciones de baja a mediana intensidad, que probablemente fueron acompa\u00f1adas por la emisi\u00f3n de vapor de agua, gases y peque\u00f1as cantidades de ceniza.<\/p>\n<p>Adicionalmente, a partir de las 15:49 horas se detectaron al menos tres sismos vulcanotect\u00f3nicos de peque\u00f1a magnitud y numerosas se\u00f1ales h\u00edbridas, inform\u00f3 el Centro Nacional de Prevenci\u00f3n de Desastres (Cenapred).<\/p>\n<p>Refiri\u00f3 que el Nivel de Alerta Volc\u00e1nica permanece en Amarillo Fase 3, y record\u00f3 que en a\u00f1os pasados este tipo de actividad ha estado asociada a ascensos de material magm\u00e1tico<\/p>\n<p>Adem\u00e1s, crecimiento de domos y posible expulsi\u00f3n de lava, as\u00ed como explosiones de intensidad creciente, generaci\u00f3n de flujos pirocl\u00e1sticos y lluvias de ceniza notorias sobre poblaciones cercanas, y en menores cantidades en poblaciones m\u00e1s alejadas, dependiendo de la direcci\u00f3n de los vientos.<\/p>\n<p>\u201cDesde la \u00faltima actualizaci\u00f3n de este reporte, hace nueve horas, el sistema de monitoreo del volc\u00e1n Popocat\u00e9petl ha detectado 12 exhalaciones de baja a mediana intensidad\u201d, anot\u00f3 el Cenapred.<\/p>\n<p>Ante ello, pidi\u00f3 a las autoridades locales continuar con el radio de seguridad de 12 kil\u00f3metros para evitar la presencia de personas en esa zona y mantener el tr\u00e1nsito controlado entre Santiago Xalitzintla y San Pedro Nexapa, v\u00eda Paso de Cort\u00e9s.<\/p>\n<p>A las autoridades de Protecci\u00f3n Civil, les pidi\u00f3 mantener sus procedimientos preventivos, de acuerdo con sus planes operativos; mientras que a la poblaci\u00f3n, le sugiri\u00f3 estar atenta a la informaci\u00f3n oficial que se difunda.<\/p>\n<p>El Centro Nacional de Prevenci\u00f3n de Desastres resalt\u00f3 que el monitoreo del volc\u00e1n Popocat\u00e9petl se realiza de forma continua las 24 horas y que cualquier cambio significativo de la actividad del coloso ser\u00e1 notificado oportunamente.<b><\/b><\/p>\n<p>&nbsp;<\/p>\n","protected":false},"excerpt":{"rendered":"<p>Las aerol\u00edneas Aerom\u00e9xico y United Airlines cancelaron sus vuelos en el Aeropuerto Internacional de Puebla \u201cHermanos Serd\u00e1n\u201d ubicado en el municipio de Huejotzingo, inform\u00f3 Jes\u00fas Morales Rodr\u00edguez, director estatal de Protecci\u00f3n Civil.<\/p>\n","protected":false},"author":3,"featured_media":132417,"comment_status":"open","ping_status":"open","sticky":false,"template":"","format":"standard","meta":{"_monsterinsights_skip_tracking":false,"_monsterinsights_sitenote_active":false,"_monsterinsights_sitenote_note":"","_monsterinsights_sitenote_category":0,"footnotes":""},"categories":[3],"tags":[3607,21959,5048,57,17656],"class_list":["post-132304","post","type-post","status-publish","format-standard","has-post-thumbnail","hentry","category-nacional","tag-aeromexico","tag-don-goyo","tag-popocatepetl","tag-proteccion-civil","tag-united-airlines"],"_links":{"self":[{"href":"https:\/\/www.diarioimagen.net\/index.php?rest_route=\/wp\/v2\/posts\/132304","targetHints":{"allow":["GET"]}}],"collection":[{"href":"https:\/\/www.diarioimagen.net\/index.php?rest_route=\/wp\/v2\/posts"}],"about":[{"href":"https:\/\/www.diarioimagen.net\/index.php?rest_route=\/wp\/v2\/types\/post"}],"author":[{"embeddable":true,"href":"https:\/\/www.diarioimagen.net\/index.php?rest_route=\/wp\/v2\/users\/3"}],"replies":[{"embeddable":true,"href":"https:\/\/www.diarioimagen.net\/index.php?rest_route=%2Fwp%2Fv2%2Fcomments&post=132304"}],"version-history":[{"count":0,"href":"https:\/\/www.diarioimagen.net\/index.php?rest_route=\/wp\/v2\/posts\/132304\/revisions"}],"wp:featuredmedia":[{"embeddable":true,"href":"https:\/\/www.diarioimagen.net\/index.php?rest_route=\/wp\/v2\/media\/132417"}],"wp:attachment":[{"href":"https:\/\/www.diarioimagen.net\/index.php?rest_route=%2Fwp%2Fv2%2Fmedia&parent=132304"}],"wp:term":[{"taxonomy":"category","embeddable":true,"href":"https:\/\/www.diarioimagen.net\/index.php?rest_route=%2Fwp%2Fv2%2Fcategories&post=132304"},{"taxonomy":"post_tag","embeddable":true,"href":"https:\/\/www.diarioimagen.net\/index.php?rest_route=%2Fwp%2Fv2%2Ftags&post=132304"}],"curies":[{"name":"wp","href":"https:\/\/api.w.org\/{rel}","templated":true}]}}