{"id":132470,"date":"2013-05-20T00:03:10","date_gmt":"2013-05-20T05:03:10","guid":{"rendered":"http:\/\/www.diarioimagen.net\/?p=132470"},"modified":"2013-05-21T02:50:42","modified_gmt":"2013-05-21T07:50:42","slug":"mancera-presenta-plan-de-rescate-de-las-barrancas","status":"publish","type":"post","link":"https:\/\/www.diarioimagen.net\/?p=132470","title":{"rendered":"Mancera presenta plan de rescate de las barrancas"},"content":{"rendered":"<ul>\n<li><strong><em>Adem\u00e1s de recuperar el entorno ecol\u00f3gico de esas zonas de la ciudad, tambi\u00e9n generar\u00e1 empleo para los vecinos<\/em><\/strong><\/li>\n<\/ul>\n<div id=\"attachment_132501\" style=\"width: 250px\" class=\"wp-caption alignleft\"><a href=\"http:\/\/www.diarioimagen.net\/wp-content\/uploads\/2013\/05\/Mancera-2101.jpg\"><img loading=\"lazy\" decoding=\"async\" aria-describedby=\"caption-attachment-132501\" class=\"size-medium wp-image-132501\" alt=\"El jefe de gobierno del DF, Miguel \u00c1ngel Mancera, puso en marcha un programa de rescate de las barrancas de \u00c1lvaro Obreg\u00f3n y Cuajimalpa, que dar\u00e1 empleos provisionales.\" src=\"http:\/\/www.diarioimagen.net\/wp-content\/uploads\/2013\/05\/Mancera-2101-240x135.jpg\" width=\"240\" height=\"135\" srcset=\"https:\/\/www.diarioimagen.net\/wp-content\/uploads\/2013\/05\/Mancera-2101-240x135.jpg 240w, https:\/\/www.diarioimagen.net\/wp-content\/uploads\/2013\/05\/Mancera-2101-420x236.jpg 420w, https:\/\/www.diarioimagen.net\/wp-content\/uploads\/2013\/05\/Mancera-2101-235x132.jpg 235w, https:\/\/www.diarioimagen.net\/wp-content\/uploads\/2013\/05\/Mancera-2101-202x114.jpg 202w, https:\/\/www.diarioimagen.net\/wp-content\/uploads\/2013\/05\/Mancera-2101-350x196.jpg 350w, https:\/\/www.diarioimagen.net\/wp-content\/uploads\/2013\/05\/Mancera-2101-220x123.jpg 220w, https:\/\/www.diarioimagen.net\/wp-content\/uploads\/2013\/05\/Mancera-2101-237x132.jpg 237w, https:\/\/www.diarioimagen.net\/wp-content\/uploads\/2013\/05\/Mancera-2101.jpg 480w\" sizes=\"auto, (max-width: 240px) 100vw, 240px\" \/><\/a><p id=\"caption-attachment-132501\" class=\"wp-caption-text\">El jefe de gobierno del DF, Miguel \u00c1ngel Mancera, puso en marcha un programa de rescate de las barrancas de \u00c1lvaro Obreg\u00f3n y Cuajimalpa, que dar\u00e1 empleos provisionales.<\/p><\/div>\n<p>El jefe de gobierno del Distrito Federal, Miguel \u00c1ngel Mancera Espinosa, present\u00f3 ayer el primero de una serie de proyectos de rescate de barrancas en la ciudad, que a la vez de recuperar el entorno ecol\u00f3gico de esas zonas, generar\u00e1 empleos entre sus habitantes.<\/p>\n<p>En esta ocasi\u00f3n, el mandatario capitalino dio a conocer la creaci\u00f3n de un Invernadero de Especies Nativas y en Peligro de Extinci\u00f3n en \u00c1lvaro Obreg\u00f3n, en el que se dar\u00e1 empleo a 200 vecinos \u2013primordialmente adultos mayores y jefas de familia\u2013, quienes recibir\u00e1n capacitaci\u00f3n y un apoyo econ\u00f3mico para convertirse en productores de plantas end\u00e9micas.<\/p>\n<p>Con este proyecto se rescata,\u00a0luego de 40 a\u00f1os de deterioro, la barranca R\u00edo San Borja, a trav\u00e9s de un proyecto agr\u00edcola y \u00a0productivo.<\/p>\n<p>\u201cVamos a seguir con estas acciones, ya anunciamos el Rescate Barrial, esa tarea sigue y est\u00e1 cambiando esa zona. Hoy se est\u00e1 dando un anuncio fundamental que es de rescate de la barranca, una tarea ecol\u00f3gica y de fomento a una actividad agr\u00edcola\u201d, indic\u00f3 el mandatario capitalino sobre las acciones que de manera conjunta se desarrollan en la demarcaci\u00f3n.<\/p>\n<p>Luego de realizar un recorrido, Miguel \u00c1ngel Mancera refrend\u00f3 el compromiso de su administraci\u00f3n para trabajar de la mano con las autoridades delegacionales y en este caso, fomentar el empleo mediante el rescate ambiental y el apoyo al sector agr\u00edcola urbano, sobre todo en una zona de gran valor ecol\u00f3gico que estuvo en el olvido por d\u00e9cadas, aun cuando es un \u00e1rea fundamental para recargar el manto acu\u00edfero.<\/p>\n<p>\u201cSeguiremos con el rescate de las barrancas, nos falta trabajar Santa Fe, nos falta trabajar Tarango, ah\u00ed vamos a estar y aqu\u00ed vamos a cuidarlo. Yo les pido a ustedes que lo cuidemos juntos, as\u00ed como lo decidimos, que trabajemos para que aqu\u00ed cada vez se vea mejor, vamos a buscar que todos los que habitan aqu\u00ed est\u00e9n en mejores condiciones\u201d, expres\u00f3 Miguel \u00c1ngel Mancera ante vecinos reunidos.<\/p>\n<p>En tanto, Leonel Luna, jefe delegacional en \u00c1lvaro Obreg\u00f3n, explic\u00f3 que desde el 2008 comenzaron las labores de rehabilitaci\u00f3n en un brazo de esta barranca, pero \u00a0fue a partir de este a\u00f1o que con la intervenci\u00f3n de las Secretar\u00edas de Desarrollo Rural y Medio Ambiente capitalino se logr\u00f3 el retiro de casi 13 mil toneladas de basura y se dise\u00f1\u00f3 con el apoyo de la Secretar\u00eda del Trabajo y Fomento al Empleo un programa para generar al mismo tiempo, oportunidades de desarrollo laboral para los vecinos de la regi\u00f3n.<\/p>\n<p>&nbsp;<\/p>\n","protected":false},"excerpt":{"rendered":"<p>El jefe de gobierno del Distrito Federal, Miguel \u00c1ngel Mancera Espinosa, present\u00f3 ayer el primero de una serie de proyectos de rescate de barrancas en la ciudad, que a la vez de recuperar el entorno ecol\u00f3gico de esas zonas, generar\u00e1 empleos entre sus habitantes.<\/p>\n","protected":false},"author":3,"featured_media":132501,"comment_status":"open","ping_status":"open","sticky":false,"template":"","format":"standard","meta":{"_monsterinsights_skip_tracking":false,"_monsterinsights_sitenote_active":false,"_monsterinsights_sitenote_note":"","_monsterinsights_sitenote_category":0,"footnotes":""},"categories":[17,6],"tags":[204,5314],"class_list":["post-132470","post","type-post","status-publish","format-standard","has-post-thumbnail","hentry","category-especiales","category-cd-de-mexico","tag-ciudad-de-mexico","tag-miguel-angel-mancera-espinosa"],"_links":{"self":[{"href":"https:\/\/www.diarioimagen.net\/index.php?rest_route=\/wp\/v2\/posts\/132470","targetHints":{"allow":["GET"]}}],"collection":[{"href":"https:\/\/www.diarioimagen.net\/index.php?rest_route=\/wp\/v2\/posts"}],"about":[{"href":"https:\/\/www.diarioimagen.net\/index.php?rest_route=\/wp\/v2\/types\/post"}],"author":[{"embeddable":true,"href":"https:\/\/www.diarioimagen.net\/index.php?rest_route=\/wp\/v2\/users\/3"}],"replies":[{"embeddable":true,"href":"https:\/\/www.diarioimagen.net\/index.php?rest_route=%2Fwp%2Fv2%2Fcomments&post=132470"}],"version-history":[{"count":0,"href":"https:\/\/www.diarioimagen.net\/index.php?rest_route=\/wp\/v2\/posts\/132470\/revisions"}],"wp:featuredmedia":[{"embeddable":true,"href":"https:\/\/www.diarioimagen.net\/index.php?rest_route=\/wp\/v2\/media\/132501"}],"wp:attachment":[{"href":"https:\/\/www.diarioimagen.net\/index.php?rest_route=%2Fwp%2Fv2%2Fmedia&parent=132470"}],"wp:term":[{"taxonomy":"category","embeddable":true,"href":"https:\/\/www.diarioimagen.net\/index.php?rest_route=%2Fwp%2Fv2%2Fcategories&post=132470"},{"taxonomy":"post_tag","embeddable":true,"href":"https:\/\/www.diarioimagen.net\/index.php?rest_route=%2Fwp%2Fv2%2Ftags&post=132470"}],"curies":[{"name":"wp","href":"https:\/\/api.w.org\/{rel}","templated":true}]}}