{"id":132472,"date":"2013-05-20T00:02:56","date_gmt":"2013-05-20T05:02:56","guid":{"rendered":"http:\/\/www.diarioimagen.net\/?p=132472"},"modified":"2013-05-21T02:50:37","modified_gmt":"2013-05-21T07:50:37","slug":"madero-quita-a-cordero-la-coordinacion-de-senadores","status":"publish","type":"post","link":"https:\/\/www.diarioimagen.net\/?p=132472","title":{"rendered":"Madero quita a Cordero la coordinaci\u00f3n de senadores"},"content":{"rendered":"<ul>\n<li><strong><em>Manda carta a legisladores albiazules<\/em><\/strong><\/li>\n<\/ul>\n<div id=\"attachment_132505\" style=\"width: 250px\" class=\"wp-caption alignleft\"><a href=\"http:\/\/www.diarioimagen.net\/wp-content\/uploads\/2013\/05\/Madero-2101.jpg\"><img loading=\"lazy\" decoding=\"async\" aria-describedby=\"caption-attachment-132505\" class=\"size-medium wp-image-132505\" alt=\"El dirigente nacional del PAN, Gustavo Madero, hizo el anuncio y se\u00f1ala que tiene atribuciones para ello y que no se trata de firmas y adhesiones.\" src=\"http:\/\/www.diarioimagen.net\/wp-content\/uploads\/2013\/05\/Madero-2101-240x135.jpg\" width=\"240\" height=\"135\" srcset=\"https:\/\/www.diarioimagen.net\/wp-content\/uploads\/2013\/05\/Madero-2101-240x135.jpg 240w, https:\/\/www.diarioimagen.net\/wp-content\/uploads\/2013\/05\/Madero-2101-420x236.jpg 420w, https:\/\/www.diarioimagen.net\/wp-content\/uploads\/2013\/05\/Madero-2101-235x132.jpg 235w, https:\/\/www.diarioimagen.net\/wp-content\/uploads\/2013\/05\/Madero-2101-202x114.jpg 202w, https:\/\/www.diarioimagen.net\/wp-content\/uploads\/2013\/05\/Madero-2101-350x196.jpg 350w, https:\/\/www.diarioimagen.net\/wp-content\/uploads\/2013\/05\/Madero-2101-220x123.jpg 220w, https:\/\/www.diarioimagen.net\/wp-content\/uploads\/2013\/05\/Madero-2101-237x132.jpg 237w, https:\/\/www.diarioimagen.net\/wp-content\/uploads\/2013\/05\/Madero-2101.jpg 480w\" sizes=\"auto, (max-width: 240px) 100vw, 240px\" \/><\/a><p id=\"caption-attachment-132505\" class=\"wp-caption-text\">El dirigente nacional del PAN, Gustavo Madero, hizo el anuncio y se\u00f1ala que tiene atribuciones para ello y que no se trata de firmas y adhesiones.<\/p><\/div>\n<p>Gustavo Madero, presidente nacional del PAN, decidi\u00f3 remover a Ernesto Cordero Arroyo como coordinador del grupo parlamentario blanquiazul en el Senado de la Rep\u00fablica, determinaci\u00f3n que comunic\u00f3 a varios senadores albiazules, a quienes explic\u00f3 que las cr\u00edticas y agresiones lanzadas contra su persona por parte de los calderonistas precipit\u00f3 la remoci\u00f3n.<\/p>\n<p>\u201cNo se puede trabajar con un coordinador que permanentemente golpea a la instituci\u00f3n. La intenci\u00f3n era dialogar pero, por los insultos, la decisi\u00f3n la precipitaron los calderonistas\u201d, explic\u00f3 uno de los senadores.<\/p>\n<p>A su vez, la secretaria general del PAN, Cecilia Romero, tambi\u00e9n asegur\u00f3 que la determinaci\u00f3n est\u00e1 tomada.<\/p>\n<p>\u201cEs muy probable que el presidente (del partido) ya haya platicado con el senador Cordero para comunicarle la decisi\u00f3n y si lo hizo fue en uso de sus facultades estatutarias\u201d, dijo.<\/p>\n<p>\u201cYa hab\u00eda una decisi\u00f3n del presidente del partido y esta es la decisi\u00f3n que se comunic\u00f3\u201d, expres\u00f3.<\/p>\n<p>La integrante del CEN panista reconoci\u00f3 que la decisi\u00f3n puede desatar pol\u00e9mica, pero advirti\u00f3 que la estabilidad de la bancada depender\u00e1 de la voluntad de los propios senadores.<\/p>\n<p>\u201cCualquier decisi\u00f3n como \u00e9sta pone en jaque al panismo, al grupo parlamentario, al presidente Madero y a su dirigencia, pero las crisis se generan cuando as\u00ed lo deciden las personas\u201d, agreg\u00f3.<\/p>\n<p align=\"center\"><b>Respaldan senadores a Cordero<\/b><\/p>\n<p>Un total de 24 de los 38 senadores del PAN enviaron una carta al dirigente nacional de ese partido, en la que defienden la permanencia de Ernesto Cordero como coordinador de la bancada.<\/p>\n<p>En la misiva, los legisladores respaldan al ex secretario de Hacienda y conf\u00edan en que puedan salir cohesionados luego de la reuni\u00f3n a la que fueron convocados el pr\u00f3ximo martes.<\/p>\n","protected":false},"excerpt":{"rendered":"<p>Gustavo Madero, presidente nacional del PAN, decidi\u00f3 remover a Ernesto Cordero Arroyo como coordinador del grupo parlamentario blanquiazul en el Senado de la Rep\u00fablica, determinaci\u00f3n que comunic\u00f3 a varios senadores albiazules, a quienes explic\u00f3 que las cr\u00edticas y agresiones lanzadas contra su persona por parte de los calderonistas precipit\u00f3 la remoci\u00f3n.<\/p>\n","protected":false},"author":3,"featured_media":132505,"comment_status":"open","ping_status":"open","sticky":false,"template":"","format":"standard","meta":{"_monsterinsights_skip_tracking":false,"_monsterinsights_sitenote_active":false,"_monsterinsights_sitenote_note":"","_monsterinsights_sitenote_category":0,"footnotes":""},"categories":[17,3],"tags":[24886,8617,10227,91],"class_list":["post-132472","post","type-post","status-publish","format-standard","has-post-thumbnail","hentry","category-especiales","category-nacional","tag-bancada","tag-ernesto-cordero-arroyo","tag-gustavo-madero-munoz","tag-pan"],"_links":{"self":[{"href":"https:\/\/www.diarioimagen.net\/index.php?rest_route=\/wp\/v2\/posts\/132472","targetHints":{"allow":["GET"]}}],"collection":[{"href":"https:\/\/www.diarioimagen.net\/index.php?rest_route=\/wp\/v2\/posts"}],"about":[{"href":"https:\/\/www.diarioimagen.net\/index.php?rest_route=\/wp\/v2\/types\/post"}],"author":[{"embeddable":true,"href":"https:\/\/www.diarioimagen.net\/index.php?rest_route=\/wp\/v2\/users\/3"}],"replies":[{"embeddable":true,"href":"https:\/\/www.diarioimagen.net\/index.php?rest_route=%2Fwp%2Fv2%2Fcomments&post=132472"}],"version-history":[{"count":0,"href":"https:\/\/www.diarioimagen.net\/index.php?rest_route=\/wp\/v2\/posts\/132472\/revisions"}],"wp:featuredmedia":[{"embeddable":true,"href":"https:\/\/www.diarioimagen.net\/index.php?rest_route=\/wp\/v2\/media\/132505"}],"wp:attachment":[{"href":"https:\/\/www.diarioimagen.net\/index.php?rest_route=%2Fwp%2Fv2%2Fmedia&parent=132472"}],"wp:term":[{"taxonomy":"category","embeddable":true,"href":"https:\/\/www.diarioimagen.net\/index.php?rest_route=%2Fwp%2Fv2%2Fcategories&post=132472"},{"taxonomy":"post_tag","embeddable":true,"href":"https:\/\/www.diarioimagen.net\/index.php?rest_route=%2Fwp%2Fv2%2Ftags&post=132472"}],"curies":[{"name":"wp","href":"https:\/\/api.w.org\/{rel}","templated":true}]}}