{"id":132492,"date":"2013-05-20T00:09:22","date_gmt":"2013-05-20T05:09:22","guid":{"rendered":"http:\/\/www.diarioimagen.net\/?p=132492"},"modified":"2013-05-20T01:28:38","modified_gmt":"2013-05-20T06:28:38","slug":"estalla-petardo-en-el-metro-bellas-artes","status":"publish","type":"post","link":"https:\/\/www.diarioimagen.net\/?p=132492","title":{"rendered":"Estalla petardo en el Metro Bellas Artes"},"content":{"rendered":"<p><strong><em>Deja cuatro lesionados<\/em><\/strong><\/p>\n<p><a href=\"http:\/\/www.diarioimagen.net\/wp-content\/uploads\/2013\/05\/bellas-artes-2101.jpg\"><img loading=\"lazy\" decoding=\"async\" class=\"alignleft size-medium wp-image-132565\" style=\"margin-right: 9px; margin-bottom: 9px;\" alt=\"bellas-artes-2101\" src=\"http:\/\/www.diarioimagen.net\/wp-content\/uploads\/2013\/05\/bellas-artes-2101-240x135.jpg\" width=\"240\" height=\"135\" srcset=\"https:\/\/www.diarioimagen.net\/wp-content\/uploads\/2013\/05\/bellas-artes-2101-240x135.jpg 240w, https:\/\/www.diarioimagen.net\/wp-content\/uploads\/2013\/05\/bellas-artes-2101-420x236.jpg 420w, https:\/\/www.diarioimagen.net\/wp-content\/uploads\/2013\/05\/bellas-artes-2101-235x132.jpg 235w, https:\/\/www.diarioimagen.net\/wp-content\/uploads\/2013\/05\/bellas-artes-2101-202x114.jpg 202w, https:\/\/www.diarioimagen.net\/wp-content\/uploads\/2013\/05\/bellas-artes-2101-350x196.jpg 350w, https:\/\/www.diarioimagen.net\/wp-content\/uploads\/2013\/05\/bellas-artes-2101-220x123.jpg 220w, https:\/\/www.diarioimagen.net\/wp-content\/uploads\/2013\/05\/bellas-artes-2101-237x132.jpg 237w, https:\/\/www.diarioimagen.net\/wp-content\/uploads\/2013\/05\/bellas-artes-2101.jpg 480w\" sizes=\"auto, (max-width: 240px) 100vw, 240px\" \/><\/a>Un petardo estall\u00f3 en la estaci\u00f3n del Metro Bellas, dejando al menos cuatro personas lesionadas, entre ellos un menor de edad. La detonaci\u00f3n caus\u00f3 p\u00e1nico entre las personas que caminaban en el pasillo cerca de la salida a Eje Central.<\/p>\n<p>Autoridades del Sistema de Transporte Colectivo (Metro) analizan los videos de la estaci\u00f3n Bellas Artes, donde aproximadamente a las 16:40 se registr\u00f3 la detonaci\u00f3n.<\/p>\n<p>Los primeros reportes refirieron que por la rejilla que da hacia la calle una persona arroj\u00f3 un petardo al \u00e1rea de sanitarios p\u00fablicos que se encuentran en la estaci\u00f3n del Metro.<\/p>\n<p>En este caso, los primeros reportes de la Polic\u00eda Preventiva capitalina, informaron que al lugar acudieron servicios de emergencia que atendieron a las personas heridas, ya que no requirieron hospitalizaci\u00f3n para la atenci\u00f3n de sus heridas.<\/p>\n<p>Las autoridades mencionaron que hasta el momento no hay detenidos y que se dio parte al Ministerio P\u00fablico de la Procuradur\u00eda General de Justicia del Distrito Federal (PGJDF), para que se inicien las investigaciones correspondientes al caso.<\/p>\n","protected":false},"excerpt":{"rendered":"<p>Un petardo estall\u00f3 en la estaci\u00f3n del Metro Bellas, dejando al menos cuatro personas lesionadas, entre ellos un menor de edad. La detonaci\u00f3n caus\u00f3 p\u00e1nico entre las personas que caminaban en el pasillo cerca de la salida a Eje Central.<\/p>\n","protected":false},"author":3,"featured_media":132565,"comment_status":"open","ping_status":"open","sticky":false,"template":"","format":"standard","meta":{"_monsterinsights_skip_tracking":false,"_monsterinsights_sitenote_active":false,"_monsterinsights_sitenote_note":"","_monsterinsights_sitenote_category":0,"footnotes":""},"categories":[6],"tags":[17340,204,163,1889],"class_list":["post-132492","post","type-post","status-publish","format-standard","has-post-thumbnail","hentry","category-cd-de-mexico","tag-bellas-artes","tag-ciudad-de-mexico","tag-metro","tag-sistema-de-transporte-colectivo"],"_links":{"self":[{"href":"https:\/\/www.diarioimagen.net\/index.php?rest_route=\/wp\/v2\/posts\/132492","targetHints":{"allow":["GET"]}}],"collection":[{"href":"https:\/\/www.diarioimagen.net\/index.php?rest_route=\/wp\/v2\/posts"}],"about":[{"href":"https:\/\/www.diarioimagen.net\/index.php?rest_route=\/wp\/v2\/types\/post"}],"author":[{"embeddable":true,"href":"https:\/\/www.diarioimagen.net\/index.php?rest_route=\/wp\/v2\/users\/3"}],"replies":[{"embeddable":true,"href":"https:\/\/www.diarioimagen.net\/index.php?rest_route=%2Fwp%2Fv2%2Fcomments&post=132492"}],"version-history":[{"count":0,"href":"https:\/\/www.diarioimagen.net\/index.php?rest_route=\/wp\/v2\/posts\/132492\/revisions"}],"wp:featuredmedia":[{"embeddable":true,"href":"https:\/\/www.diarioimagen.net\/index.php?rest_route=\/wp\/v2\/media\/132565"}],"wp:attachment":[{"href":"https:\/\/www.diarioimagen.net\/index.php?rest_route=%2Fwp%2Fv2%2Fmedia&parent=132492"}],"wp:term":[{"taxonomy":"category","embeddable":true,"href":"https:\/\/www.diarioimagen.net\/index.php?rest_route=%2Fwp%2Fv2%2Fcategories&post=132492"},{"taxonomy":"post_tag","embeddable":true,"href":"https:\/\/www.diarioimagen.net\/index.php?rest_route=%2Fwp%2Fv2%2Ftags&post=132492"}],"curies":[{"name":"wp","href":"https:\/\/api.w.org\/{rel}","templated":true}]}}