{"id":132632,"date":"2013-05-21T00:05:16","date_gmt":"2013-05-21T05:05:16","guid":{"rendered":"http:\/\/www.diarioimagen.net\/?p=132632"},"modified":"2013-05-22T02:55:54","modified_gmt":"2013-05-22T07:55:54","slug":"el-pnd-transformara-al-pais-senala-enrique-pena-nieto","status":"publish","type":"post","link":"https:\/\/www.diarioimagen.net\/?p=132632","title":{"rendered":"El PND transformar\u00e1 al pa\u00eds, se\u00f1ala Enrique Pe\u00f1a Nieto"},"content":{"rendered":"<ul>\n<li><em><strong>El plan identifica obst\u00e1culos que frenan el desarrollo, establece prioridades y define pol\u00edticas y reformas para cambiar a la naci\u00f3n<\/strong><\/em><\/li>\n<\/ul>\n<p>&nbsp;<\/p>\n<h6><b>Roberto Vizca\u00edno<\/b><\/h6>\n<p>&nbsp;<\/p>\n<div id=\"attachment_132633\" style=\"width: 250px\" class=\"wp-caption alignleft\"><a href=\"http:\/\/www.diarioimagen.net\/wp-content\/uploads\/2013\/05\/epn-2102.jpg\"><img loading=\"lazy\" decoding=\"async\" aria-describedby=\"caption-attachment-132633\" class=\"size-medium wp-image-132633\" alt=\"El presidente Enrique Pe\u00f1a Nieto.\" src=\"http:\/\/www.diarioimagen.net\/wp-content\/uploads\/2013\/05\/epn-2102-240x135.jpg\" width=\"240\" height=\"135\" srcset=\"https:\/\/www.diarioimagen.net\/wp-content\/uploads\/2013\/05\/epn-2102-240x135.jpg 240w, https:\/\/www.diarioimagen.net\/wp-content\/uploads\/2013\/05\/epn-2102-420x236.jpg 420w, https:\/\/www.diarioimagen.net\/wp-content\/uploads\/2013\/05\/epn-2102-235x132.jpg 235w, https:\/\/www.diarioimagen.net\/wp-content\/uploads\/2013\/05\/epn-2102-202x114.jpg 202w, https:\/\/www.diarioimagen.net\/wp-content\/uploads\/2013\/05\/epn-2102-350x196.jpg 350w, https:\/\/www.diarioimagen.net\/wp-content\/uploads\/2013\/05\/epn-2102-220x123.jpg 220w, https:\/\/www.diarioimagen.net\/wp-content\/uploads\/2013\/05\/epn-2102-237x132.jpg 237w, https:\/\/www.diarioimagen.net\/wp-content\/uploads\/2013\/05\/epn-2102.jpg 480w\" sizes=\"auto, (max-width: 240px) 100vw, 240px\" \/><\/a><p id=\"caption-attachment-132633\" class=\"wp-caption-text\">El presidente Enrique Pe\u00f1a Nieto.<\/p><\/div>\n<p>Al presentar ayer el Plan Nacional de Desarrollo 2013-2018, el presidente Enrique Pe\u00f1a Nieto advirti\u00f3 que en M\u00e9xico est\u00e1 la oportunidad hist\u00f3rica de una profunda transformaci\u00f3n nacional que detone su desarrollo durante las pr\u00f3ximas d\u00e9cadas y exhort\u00f3 a los mexicanos a unirse para remover las dificultades y los obst\u00e1culos que limitan este objetivo porque, dijo, \u201ctenemos que actuar con unidad, visi\u00f3n y corresponsabilidad, ya que tenemos todav\u00eda un largo camino que recorrer\u201d.<\/p>\n<p>Desde el patio central de Palacio Nacional, acompa\u00f1ado por su esposa Ang\u00e9lica Rivera, y rodeado de los representantes de las c\u00e1maras de Diputados y Senadores; los gobernadores, el jefe de gobierno del Distrito Federal, as\u00ed como de los integrantes de su Gabinete Legal y Ampliado, e invitados especiales, el mandatario federal indic\u00f3:<\/p>\n<p>\u201cTodo est\u00e1 puesto para que el pa\u00eds alcance la paz, la inclusi\u00f3n y la prosperidad\u2026 es una oportunidad que no podemos dejar pasar; miles de mujeres y hombres participaron en cada estado de la Rep\u00fablica en la elaboraci\u00f3n de este Plan Nacional de Desarrollo que guiar\u00e1 nuestros esfuerzos como pa\u00eds durante los pr\u00f3ximos a\u00f1os.<\/p>\n<p>\u201cHoy sabemos qu\u00e9 hacer y d\u00f3nde ir\u2026 Hoy, tenemos una hoja de ruta para caminar juntos hacia un nuevo destino\u2026 es, desde ahora, la estrategia para construir una sociedad de derechos y llevar a M\u00e9xico a su m\u00e1ximo potencial.<\/p>\n<p>\u201cConducir esta transformaci\u00f3n es mi responsabilidad; hacerlo en democracia, es mi obligaci\u00f3n ineludible. Vamos a un\u00a0gobierno eficaz\u2026<\/p>\n<p>\u201cEste no es un plan para administrar la coyuntura o las circunstancias. Es un plan para hacer cambios de fondo. De hecho, los cambios inician en el documento mismo. Por primera vez el pa\u00eds tiene un plan con indicadores espec\u00edficos, medibles en su \u00a0avance y objetivos, una innovaci\u00f3n importante, acorde a nuestra democracia y las exigencias de una sociedad m\u00e1s informada y participativa\u2026<\/p>\n<p>\u201cEs un plan para mover a M\u00e9xico\u2026 lograrlo es una tarea que nos corresponde a todos: a los actores pol\u00edticos, a los sectores econ\u00f3micos, a la sociedad en su conjunto\u201d, subray\u00f3.<\/p>\n<p>Reconoci\u00f3 luego que este Plan Nacional de Desarrollo le permitir\u00e1 a los mexicanos avanzar en la construcci\u00f3n de una Naci\u00f3n exitosa, que se posiciona y es reconocida en el mundo como una potencia emergente.<\/p>\n<p style=\"text-align: center;\"><b>A LA MANO DE TODOS<\/b><\/p>\n<p>En su intervenci\u00f3n previa, el secretario de Hacienda Luis Videgaray indic\u00f3 que de acuerdo a la normatividad, el Plan Nacional de Desarrollo 2013-2018 fue publicado ayer en el <i>Diario Oficial<\/i>, y se encuentra para su consulta abierta en la p\u00e1gina de internet: http:\/\/www.\u00adpnd.gob\/.mx.<\/p>\n<p>Explic\u00f3 de igual forma que de este plan se desprender\u00e1n 41 programas sectoriales y transversales y que su elaboraci\u00f3n requiri\u00f3 de una amplia consulta que recibi\u00f3 las aportaciones de 228 mil 949 participaciones.<\/p>\n<p>Adem\u00e1s, dijo, se realizaron 397 otras muchas consultas en 5 foros nacionales, 7 foros especiales, 32 foros estatales, 231 paneles de discusi\u00f3n y 122 mesas sectoriales, as\u00ed como un sondeo por Internet, en el que participaron m\u00e1s de 109 mil ciudadanas y ciudadanos, de los cuales, m\u00e1s de la mitad fueron j\u00f3venes menores de 30 a\u00f1os de edad.<\/p>\n<p style=\"text-align: center;\"><b>RESCATA LAS 5 METAS<\/b><\/p>\n<p>El presidente Pe\u00f1a Nieto indic\u00f3 por su parte que el Plan Nacional de Desarrollo tambi\u00e9n rescata las cinco grandes metas nacionales propuestas por a la sociedad para elevar la calidad de vida de las familias mexicanas.<\/p>\n<p>Primera meta. Lograr un M\u00e9xico en paz donde se garantice el avance de la democracia, la gobernabilidad y la seguridad de la poblaci\u00f3n.<\/p>\n<p>El PND destaca el di\u00e1logo y la construcci\u00f3n de acuerdos, como la v\u00eda para fortalecer las instituciones, promover la formaci\u00f3n de ciudadan\u00eda y asegurar el respeto a la protecci\u00f3n de los derechos humanos.<\/p>\n<p>Impulsa un federalismo articulado para brindar mejores resultados a la sociedad, sumando el esfuerzo de todas y cada una de las partes que integran la Rep\u00fablica.<\/p>\n<p>En materia de seguridad, la prioridad es reducir la violencia, abatiendo los delitos que m\u00e1s afectan a las familias, mediante la prevenci\u00f3n del crimen y la transformaci\u00f3n institucional de las fuerzas de seguridad y de procuraci\u00f3n de justicia.<\/p>\n<p>Segunda meta. Lograr un M\u00e9xico incluyente. El plan se fija como objetivo hacer realidad un pa\u00eds donde se asegure el ejercicio efectivo de los derechos sociales.<\/p>\n<p>Un M\u00e9xico incluyente implica erradicar el hambre, cerrar las brechas de desigualdad y proveer a todos los mexicanos de condiciones b\u00e1sicas de bienestar, comenzando por servicios de salud de calidad. Especialmente, hace \u00e9nfasis en la creaci\u00f3n de una red de protecci\u00f3n que garantice la seguridad social de todos los habitantes de nuestro pa\u00eds.<\/p>\n<p>Tercera meta. Construir un M\u00e9xico con educaci\u00f3n de calidad.<\/p>\n<p>El plan busca asegurar el desarrollo integral de nuestros ni\u00f1os y j\u00f3venes para que su preparaci\u00f3n les permita triunfar el mundo cada vez m\u00e1s competitivo.<\/p>\n<p>El documento que presentamos impulsa pol\u00edticas educativas, para que lo ense\u00f1ado en las aulas sean los conocimientos y las competencias que requieren los ciudadanos del siglo XXI.<\/p>\n<p>Igualmente, dijo, promover\u00e1 una mayor y m\u00e1s efectiva inversi\u00f3n en ciencia y tecnolog\u00eda, as\u00ed como nuestra capacidad para innovar productos y servicios con alto valor agregado.<\/p>\n<p>Cuarta meta. Impulsar un M\u00e9xico pr\u00f3spero.<\/p>\n<p>El plan establece, precis\u00f3, como prioridad de la pol\u00edtica econ\u00f3mica, elevar el crecimiento y que esto se refleje en los bolsillos de todos los mexicanos.<\/p>\n<p>Para ello, es requisito indispensable mantener la estabilidad macro y asegurar un dinamismo econ\u00f3mico sostenido y sustentable.<\/p>\n<p>En este prop\u00f3sito ser\u00e1 crucial la construcci\u00f3n de infraestructura y alentar el acceso de los mexicanos, en especial de las micro, peque\u00f1as y medianas empresas a insumos estrat\u00e9gicos, como las telecomunicaciones, los energ\u00e9ticos y el cr\u00e9dito bancario.<\/p>\n<p>Asimismo, esta meta requiere condiciones favorables para el desarrollo econ\u00f3mico, a trav\u00e9s de una mejor regulaci\u00f3n, mayor competencia entre las empresas, y el dise\u00f1o de modernas pol\u00edticas de fomento al campo, al turismo y a la industria.<\/p>\n<p>Y Quinta meta. Consolidar un M\u00e9xico con responsabilidad global.<\/p>\n<p>\u201cEl plan propone acciones para proyectar a nuestro pa\u00eds como una naci\u00f3n que defiende el derecho internacional, que promueve el libre comercio y es solidaria con los distintos pueblos del mundo.<\/p>\n<p>\u201cPara que M\u00e9xico alcance su m\u00e1ximo potencial, adem\u00e1s de las cinco metas nacionales, el plan establece tres estrategias transversales:<\/p>\n<p>\u201cEn primer lugar. Democratizar la productividad. Es decir, implementar pol\u00edticas p\u00fablicas para que los diversos sectores de nuestra sociedad se modernicen y se transformen, a fin de generar m\u00e1s valor por su trabajo. Establece incentivos para integrar a los mexicanos a la econom\u00eda formal y alentar un uso m\u00e1s eficiente de los recursos productivos.<\/p>\n<p>\u201cDemocratizar la productividad significa, en concreto, que haya oportunidades de desarrollo para todas las regiones, sectores econ\u00f3micos y grupos de la poblaci\u00f3n.<\/p>\n<p>\u201cSegunda estrategia transversal. Un gobierno cercano y moderno. Estamos decididos a ser un gobierno eficiente, eficaz, al servicio de toda la sociedad mexicana, coment\u00f3. Estoy convencido de que la relaci\u00f3n entre el gobierno y los ciudadanos tiene que ser \u00e1gil, sencilla y oportuna.<\/p>\n<p>\u201cY, finalmente, la tercera estrategia en este orden transversal, es incorporar la perspectiva de g\u00e9nero en las acciones de gobierno. Todas las dependencias y organismos p\u00fablicos promover\u00e1n la igualdad entre mujeres y hombres.<\/p>\n<p>\u201cEsto significa que lejos de tener un programa, un s\u00f3lo programa a favor de la equidad, todas las pol\u00edticas p\u00fablicas habr\u00e1n de impulsar la equidad de g\u00e9nero. Es decir, el gobierno de la Rep\u00fablica asegurar\u00e1 de manera permanente que las diferencias de g\u00e9nero no sean causa de exclusi\u00f3n o de discriminaci\u00f3n.<\/p>\n<p>\u201cEl caso es que hoy, contamos con un plan para lograr las metas trazadas. Comencemos de inmediato a dar los pasos, o a dar los siguientes pasos. Es momento de actuar por M\u00e9xico y es tiempo de mover a M\u00e9xico\u201d, concluy\u00f3.<\/p>\n","protected":false},"excerpt":{"rendered":"<p>Al presentar ayer el Plan Nacional de Desarrollo 2013-2018, el presidente Enrique Pe\u00f1a Nieto advirti\u00f3 que en M\u00e9xico est\u00e1 la oportunidad hist\u00f3rica de una profunda transformaci\u00f3n nacional que detone su desarrollo durante las pr\u00f3ximas d\u00e9cadas y exhort\u00f3 a los mexicanos a unirse para remover las dificultades y los obst\u00e1culos que limitan este objetivo porque, dijo, \u201ctenemos que actuar con unidad, visi\u00f3n y corresponsabilidad, ya que tenemos todav\u00eda un largo camino que recorrer\u201d.<\/p>\n","protected":false},"author":1,"featured_media":132633,"comment_status":"open","ping_status":"open","sticky":false,"template":"","format":"standard","meta":{"_monsterinsights_skip_tracking":false,"_monsterinsights_sitenote_active":false,"_monsterinsights_sitenote_note":"","_monsterinsights_sitenote_category":0,"footnotes":""},"categories":[17,3],"tags":[18,43673,25488],"class_list":["post-132632","post","type-post","status-publish","format-standard","has-post-thumbnail","hentry","category-especiales","category-nacional","tag-enrique-pena-nieto","tag-nacional","tag-pacto-por-mexico"],"_links":{"self":[{"href":"https:\/\/www.diarioimagen.net\/index.php?rest_route=\/wp\/v2\/posts\/132632","targetHints":{"allow":["GET"]}}],"collection":[{"href":"https:\/\/www.diarioimagen.net\/index.php?rest_route=\/wp\/v2\/posts"}],"about":[{"href":"https:\/\/www.diarioimagen.net\/index.php?rest_route=\/wp\/v2\/types\/post"}],"author":[{"embeddable":true,"href":"https:\/\/www.diarioimagen.net\/index.php?rest_route=\/wp\/v2\/users\/1"}],"replies":[{"embeddable":true,"href":"https:\/\/www.diarioimagen.net\/index.php?rest_route=%2Fwp%2Fv2%2Fcomments&post=132632"}],"version-history":[{"count":0,"href":"https:\/\/www.diarioimagen.net\/index.php?rest_route=\/wp\/v2\/posts\/132632\/revisions"}],"wp:featuredmedia":[{"embeddable":true,"href":"https:\/\/www.diarioimagen.net\/index.php?rest_route=\/wp\/v2\/media\/132633"}],"wp:attachment":[{"href":"https:\/\/www.diarioimagen.net\/index.php?rest_route=%2Fwp%2Fv2%2Fmedia&parent=132632"}],"wp:term":[{"taxonomy":"category","embeddable":true,"href":"https:\/\/www.diarioimagen.net\/index.php?rest_route=%2Fwp%2Fv2%2Fcategories&post=132632"},{"taxonomy":"post_tag","embeddable":true,"href":"https:\/\/www.diarioimagen.net\/index.php?rest_route=%2Fwp%2Fv2%2Ftags&post=132632"}],"curies":[{"name":"wp","href":"https:\/\/api.w.org\/{rel}","templated":true}]}}